{"id":128832,"date":"2026-04-29T07:31:09","date_gmt":"2026-04-29T10:31:09","guid":{"rendered":"https:\/\/noticiasbahia360.com.br\/?p=128832"},"modified":"2026-04-29T07:31:09","modified_gmt":"2026-04-29T10:31:09","slug":"taxistas-pedem-ao-governo-federal-linha-de-credito-para-renovacao-de-frota","status":"publish","type":"post","link":"https:\/\/noticiasbahia360.com.br\/?p=128832","title":{"rendered":"Taxistas pedem ao Governo Federal linha de cr\u00e9dito para renova\u00e7\u00e3o de frota"},"content":{"rendered":"<div>\n<div>\n<figure><img decoding=\"async\" src=\"http:\/\/noticiasbahia360.com.br\/wp-content\/uploads\/2026\/04\/taxis_edsantos_acordacidade.jpeg\" alt=\"taxistas Vistoria pick-up como t\u00e1xi\"><figcaption>Foto: Ed Santos\/Acorda Cidade<\/figcaption><\/figure>\n<\/div>\n<p>Ag\u00eancia Brasil \u2013 <strong>Representantes de sindicatos de taxistas pediram nesta ter\u00e7a-feira (28) ao ministro do Trabalho e Emprego (MTE), Luiz Marinho, a cria\u00e7\u00e3o de uma linha de cr\u00e9dito, por meio do Fundo de Amparo ao Trabalhador (FAT), destinada \u00e0 renova\u00e7\u00e3o da frota de ve\u00edculos.\u00a0<\/strong><img decoding=\"async\" src=\"https:\/\/agenciabrasil.ebc.com.br\/ebc.png?id=1687590&amp;o=node\"><img decoding=\"async\" src=\"https:\/\/agenciabrasil.ebc.com.br\/ebc.gif?id=1687590&amp;o=node\"><\/p>\n<p>O encontro teve participa\u00e7\u00e3o de parlamentares ligados \u00e0 categoria.\u00a0<strong>O ministro afirmou em nota que o tema \u00e9 analisado pelo governo<\/strong>, que alinha a discuss\u00e3o com os esfor\u00e7os para a consolida\u00e7\u00e3o de um pacote contra o endividamento, o novo\u00a0Desenrola Brasil.\u00a0<\/p>\n<blockquote class=\"wp-block-quote is-layout-flow wp-block-quote-is-layout-flow\">\n<p>\u201cO presidente Lula j\u00e1 vem estimulando a cria\u00e7\u00e3o de uma linha de cr\u00e9dito para os taxistas\u201d, frisou Marinho.\u00a0<\/p>\n<\/blockquote>\n<p>O ministro participa nesta quarta-feira (29) da Reuni\u00e3o Ordin\u00e1ria do Conselho Deliberativo do FAT. A \u00fanica pauta divulgada do encontro \u00e9 a presta\u00e7\u00e3o de contas das movimenta\u00e7\u00f5es de 2025.<\/p>\n<p>A estimativa dos sindicatos \u00e9 de que haja cerca de 600 mil taxistas no pa\u00eds. Em 2022 foi feito levantamento para distribui\u00e7\u00e3o de aux\u00edlio excepcional aos taxistas afetados pela pandemia, atendendo cerca de 250 mil trabalhadores.\u00a0<\/p>\n<p>Participaram da audi\u00eancia dirigentes e representantes de sindicatos do Rio de Janeiro, Alagoas, Paran\u00e1, S\u00e3o Paulo, Distrito Federal, Cear\u00e1, Santa Catarina e Pernambuco.<\/p>\n<p><em>Siga o Acorda Cidade no<\/em><a href=\"https:\/\/news.google.com\/search?q=acorda%20cidade&amp;hl=pt-BR&amp;gl=BR&amp;ceid=BR%3Apt-419\"><strong><em>\u00a0Google Not\u00edcias<\/em><\/strong><\/a><em>\u00a0e receba os principais destaques do dia. Participe tamb\u00e9m dos nossos canais no\u00a0<\/em><a href=\"https:\/\/www.whatsapp.com\/channel\/0029Va6Rb4v3WHTNnsh8WI3N\"><strong><em>WhatsApp<\/em><\/strong><\/a><em>\u00a0e\u00a0<\/em><a href=\"https:\/\/www.youtube.com\/@acordacidadenoticias\/videos\"><strong>YouTube<\/strong><\/a><em>\u00a0e grupo de\u00a0<\/em><a href=\"https:\/\/t.me\/+sSz0khrgARA0ZmRh\"><strong><em>Telegram<\/em><\/strong><\/a><em>.<\/em><\/p>\n<\/div>\n","protected":false},"excerpt":{"rendered":"<div>\n<div>\n<figure><img decoding=\"async\" src=\"https:\/\/www.acordacidade.com.br\/wp-content\/uploads\/2023\/10\/17105129\/taxis_edsantos_acordacidade.jpeg\" alt=\"taxistas Vistoria pick-up como t\u00e1xi\"><figcaption>Foto: Ed Santos\/Acorda Cidade<\/figcaption><\/figure>\n<\/div>\n<p>A estimativa dos sindicatos \u00e9 de que haja cerca de 600 mil taxistas no pa\u00eds.<\/p><\/div>\n","protected":false},"author":1,"featured_media":128833,"comment_status":"closed","ping_status":"closed","sticky":false,"template":"","format":"gallery","meta":{"footnotes":""},"categories":[8,9,6,57,56,10],"tags":[],"class_list":["post-128832","post","type-post","status-publish","format-gallery","has-post-thumbnail","hentry","category-bahia","category-brasil","category-feira-de-santana","category-mundo","category-policia","category-politica","post_format-post-format-gallery"],"featured_image_urls":{"full":["https:\/\/noticiasbahia360.com.br\/wp-content\/uploads\/2026\/04\/taxis_edsantos_acordacidade.jpeg",640,360,false],"thumbnail":["https:\/\/noticiasbahia360.com.br\/wp-content\/uploads\/2026\/04\/taxis_edsantos_acordacidade-150x150.jpeg",150,150,true],"medium":["https:\/\/noticiasbahia360.com.br\/wp-content\/uploads\/2026\/04\/taxis_edsantos_acordacidade-300x169.jpeg",300,169,true],"medium_large":["https:\/\/noticiasbahia360.com.br\/wp-content\/uploads\/2026\/04\/taxis_edsantos_acordacidade.jpeg",640,360,false],"large":["https:\/\/noticiasbahia360.com.br\/wp-content\/uploads\/2026\/04\/taxis_edsantos_acordacidade.jpeg",640,360,false],"1536x1536":["https:\/\/noticiasbahia360.com.br\/wp-content\/uploads\/2026\/04\/taxis_edsantos_acordacidade.jpeg",640,360,false],"2048x2048":["https:\/\/noticiasbahia360.com.br\/wp-content\/uploads\/2026\/04\/taxis_edsantos_acordacidade.jpeg",640,360,false],"chromenews-featured":["https:\/\/noticiasbahia360.com.br\/wp-content\/uploads\/2026\/04\/taxis_edsantos_acordacidade.jpeg",640,360,false],"chromenews-large":["https:\/\/noticiasbahia360.com.br\/wp-content\/uploads\/2026\/04\/taxis_edsantos_acordacidade.jpeg",640,360,false],"chromenews-medium":["https:\/\/noticiasbahia360.com.br\/wp-content\/uploads\/2026\/04\/taxis_edsantos_acordacidade-590x360.jpeg",590,360,true]},"author_info":{"display_name":"noticiasbahia360.com.br","author_link":"https:\/\/noticiasbahia360.com.br\/?author=1"},"category_info":"<a href=\"https:\/\/noticiasbahia360.com.br\/?cat=8\" rel=\"category\">Bahia<\/a> <a href=\"https:\/\/noticiasbahia360.com.br\/?cat=9\" rel=\"category\">Brasil<\/a> <a href=\"https:\/\/noticiasbahia360.com.br\/?cat=6\" rel=\"category\">Feira de Santana<\/a> <a href=\"https:\/\/noticiasbahia360.com.br\/?cat=57\" rel=\"category\">Mundo<\/a> <a href=\"https:\/\/noticiasbahia360.com.br\/?cat=56\" rel=\"category\">Pol\u00edcia<\/a> <a href=\"https:\/\/noticiasbahia360.com.br\/?cat=10\" rel=\"category\">Pol\u00edtica<\/a>","tag_info":"Pol\u00edtica","comment_count":"0","_links":{"self":[{"href":"https:\/\/noticiasbahia360.com.br\/index.php?rest_route=\/wp\/v2\/posts\/128832","targetHints":{"allow":["GET"]}}],"collection":[{"href":"https:\/\/noticiasbahia360.com.br\/index.php?rest_route=\/wp\/v2\/posts"}],"about":[{"href":"https:\/\/noticiasbahia360.com.br\/index.php?rest_route=\/wp\/v2\/types\/post"}],"author":[{"embeddable":true,"href":"https:\/\/noticiasbahia360.com.br\/index.php?rest_route=\/wp\/v2\/users\/1"}],"replies":[{"embeddable":true,"href":"https:\/\/noticiasbahia360.com.br\/index.php?rest_route=%2Fwp%2Fv2%2Fcomments&post=128832"}],"version-history":[{"count":0,"href":"https:\/\/noticiasbahia360.com.br\/index.php?rest_route=\/wp\/v2\/posts\/128832\/revisions"}],"wp:featuredmedia":[{"embeddable":true,"href":"https:\/\/noticiasbahia360.com.br\/index.php?rest_route=\/wp\/v2\/media\/128833"}],"wp:attachment":[{"href":"https:\/\/noticiasbahia360.com.br\/index.php?rest_route=%2Fwp%2Fv2%2Fmedia&parent=128832"}],"wp:term":[{"taxonomy":"category","embeddable":true,"href":"https:\/\/noticiasbahia360.com.br\/index.php?rest_route=%2Fwp%2Fv2%2Fcategories&post=128832"},{"taxonomy":"post_tag","embeddable":true,"href":"https:\/\/noticiasbahia360.com.br\/index.php?rest_route=%2Fwp%2Fv2%2Ftags&post=128832"}],"curies":[{"name":"wp","href":"https:\/\/api.w.org\/{rel}","templated":true}]}}