{"id":128838,"date":"2026-04-29T07:41:31","date_gmt":"2026-04-29T10:41:31","guid":{"rendered":"https:\/\/noticiasbahia360.com.br\/?p=128838"},"modified":"2026-04-29T07:41:31","modified_gmt":"2026-04-29T10:41:31","slug":"governo-injeta-r-330-milhoes-para-evitar-alta-do-gas-de-cozinha","status":"publish","type":"post","link":"https:\/\/noticiasbahia360.com.br\/?p=128838","title":{"rendered":"Governo injeta R$ 330 milh\u00f5es para evitar alta do g\u00e1s de cozinha"},"content":{"rendered":"<div>\n<div>\n<figure><img decoding=\"async\" src=\"http:\/\/noticiasbahia360.com.br\/wp-content\/uploads\/2026\/04\/botijao-gas-de-cozinha-Acelen-foto-Ed-Santos-Acorda-Cidade-1-2.jpg\" alt=\"g\u00e1s de cozinha\"><figcaption>Foto: Ed Santos \/ Acorda Cidade <\/figcaption><\/figure>\n<\/div>\n<p>Ag\u00eancia Brasil \u2013 Uma\u00a0medida provis\u00f3ria\u00a0publicada na ter\u00e7a-feira (28) abre cr\u00e9dito extraordin\u00e1rio de R$ 330 milh\u00f5es para subsidiar a importa\u00e7\u00e3o de g\u00e1s de cozinha, em meio \u00e0 alta dos pre\u00e7os provocada pelo cen\u00e1rio internacional.<img decoding=\"async\" src=\"https:\/\/agenciabrasil.ebc.com.br\/ebc.png?id=1687575&amp;o=node\"><img decoding=\"async\" src=\"https:\/\/agenciabrasil.ebc.com.br\/ebc.gif?id=1687575&amp;o=node\"><\/p>\n<p>O recurso ser\u00e1 usado para\u00a0garantir que o g\u00e1s liquefeito de petr\u00f3leo (GLP) importado seja vendido no Brasil pelo mesmo pre\u00e7o do produto nacional,\u00a0evitando repasses mais elevados ao consumidor final.<\/p>\n<p>A medida faz parte de um\u00a0pacote anunciado no in\u00edcio de abril\u00a0para conter os impactos da guerra no Oriente M\u00e9dio sobre os combust\u00edveis.\u00a0O conflito elevou o pre\u00e7o do petr\u00f3leo no mercado internacional, o que pressiona diretamente o custo do g\u00e1s e do transporte.<\/p>\n<p>Na ocasi\u00e3o, o governo anunciou um subs\u00eddio de R$ 850 por tonelada para o produto importado. A medida busca equiparar o pre\u00e7o ao GLP nacional e reduzir o impacto no custo do g\u00e1s de cozinha, especialmente para fam\u00edlias de baixa renda.<\/p>\n<h2 class=\"wp-block-heading\" id=\"h-compensacao\">Compensa\u00e7\u00e3o<\/h2>\n<p>Na pr\u00e1tica, o subs\u00eddio funciona como uma compensa\u00e7\u00e3o: o governo cobre parte do custo da importa\u00e7\u00e3o para que distribuidoras n\u00e3o precisem repassar integralmente a alta ao consumidor.<\/p>\n<p>Segundo o Pal\u00e1cio do Planalto, o objetivo \u00e9 proteger o or\u00e7amento das fam\u00edlias, especialmente as de baixa renda, que s\u00e3o mais afetadas por aumentos no pre\u00e7o do botij\u00e3o.<\/p>\n<p>A subven\u00e7\u00e3o vale, inicialmente, para o per\u00edodo de 1\u00ba de abril a 31 de maio, podendo ser prorrogada por mais dois meses, dependendo da evolu\u00e7\u00e3o dos pre\u00e7os no mercado internacional.<\/p>\n<h2 class=\"wp-block-heading\" id=\"h-meta-fiscal\">Meta fiscal<\/h2>\n<p>Segundo as regras atuais, cr\u00e9ditos extraordin\u00e1rios est\u00e3o fora do limite de gastos do arcabou\u00e7o fiscal, mas est\u00e3o\u00a0inclu\u00eddos na meta de resultado prim\u00e1rio (resultado das contas do governo sem os juros da d\u00edvida p\u00fablica).<\/p>\n<p>Para este ano, a Lei de Diretrizes Or\u00e7ament\u00e1rias (LDO) estipula super\u00e1vit prim\u00e1rio de R$ 34,3 bilh\u00f5es (0,25% do Produto Interno Bruto), podendo variar de resultado zero (nem d\u00e9ficit nem super\u00e1vit) a resultado positivo de R$ 68,6 bilh\u00f5es (0,5% do PIB).<\/p>\n<h2 class=\"wp-block-heading\" id=\"h-importacao\">Importa\u00e7\u00e3o<\/h2>\n<p>O Brasil importa cerca de 20% do g\u00e1s de cozinha consumido no pa\u00eds, o que torna o produto sens\u00edvel a varia\u00e7\u00f5es externas, como o pre\u00e7o do petr\u00f3leo e custos log\u00edsticos.<\/p>\n<p>Al\u00e9m da guerra, o governo aponta outros fatores para a alta recente do GLP, como o encarecimento do transporte de cargas e a valoriza\u00e7\u00e3o dos pre\u00e7os internacionais do g\u00e1s.<\/p>\n<p>A medida provis\u00f3ria tamb\u00e9m se conecta a programas sociais j\u00e1 existentes, como iniciativas de apoio \u00e0 compra de g\u00e1s por fam\u00edlias de baixa renda, e pode influenciar o valor de refer\u00eancia usado nesses benef\u00edcios.<\/p>\n<p>Com a iniciativa, o governo tenta reduzir a volatilidade dos pre\u00e7os em um momento de incerteza global, evitando que oscila\u00e7\u00f5es externas tenham impacto direto e imediato no custo de vida da popula\u00e7\u00e3o.<\/p>\n<p><em>Siga o Acorda Cidade no<\/em><a href=\"https:\/\/news.google.com\/search?q=acorda%20cidade&amp;hl=pt-BR&amp;gl=BR&amp;ceid=BR%3Apt-419\"><strong><em>\u00a0Google Not\u00edcias<\/em><\/strong><\/a><em>\u00a0e receba os principais destaques do dia. Participe tamb\u00e9m dos nossos canais no\u00a0<\/em><a href=\"https:\/\/www.whatsapp.com\/channel\/0029Va6Rb4v3WHTNnsh8WI3N\"><strong><em>WhatsApp<\/em><\/strong><\/a><em>\u00a0e\u00a0<\/em><a href=\"https:\/\/www.youtube.com\/@acordacidadenoticias\/videos\"><strong>YouTube<\/strong><\/a><em>\u00a0e grupo de\u00a0<\/em><a href=\"https:\/\/t.me\/+sSz0khrgARA0ZmRh\"><strong><em>Telegram<\/em><\/strong><\/a><em>.<\/em><\/p>\n<\/div>\n","protected":false},"excerpt":{"rendered":"<div>\n<div>\n<figure><img decoding=\"async\" src=\"https:\/\/uploads.acordacidade.com.br\/2026\/04\/botijao-gas-de-cozinha-Acelen-foto-Ed-Santos-Acorda-Cidade-.jpg\" alt=\"g\u00e1s de cozinha\"><figcaption>Foto: Ed Santos \/ Acorda Cidade <\/figcaption><\/figure>\n<\/div>\n<p>O recurso ser\u00e1 usado para\u00a0garantir que o g\u00e1s importado seja vendido no Brasil pelo mesmo pre\u00e7o do produto nacional.<\/p><\/div>\n","protected":false},"author":1,"featured_media":128839,"comment_status":"closed","ping_status":"closed","sticky":false,"template":"","format":"gallery","meta":{"footnotes":""},"categories":[8,9,6,57,56,10],"tags":[],"class_list":["post-128838","post","type-post","status-publish","format-gallery","has-post-thumbnail","hentry","category-bahia","category-brasil","category-feira-de-santana","category-mundo","category-policia","category-politica","post_format-post-format-gallery"],"featured_image_urls":{"full":["https:\/\/noticiasbahia360.com.br\/wp-content\/uploads\/2026\/04\/botijao-gas-de-cozinha-Acelen-foto-Ed-Santos-Acorda-Cidade-1-2.jpg",1200,675,false],"thumbnail":["https:\/\/noticiasbahia360.com.br\/wp-content\/uploads\/2026\/04\/botijao-gas-de-cozinha-Acelen-foto-Ed-Santos-Acorda-Cidade-1-2-150x150.jpg",150,150,true],"medium":["https:\/\/noticiasbahia360.com.br\/wp-content\/uploads\/2026\/04\/botijao-gas-de-cozinha-Acelen-foto-Ed-Santos-Acorda-Cidade-1-2-300x169.jpg",300,169,true],"medium_large":["https:\/\/noticiasbahia360.com.br\/wp-content\/uploads\/2026\/04\/botijao-gas-de-cozinha-Acelen-foto-Ed-Santos-Acorda-Cidade-1-2-768x432.jpg",640,360,true],"large":["https:\/\/noticiasbahia360.com.br\/wp-content\/uploads\/2026\/04\/botijao-gas-de-cozinha-Acelen-foto-Ed-Santos-Acorda-Cidade-1-2-1024x576.jpg",640,360,true],"1536x1536":["https:\/\/noticiasbahia360.com.br\/wp-content\/uploads\/2026\/04\/botijao-gas-de-cozinha-Acelen-foto-Ed-Santos-Acorda-Cidade-1-2.jpg",1200,675,false],"2048x2048":["https:\/\/noticiasbahia360.com.br\/wp-content\/uploads\/2026\/04\/botijao-gas-de-cozinha-Acelen-foto-Ed-Santos-Acorda-Cidade-1-2.jpg",1200,675,false],"chromenews-featured":["https:\/\/noticiasbahia360.com.br\/wp-content\/uploads\/2026\/04\/botijao-gas-de-cozinha-Acelen-foto-Ed-Santos-Acorda-Cidade-1-2-1024x576.jpg",1024,576,true],"chromenews-large":["https:\/\/noticiasbahia360.com.br\/wp-content\/uploads\/2026\/04\/botijao-gas-de-cozinha-Acelen-foto-Ed-Santos-Acorda-Cidade-1-2-825x575.jpg",825,575,true],"chromenews-medium":["https:\/\/noticiasbahia360.com.br\/wp-content\/uploads\/2026\/04\/botijao-gas-de-cozinha-Acelen-foto-Ed-Santos-Acorda-Cidade-1-2-590x410.jpg",590,410,true]},"author_info":{"display_name":"noticiasbahia360.com.br","author_link":"https:\/\/noticiasbahia360.com.br\/?author=1"},"category_info":"<a href=\"https:\/\/noticiasbahia360.com.br\/?cat=8\" rel=\"category\">Bahia<\/a> <a href=\"https:\/\/noticiasbahia360.com.br\/?cat=9\" rel=\"category\">Brasil<\/a> <a href=\"https:\/\/noticiasbahia360.com.br\/?cat=6\" rel=\"category\">Feira de Santana<\/a> <a href=\"https:\/\/noticiasbahia360.com.br\/?cat=57\" rel=\"category\">Mundo<\/a> <a href=\"https:\/\/noticiasbahia360.com.br\/?cat=56\" rel=\"category\">Pol\u00edcia<\/a> <a href=\"https:\/\/noticiasbahia360.com.br\/?cat=10\" rel=\"category\">Pol\u00edtica<\/a>","tag_info":"Pol\u00edtica","comment_count":"0","_links":{"self":[{"href":"https:\/\/noticiasbahia360.com.br\/index.php?rest_route=\/wp\/v2\/posts\/128838","targetHints":{"allow":["GET"]}}],"collection":[{"href":"https:\/\/noticiasbahia360.com.br\/index.php?rest_route=\/wp\/v2\/posts"}],"about":[{"href":"https:\/\/noticiasbahia360.com.br\/index.php?rest_route=\/wp\/v2\/types\/post"}],"author":[{"embeddable":true,"href":"https:\/\/noticiasbahia360.com.br\/index.php?rest_route=\/wp\/v2\/users\/1"}],"replies":[{"embeddable":true,"href":"https:\/\/noticiasbahia360.com.br\/index.php?rest_route=%2Fwp%2Fv2%2Fcomments&post=128838"}],"version-history":[{"count":0,"href":"https:\/\/noticiasbahia360.com.br\/index.php?rest_route=\/wp\/v2\/posts\/128838\/revisions"}],"wp:featuredmedia":[{"embeddable":true,"href":"https:\/\/noticiasbahia360.com.br\/index.php?rest_route=\/wp\/v2\/media\/128839"}],"wp:attachment":[{"href":"https:\/\/noticiasbahia360.com.br\/index.php?rest_route=%2Fwp%2Fv2%2Fmedia&parent=128838"}],"wp:term":[{"taxonomy":"category","embeddable":true,"href":"https:\/\/noticiasbahia360.com.br\/index.php?rest_route=%2Fwp%2Fv2%2Fcategories&post=128838"},{"taxonomy":"post_tag","embeddable":true,"href":"https:\/\/noticiasbahia360.com.br\/index.php?rest_route=%2Fwp%2Fv2%2Ftags&post=128838"}],"curies":[{"name":"wp","href":"https:\/\/api.w.org\/{rel}","templated":true}]}}