{"id":128840,"date":"2026-04-29T07:45:55","date_gmt":"2026-04-29T10:45:55","guid":{"rendered":"https:\/\/noticiasbahia360.com.br\/?p=128840"},"modified":"2026-04-29T07:45:55","modified_gmt":"2026-04-29T10:45:55","slug":"deputado-propoe-reconhecimento-e-regulamentacao-de-brigadas-voluntarias-na-bahia","status":"publish","type":"post","link":"https:\/\/noticiasbahia360.com.br\/?p=128840","title":{"rendered":"Deputado prop\u00f5e reconhecimento e regulamenta\u00e7\u00e3o de Brigadas Volunt\u00e1rias na Bahia"},"content":{"rendered":"<div>\n<div>\n<figure><img decoding=\"async\" src=\"http:\/\/noticiasbahia360.com.br\/wp-content\/uploads\/2026\/04\/Brigadistas-brigada-incendio-queimadas-foto-Uilians-Marques.jpg\" alt=\"brigadas\"><figcaption>Foto: Uilians Marques<\/figcaption><\/figure>\n<\/div>\n<p>A Assembleia Legislativa da Bahia (AL-BA) recebeu o Projeto de Lei que disp\u00f5e sobre o reconhecimento, a regulamenta\u00e7\u00e3o e o incentivo \u00e0s Brigadas Volunt\u00e1rias no estado. De autoria do deputado estadual Luciano Ara\u00fajo (Avante), a proposta enviada na ter\u00e7a-feira (28) estabelece diretrizes para que essas entidades possam atuar de forma complementar \u00e0s for\u00e7as de seguran\u00e7a p\u00fablica e aos \u00f3rg\u00e3os de sa\u00fade, especialmente em situa\u00e7\u00f5es de emerg\u00eancia e calamidade.<\/p>\n<p>De acordo com o texto, as brigadas volunt\u00e1rias ser\u00e3o reconhecidas como entidades de relevante interesse p\u00fablico, sem fins lucrativos, compostas por cidad\u00e3os capacitados. Entre as atividades previstas est\u00e3o a preven\u00e7\u00e3o e o combate a inc\u00eandios, a\u00e7\u00f5es de defesa civil e prote\u00e7\u00e3o comunit\u00e1ria, apoio em situa\u00e7\u00f5es de emerg\u00eancia, primeiros socorros e atendimento pr\u00e9-hospitalar, al\u00e9m de atividades educativas de preven\u00e7\u00e3o de riscos.<\/p>\n<p>O projeto institui o Cadastro Estadual de Brigadas Volunt\u00e1rias, que dever\u00e1 conter informa\u00e7\u00f5es como identifica\u00e7\u00e3o da entidade, \u00e1rea de atua\u00e7\u00e3o, qualifica\u00e7\u00e3o dos brigadistas, equipamentos dispon\u00edveis e hist\u00f3rico de atua\u00e7\u00e3o. A medida, segundo a justificativa, visa dar seguran\u00e7a jur\u00eddica \u00e0s brigadas e integr\u00e1-las de forma coordenada com o Corpo de Bombeiros Militar da Bahia, as pol\u00edcias Civil e Militar, a Defesa Civil e as unidades do sistema p\u00fablico de sa\u00fade.<\/p>\n<p>O Poder Executivo estadual poder\u00e1 firmar parcerias com as brigadas cadastradas, apoiando-as mediante cess\u00e3o de equipamentos, fornecimento de materiais, apoio log\u00edstico e operacional, inclus\u00e3o em programas de financiamento e celebra\u00e7\u00e3o de conv\u00eanios e termos de coopera\u00e7\u00e3o. O texto tamb\u00e9m prev\u00ea incentivo \u00e0 capacita\u00e7\u00e3o dos brigadistas, com cursos de forma\u00e7\u00e3o e reciclagem, treinamentos conjuntos e certifica\u00e7\u00e3o t\u00e9cnica reconhecida.<\/p>\n<p>Na justificativa apresentada, o deputado Luciano Ara\u00fajo argumenta que a Bahia possui vasta extens\u00e3o territorial e \u00e1reas sujeitas a inc\u00eandios florestais, desastres naturais e situa\u00e7\u00f5es de emerg\u00eancia. \u201cNesse contexto, as Brigadas Volunt\u00e1rias surgem como importante apoio \u00e0s for\u00e7as oficiais, atuando com agilidade e conhecimento local\u201d, afirma o documento.<\/p>\n<p>A proposta determina que a atua\u00e7\u00e3o dos brigadistas volunt\u00e1rios ser\u00e1 considerada de relevante interesse p\u00fablico, n\u00e3o gerando v\u00ednculo empregat\u00edcio com o Estado. Caber\u00e1 ao Poder Executivo regulamentar a lei no prazo de at\u00e9 90 dias, definindo os crit\u00e9rios operacionais, t\u00e9cnicos e administrativos para o funcionamento das brigadas.<\/p>\n<p>Caso aprovado, o projeto representar\u00e1 um avan\u00e7o normativo para as brigadas volunt\u00e1rias baianas, que atuam em diversas regi\u00f5es do estado, muitas vezes em locais de dif\u00edcil acesso ou com presen\u00e7a limitada do poder p\u00fablico.<\/p>\n<p><em>Fonte: <a href=\"https:\/\/www.bahianoticias.com.br\/noticia\/316255-deputado-sugere-reconhecimento-regulamentacao-e-cadastro-das-brigadas-voluntarias-na-bahia\">Bahia Not\u00edcias,<\/a> parceiro do Acorda Cidade <\/em><\/p>\n<p><em>Siga o Acorda Cidade no<\/em><a href=\"https:\/\/news.google.com\/search?q=acorda%20cidade&amp;hl=pt-BR&amp;gl=BR&amp;ceid=BR%3Apt-419\"><strong><em>\u00a0Google Not\u00edcias<\/em><\/strong><\/a><em>\u00a0e receba os principais destaques do dia. Participe tamb\u00e9m dos nossos canais no\u00a0<\/em><a href=\"https:\/\/www.whatsapp.com\/channel\/0029Va6Rb4v3WHTNnsh8WI3N\"><strong><em>WhatsApp<\/em><\/strong><\/a><em>\u00a0e\u00a0<\/em><a href=\"https:\/\/www.youtube.com\/@acordacidadenoticias\/videos\"><strong>YouTube<\/strong><\/a><em>\u00a0e grupo de\u00a0<\/em><a href=\"https:\/\/t.me\/+sSz0khrgARA0ZmRh\"><strong><em>Telegram<\/em><\/strong><\/a><em>.<\/em><\/p>\n<\/div>\n","protected":false},"excerpt":{"rendered":"<div>\n<div>\n<figure><img decoding=\"async\" src=\"https:\/\/uploads.acordacidade.com.br\/2026\/04\/Brigadistas-brigada-incendio-queimadas-foto-Uilians-Marques.jpg\" alt=\"brigadas\"><figcaption>Foto: Uilians Marques<\/figcaption><\/figure>\n<\/div>\n<p>O projeto institui o Cadastro Estadual de Brigadas Volunt\u00e1rias, que dever\u00e1 conter informa\u00e7\u00f5es como identifica\u00e7\u00e3o da entidade e \u00e1rea de atua\u00e7\u00e3o.<\/p><\/div>\n","protected":false},"author":1,"featured_media":128841,"comment_status":"closed","ping_status":"closed","sticky":false,"template":"","format":"gallery","meta":{"footnotes":""},"categories":[8,9,6,57,56,10],"tags":[],"class_list":["post-128840","post","type-post","status-publish","format-gallery","has-post-thumbnail","hentry","category-bahia","category-brasil","category-feira-de-santana","category-mundo","category-policia","category-politica","post_format-post-format-gallery"],"featured_image_urls":{"full":["https:\/\/noticiasbahia360.com.br\/wp-content\/uploads\/2026\/04\/Brigadistas-brigada-incendio-queimadas-foto-Uilians-Marques.jpg",1200,675,false],"thumbnail":["https:\/\/noticiasbahia360.com.br\/wp-content\/uploads\/2026\/04\/Brigadistas-brigada-incendio-queimadas-foto-Uilians-Marques-150x150.jpg",150,150,true],"medium":["https:\/\/noticiasbahia360.com.br\/wp-content\/uploads\/2026\/04\/Brigadistas-brigada-incendio-queimadas-foto-Uilians-Marques-300x169.jpg",300,169,true],"medium_large":["https:\/\/noticiasbahia360.com.br\/wp-content\/uploads\/2026\/04\/Brigadistas-brigada-incendio-queimadas-foto-Uilians-Marques-768x432.jpg",640,360,true],"large":["https:\/\/noticiasbahia360.com.br\/wp-content\/uploads\/2026\/04\/Brigadistas-brigada-incendio-queimadas-foto-Uilians-Marques-1024x576.jpg",640,360,true],"1536x1536":["https:\/\/noticiasbahia360.com.br\/wp-content\/uploads\/2026\/04\/Brigadistas-brigada-incendio-queimadas-foto-Uilians-Marques.jpg",1200,675,false],"2048x2048":["https:\/\/noticiasbahia360.com.br\/wp-content\/uploads\/2026\/04\/Brigadistas-brigada-incendio-queimadas-foto-Uilians-Marques.jpg",1200,675,false],"chromenews-featured":["https:\/\/noticiasbahia360.com.br\/wp-content\/uploads\/2026\/04\/Brigadistas-brigada-incendio-queimadas-foto-Uilians-Marques-1024x576.jpg",1024,576,true],"chromenews-large":["https:\/\/noticiasbahia360.com.br\/wp-content\/uploads\/2026\/04\/Brigadistas-brigada-incendio-queimadas-foto-Uilians-Marques-825x575.jpg",825,575,true],"chromenews-medium":["https:\/\/noticiasbahia360.com.br\/wp-content\/uploads\/2026\/04\/Brigadistas-brigada-incendio-queimadas-foto-Uilians-Marques-590x410.jpg",590,410,true]},"author_info":{"display_name":"noticiasbahia360.com.br","author_link":"https:\/\/noticiasbahia360.com.br\/?author=1"},"category_info":"<a href=\"https:\/\/noticiasbahia360.com.br\/?cat=8\" rel=\"category\">Bahia<\/a> <a href=\"https:\/\/noticiasbahia360.com.br\/?cat=9\" rel=\"category\">Brasil<\/a> <a href=\"https:\/\/noticiasbahia360.com.br\/?cat=6\" rel=\"category\">Feira de Santana<\/a> <a href=\"https:\/\/noticiasbahia360.com.br\/?cat=57\" rel=\"category\">Mundo<\/a> <a href=\"https:\/\/noticiasbahia360.com.br\/?cat=56\" rel=\"category\">Pol\u00edcia<\/a> <a href=\"https:\/\/noticiasbahia360.com.br\/?cat=10\" rel=\"category\">Pol\u00edtica<\/a>","tag_info":"Pol\u00edtica","comment_count":"0","_links":{"self":[{"href":"https:\/\/noticiasbahia360.com.br\/index.php?rest_route=\/wp\/v2\/posts\/128840","targetHints":{"allow":["GET"]}}],"collection":[{"href":"https:\/\/noticiasbahia360.com.br\/index.php?rest_route=\/wp\/v2\/posts"}],"about":[{"href":"https:\/\/noticiasbahia360.com.br\/index.php?rest_route=\/wp\/v2\/types\/post"}],"author":[{"embeddable":true,"href":"https:\/\/noticiasbahia360.com.br\/index.php?rest_route=\/wp\/v2\/users\/1"}],"replies":[{"embeddable":true,"href":"https:\/\/noticiasbahia360.com.br\/index.php?rest_route=%2Fwp%2Fv2%2Fcomments&post=128840"}],"version-history":[{"count":0,"href":"https:\/\/noticiasbahia360.com.br\/index.php?rest_route=\/wp\/v2\/posts\/128840\/revisions"}],"wp:featuredmedia":[{"embeddable":true,"href":"https:\/\/noticiasbahia360.com.br\/index.php?rest_route=\/wp\/v2\/media\/128841"}],"wp:attachment":[{"href":"https:\/\/noticiasbahia360.com.br\/index.php?rest_route=%2Fwp%2Fv2%2Fmedia&parent=128840"}],"wp:term":[{"taxonomy":"category","embeddable":true,"href":"https:\/\/noticiasbahia360.com.br\/index.php?rest_route=%2Fwp%2Fv2%2Fcategories&post=128840"},{"taxonomy":"post_tag","embeddable":true,"href":"https:\/\/noticiasbahia360.com.br\/index.php?rest_route=%2Fwp%2Fv2%2Ftags&post=128840"}],"curies":[{"name":"wp","href":"https:\/\/api.w.org\/{rel}","templated":true}]}}