{"id":128842,"date":"2026-04-29T08:01:18","date_gmt":"2026-04-29T11:01:18","guid":{"rendered":"https:\/\/noticiasbahia360.com.br\/?p=128842"},"modified":"2026-04-29T08:01:18","modified_gmt":"2026-04-29T11:01:18","slug":"caso-do-tenente-coronel-acusado-de-matar-esposa-segue-para-justica-comum","status":"publish","type":"post","link":"https:\/\/noticiasbahia360.com.br\/?p=128842","title":{"rendered":"Caso do tenente-coronel acusado de matar esposa segue para Justi\u00e7a comum"},"content":{"rendered":"<div>\n<div>\n<figure><img decoding=\"async\" src=\"http:\/\/noticiasbahia360.com.br\/wp-content\/uploads\/2026\/04\/tenente-coronel-geraldo-leite-rosa-neto-a7ky958xm6.webp\" alt=\"caso PM aposenta tenente-coronel preso por suspeita de feminic\u00eddio com sal\u00e1rio integral\"><figcaption>Geraldo Leite Rosa Neto | Foto: Reprodu\u00e7\u00e3o\/ Redes socias<\/figcaption><\/figure>\n<\/div>\n<p>Ag\u00eancia Brasil \u2013 O tenente-coronel Geraldo Leite Rosa Neto,\u00a0acusado da morte de sua esposa, a policial militar Gisele Alves Santana, ser\u00e1 julgado na justi\u00e7a comum. A decis\u00e3o \u00e9 do ministro Reinaldo Soares, do Supremo Tribunal de Justi\u00e7a (STJ).\u00a0<img decoding=\"async\" src=\"https:\/\/agenciabrasil.ebc.com.br\/ebc.png?id=1687574&amp;o=node\"><img decoding=\"async\" src=\"https:\/\/agenciabrasil.ebc.com.br\/ebc.gif?id=1687574&amp;o=node\"><\/p>\n<p>Soares havia solicitado esclarecimento, no \u00faltimo dia 17, ao Ju\u00edzo de Direito da 5\u00aa Vara do Tribunal do J\u00fari da Comarca de S\u00e3o Paulo, \u00e0 qual foi oferecida den\u00fancia pelo Minist\u00e9rio P\u00fablico Estadual.<\/p>\n<p><strong>O tenente-coronel ser\u00e1 julgado por feminic\u00eddio.\u00a0<\/strong><\/p>\n<blockquote class=\"wp-block-quote is-layout-flow wp-block-quote-is-layout-flow\">\n<p>\u201cAo definir a compet\u00eancia, o relator aplicou o entendimento recente da Terceira Se\u00e7\u00e3o do STJ segundo o qual crimes dolosos contra a vida praticados por militares s\u00f3 se submetem \u00e0 Justi\u00e7a Militar quando houver v\u00ednculo direto com a atividade castrense e com a tutela da hierarquia e da disciplina. Ausente esse nexo funcional, prevalece a compet\u00eancia do Tribunal do J\u00fari\u201d, informou o STJ.\u00a0<\/p>\n<\/blockquote>\n<p>Na ter\u00e7a-feira (28), o advogado que representa a fam\u00edlia de Gisele, Jos\u00e9 Miguel da Silva Junior, disse que a fam\u00edlia sempre defendeu que a morte n\u00e3o se trata de um crime da esfera militar. A decis\u00e3o de Soares ser\u00e1 publicada nesta quinta-feira (30).\u00a0<\/p>\n<p><em>Siga o Acorda Cidade no<\/em><a href=\"https:\/\/news.google.com\/search?q=acorda%20cidade&amp;hl=pt-BR&amp;gl=BR&amp;ceid=BR%3Apt-419\"><strong><em>\u00a0Google Not\u00edcias<\/em><\/strong><\/a><em>\u00a0e receba os principais destaques do dia. Participe tamb\u00e9m dos nossos canais no\u00a0<\/em><a href=\"https:\/\/www.whatsapp.com\/channel\/0029Va6Rb4v3WHTNnsh8WI3N\"><strong><em>WhatsApp<\/em><\/strong><\/a><em>\u00a0e\u00a0<\/em><a href=\"https:\/\/www.youtube.com\/@acordacidadenoticias\/videos\"><strong>YouTube<\/strong><\/a><em>\u00a0e grupo de\u00a0<\/em><a href=\"https:\/\/t.me\/+sSz0khrgARA0ZmRh\"><strong><em>Telegram<\/em><\/strong><\/a><em>.<\/em><\/p>\n<\/div>\n","protected":false},"excerpt":{"rendered":"<div>\n<div>\n<figure><img decoding=\"async\" src=\"https:\/\/uploads.acordacidade.com.br\/2026\/04\/tenente-coronel-geraldo-leite-rosa-neto-a7ky958xm6.webp\" alt=\"caso PM aposenta tenente-coronel preso por suspeita de feminic\u00eddio com sal\u00e1rio integral\"><figcaption>Geraldo Leite Rosa Neto | Foto: Reprodu\u00e7\u00e3o\/ Redes socias<\/figcaption><\/figure>\n<\/div>\n<p>O advogado que representa a fam\u00edlia da v\u00edtima disse que a fam\u00edlia sempre defendeu que a morte n\u00e3o se trata de um crime da esfera militar.<\/p><\/div>\n","protected":false},"author":1,"featured_media":128843,"comment_status":"closed","ping_status":"closed","sticky":false,"template":"","format":"gallery","meta":{"footnotes":""},"categories":[8,9,6,57,56,10],"tags":[],"class_list":["post-128842","post","type-post","status-publish","format-gallery","has-post-thumbnail","hentry","category-bahia","category-brasil","category-feira-de-santana","category-mundo","category-policia","category-politica","post_format-post-format-gallery"],"featured_image_urls":{"full":["https:\/\/noticiasbahia360.com.br\/wp-content\/uploads\/2026\/04\/tenente-coronel-geraldo-leite-rosa-neto-a7ky958xm6.webp",1200,718,false],"thumbnail":["https:\/\/noticiasbahia360.com.br\/wp-content\/uploads\/2026\/04\/tenente-coronel-geraldo-leite-rosa-neto-a7ky958xm6-150x150.webp",150,150,true],"medium":["https:\/\/noticiasbahia360.com.br\/wp-content\/uploads\/2026\/04\/tenente-coronel-geraldo-leite-rosa-neto-a7ky958xm6-300x180.webp",300,180,true],"medium_large":["https:\/\/noticiasbahia360.com.br\/wp-content\/uploads\/2026\/04\/tenente-coronel-geraldo-leite-rosa-neto-a7ky958xm6-768x460.webp",640,383,true],"large":["https:\/\/noticiasbahia360.com.br\/wp-content\/uploads\/2026\/04\/tenente-coronel-geraldo-leite-rosa-neto-a7ky958xm6-1024x613.webp",640,383,true],"1536x1536":["https:\/\/noticiasbahia360.com.br\/wp-content\/uploads\/2026\/04\/tenente-coronel-geraldo-leite-rosa-neto-a7ky958xm6.webp",1200,718,false],"2048x2048":["https:\/\/noticiasbahia360.com.br\/wp-content\/uploads\/2026\/04\/tenente-coronel-geraldo-leite-rosa-neto-a7ky958xm6.webp",1200,718,false],"chromenews-featured":["https:\/\/noticiasbahia360.com.br\/wp-content\/uploads\/2026\/04\/tenente-coronel-geraldo-leite-rosa-neto-a7ky958xm6-1024x613.webp",1024,613,true],"chromenews-large":["https:\/\/noticiasbahia360.com.br\/wp-content\/uploads\/2026\/04\/tenente-coronel-geraldo-leite-rosa-neto-a7ky958xm6-825x575.webp",825,575,true],"chromenews-medium":["https:\/\/noticiasbahia360.com.br\/wp-content\/uploads\/2026\/04\/tenente-coronel-geraldo-leite-rosa-neto-a7ky958xm6-590x410.webp",590,410,true]},"author_info":{"display_name":"noticiasbahia360.com.br","author_link":"https:\/\/noticiasbahia360.com.br\/?author=1"},"category_info":"<a href=\"https:\/\/noticiasbahia360.com.br\/?cat=8\" rel=\"category\">Bahia<\/a> <a href=\"https:\/\/noticiasbahia360.com.br\/?cat=9\" rel=\"category\">Brasil<\/a> <a href=\"https:\/\/noticiasbahia360.com.br\/?cat=6\" rel=\"category\">Feira de Santana<\/a> <a href=\"https:\/\/noticiasbahia360.com.br\/?cat=57\" rel=\"category\">Mundo<\/a> <a href=\"https:\/\/noticiasbahia360.com.br\/?cat=56\" rel=\"category\">Pol\u00edcia<\/a> <a href=\"https:\/\/noticiasbahia360.com.br\/?cat=10\" rel=\"category\">Pol\u00edtica<\/a>","tag_info":"Pol\u00edtica","comment_count":"0","_links":{"self":[{"href":"https:\/\/noticiasbahia360.com.br\/index.php?rest_route=\/wp\/v2\/posts\/128842","targetHints":{"allow":["GET"]}}],"collection":[{"href":"https:\/\/noticiasbahia360.com.br\/index.php?rest_route=\/wp\/v2\/posts"}],"about":[{"href":"https:\/\/noticiasbahia360.com.br\/index.php?rest_route=\/wp\/v2\/types\/post"}],"author":[{"embeddable":true,"href":"https:\/\/noticiasbahia360.com.br\/index.php?rest_route=\/wp\/v2\/users\/1"}],"replies":[{"embeddable":true,"href":"https:\/\/noticiasbahia360.com.br\/index.php?rest_route=%2Fwp%2Fv2%2Fcomments&post=128842"}],"version-history":[{"count":0,"href":"https:\/\/noticiasbahia360.com.br\/index.php?rest_route=\/wp\/v2\/posts\/128842\/revisions"}],"wp:featuredmedia":[{"embeddable":true,"href":"https:\/\/noticiasbahia360.com.br\/index.php?rest_route=\/wp\/v2\/media\/128843"}],"wp:attachment":[{"href":"https:\/\/noticiasbahia360.com.br\/index.php?rest_route=%2Fwp%2Fv2%2Fmedia&parent=128842"}],"wp:term":[{"taxonomy":"category","embeddable":true,"href":"https:\/\/noticiasbahia360.com.br\/index.php?rest_route=%2Fwp%2Fv2%2Fcategories&post=128842"},{"taxonomy":"post_tag","embeddable":true,"href":"https:\/\/noticiasbahia360.com.br\/index.php?rest_route=%2Fwp%2Fv2%2Ftags&post=128842"}],"curies":[{"name":"wp","href":"https:\/\/api.w.org\/{rel}","templated":true}]}} 