{"id":128847,"date":"2026-04-29T08:56:46","date_gmt":"2026-04-29T11:56:46","guid":{"rendered":"https:\/\/noticiasbahia360.com.br\/?p=128847"},"modified":"2026-04-29T08:56:46","modified_gmt":"2026-04-29T11:56:46","slug":"vacinacao-em-escola-municipal-amplia-combate-a-doencas-entre-alunos-de-feira-de-santana","status":"publish","type":"post","link":"https:\/\/noticiasbahia360.com.br\/?p=128847","title":{"rendered":"Vacina\u00e7\u00e3o em escola municipal amplia combate a doen\u00e7as entre alunos de Feira de Santana"},"content":{"rendered":"<div>\n<div>\n<figure><img decoding=\"async\" src=\"http:\/\/noticiasbahia360.com.br\/wp-content\/uploads\/2026\/04\/vacinacao-em-escola-municipal.jpg\" alt=\"vacina\u00e7\u00e3o em escola municipal\"><figcaption>Foto: Palo Jos\u00e9\/ Acorda Cidade<\/figcaption><\/figure>\n<\/div>\n<p>A dire\u00e7\u00e3o do Col\u00e9gio Municipal Adenil da Costa Falc\u00e3o, em Feira de Santana, promoveu, nesta ter\u00e7a-feira (28), uma a\u00e7\u00e3o de intensifica\u00e7\u00e3o da atualiza\u00e7\u00e3o da caderneta de vacina\u00e7\u00e3o dos alunos, com o objetivo de ampliar a cobertura vacinal e prevenir doen\u00e7as comuns neste per\u00edodo do ano.<\/p>\n<figure class=\"wp-block-image size-full\"><img fetchpriority=\"high\" decoding=\"async\" width=\"1200\" height=\"675\" src=\"http:\/\/noticiasbahia360.com.br\/wp-content\/uploads\/2026\/04\/vacinacao-em-escola-municipal-1.jpg\" alt=\"vacina\u00e7\u00e3o no  Col\u00e9gio Municipal Adenil da Costa Falc\u00e3o\" class=\"wp-image-650815\" srcset=\"http:\/\/noticiasbahia360.com.br\/wp-content\/uploads\/2026\/04\/vacinacao-em-escola-municipal-1.jpg 1200w, https:\/\/uploads.acordacidade.com.br\/2026\/04\/vacinacao-em-escola-municipal-1-750x422.jpg 750w, https:\/\/uploads.acordacidade.com.br\/2026\/04\/vacinacao-em-escola-municipal-1-1000x563.jpg 1000w, https:\/\/uploads.acordacidade.com.br\/2026\/04\/vacinacao-em-escola-municipal-1-450x253.jpg 450w, https:\/\/uploads.acordacidade.com.br\/2026\/04\/vacinacao-em-escola-municipal-1-150x84.jpg 150w\" sizes=\"(max-width: 1200px) 100vw, 1200px\"><figcaption class=\"wp-element-caption\">Foto: Palo Jos\u00e9\/ Acorda Cidade<\/figcaption><\/figure>\n<p>Em entrevista ao Acorda Cidade, a professora M\u00e1rcia Silveira da Silva, diretora da institui\u00e7\u00e3o, explicou que a iniciativa busca alcan\u00e7ar o maior n\u00famero poss\u00edvel de estudantes.\u00a0<\/p>\n<p>\u201cNeste per\u00edodo do ano \u00e9 muito comum a incid\u00eancia de gripe e viroses. Trazendo o posto de sa\u00fade para dentro da escola, conseguimos alcan\u00e7ar o maior n\u00famero poss\u00edvel de estudantes vacinados, protegendo as crian\u00e7as e minimizando os efeitos dessas viroses.\u201d\u00a0<\/p>\n<figure class=\"wp-block-image size-full\"><img decoding=\"async\" width=\"1200\" height=\"675\" src=\"http:\/\/noticiasbahia360.com.br\/wp-content\/uploads\/2026\/04\/Diretora-Marcia-Silveira.jpg\" alt=\"Diretora M\u00e1rcia Silveira\" class=\"wp-image-650819\" srcset=\"http:\/\/noticiasbahia360.com.br\/wp-content\/uploads\/2026\/04\/Diretora-Marcia-Silveira.jpg 1200w, https:\/\/uploads.acordacidade.com.br\/2026\/04\/Diretora-Marcia-Silveira-750x422.jpg 750w, https:\/\/uploads.acordacidade.com.br\/2026\/04\/Diretora-Marcia-Silveira-1000x563.jpg 1000w, https:\/\/uploads.acordacidade.com.br\/2026\/04\/Diretora-Marcia-Silveira-450x253.jpg 450w, https:\/\/uploads.acordacidade.com.br\/2026\/04\/Diretora-Marcia-Silveira-150x84.jpg 150w\" sizes=\"(max-width: 1200px) 100vw, 1200px\"><figcaption class=\"wp-element-caption\">Foto: Palo Jos\u00e9\/ Acorda Cidade<\/figcaption><\/figure>\n<p>A campanha j\u00e1 est\u00e1 em seu segundo ano e, segundo a diretora, tem contado com forte ades\u00e3o das fam\u00edlias. \u201cA comunidade escolar j\u00e1 est\u00e1 acostumada e as fam\u00edlias v\u00eam em massa\u201d, afirmou<\/p>\n<figure class=\"wp-block-image size-full\"><img decoding=\"async\" width=\"1200\" height=\"675\" src=\"http:\/\/noticiasbahia360.com.br\/wp-content\/uploads\/2026\/04\/vacinacao-em-escola-municipal-2.jpg\" alt=\"vacina\u00e7\u00e3o no Col\u00e9gio Municipal Adenil da Costa Falc\u00e3o\" class=\"wp-image-650816\" srcset=\"http:\/\/noticiasbahia360.com.br\/wp-content\/uploads\/2026\/04\/vacinacao-em-escola-municipal-2.jpg 1200w, https:\/\/uploads.acordacidade.com.br\/2026\/04\/vacinacao-em-escola-municipal-2-750x422.jpg 750w, https:\/\/uploads.acordacidade.com.br\/2026\/04\/vacinacao-em-escola-municipal-2-1000x563.jpg 1000w, https:\/\/uploads.acordacidade.com.br\/2026\/04\/vacinacao-em-escola-municipal-2-450x253.jpg 450w, https:\/\/uploads.acordacidade.com.br\/2026\/04\/vacinacao-em-escola-municipal-2-150x84.jpg 150w\" sizes=\"(max-width: 1200px) 100vw, 1200px\"><figcaption class=\"wp-element-caption\">Foto: Palo Jos\u00e9\/ Acorda Cidade<\/figcaption><\/figure>\n<p>Durante a mobiliza\u00e7\u00e3o, diversas vacinas foram disponibilizadas, com foco principal na imuniza\u00e7\u00e3o contra a gripe (influenza) e na vacina contra o HPV, destinada aos alunos mais velhos.<\/p>\n<p>De acordo com a diretora, o col\u00e9gio tem cerca de 302 estudantes matriculados e a expectativa \u00e9 vacinar pelo menos 200 crian\u00e7as durante a a\u00e7\u00e3o.<\/p>\n<p>Apesar da ades\u00e3o positiva, M\u00e1rcia explica que, atualmente, o maior desafio ainda \u00e9 a resist\u00eancia de algumas fam\u00edlias. O \u201cDia D\u201d de vacina\u00e7\u00e3o foi divulgado ao longo da semana, incluindo avisos \u00e0s fam\u00edlias, campanhas internas e a\u00e7\u00f5es informativas.<\/p>\n<p>\u201cAlgumas fam\u00edlias criaram, devido a fake news ou \u00e0 falta de informa\u00e7\u00e3o, resist\u00eancia \u00e0s vacinas. Aqui na escola, fazemos disso um trabalho pedag\u00f3gico, com conscientiza\u00e7\u00e3o em sala de aula e campanhas informativas enviadas \u00e0s fam\u00edlias, refor\u00e7ando a import\u00e2ncia de vacinar a crian\u00e7a na data e na idade correta.\u201d<\/p>\n<p>Para a diretora, o resultado da a\u00e7\u00e3o \u00e9 motivo de comemora\u00e7\u00e3o. \u201cSomos uma escola que mant\u00e9m um relacionamento bem pr\u00f3ximo com as fam\u00edlias dos alunos. Isso \u00e9 importante n\u00e3o s\u00f3 para a parte pedag\u00f3gica, mas tamb\u00e9m para o desenvolvimento social e emocional. Esse \u00e9 o objetivo: ampliar os horizontes da escola\u201d, afirmou.<\/p>\n<figure class=\"wp-block-image size-full\"><img loading=\"lazy\" decoding=\"async\" width=\"1200\" height=\"675\" src=\"http:\/\/noticiasbahia360.com.br\/wp-content\/uploads\/2026\/04\/vacinacao-em-escola-municipal-3.jpg\" alt=\"vacina\u00e7\u00e3o no Col\u00e9gio Municipal Adenil da Costa Falc\u00e3o\" class=\"wp-image-650820\" srcset=\"http:\/\/noticiasbahia360.com.br\/wp-content\/uploads\/2026\/04\/vacinacao-em-escola-municipal-3.jpg 1200w, https:\/\/uploads.acordacidade.com.br\/2026\/04\/vacinacao-em-escola-municipal-3-750x422.jpg 750w, https:\/\/uploads.acordacidade.com.br\/2026\/04\/vacinacao-em-escola-municipal-3-1000x563.jpg 1000w, https:\/\/uploads.acordacidade.com.br\/2026\/04\/vacinacao-em-escola-municipal-3-450x253.jpg 450w, https:\/\/uploads.acordacidade.com.br\/2026\/04\/vacinacao-em-escola-municipal-3-150x84.jpg 150w\" sizes=\"(max-width: 1200px) 100vw, 1200px\"><figcaption class=\"wp-element-caption\">Foto: Palo Jos\u00e9\/ Acorda Cidade<\/figcaption><\/figure>\n<p>\u201cCasa cheia, crian\u00e7as vacinadas. Estou feliz demais, pois vai diminuir o n\u00famero de gripes. Crian\u00e7a vacinada falta menos \u00e0 escola e a gente precisa que ela esteja presente, saud\u00e1vel e frequentando as aulas\u201d, completou M\u00e1rcia Silveira.<\/p>\n<p><em>Com informa\u00e7\u00f5es do rep\u00f3rter Paulo Jos\u00e9, do Acorda Cidade.<\/em><\/p>\n<p><em>Siga o Acorda Cidade no<\/em><a href=\"https:\/\/news.google.com\/search?q=acorda%20cidade&amp;hl=pt-BR&amp;gl=BR&amp;ceid=BR%3Apt-419\"><strong><em>\u00a0Google Not\u00edcias<\/em><\/strong><\/a><em>\u00a0e receba os principais destaques do dia. Participe tamb\u00e9m dos nossos canais no\u00a0<\/em><a href=\"https:\/\/www.whatsapp.com\/channel\/0029Va6Rb4v3WHTNnsh8WI3N\"><strong><em>WhatsApp<\/em><\/strong><\/a><em>\u00a0e\u00a0<\/em><a href=\"https:\/\/www.youtube.com\/@acordacidadenoticias\/videos\"><strong>YouTube<\/strong><\/a><em>\u00a0e grupo de\u00a0<\/em><a href=\"https:\/\/t.me\/+sSz0khrgARA0ZmRh\"><strong><em>Telegram<\/em><\/strong><\/a><em>.<\/em><\/p>\n<\/div>\n","protected":false},"excerpt":{"rendered":"<div>\n<div>\n<figure><img decoding=\"async\" src=\"https:\/\/uploads.acordacidade.com.br\/2026\/04\/vacinacao-em-escola-municipal.jpg\" alt=\"vacina\u00e7\u00e3o em escola municipal\"><figcaption>Foto: Palo Jos\u00e9\/ Acorda Cidade<\/figcaption><\/figure>\n<\/div>\n<p>Durante a mobiliza\u00e7\u00e3o, diversas vacinas foram disponibilizadas, com foco principal na imuniza\u00e7\u00e3o contra a gripe e na vacina contra o HPV.<\/p><\/div>\n","protected":false},"author":1,"featured_media":128848,"comment_status":"closed","ping_status":"closed","sticky":false,"template":"","format":"gallery","meta":{"footnotes":""},"categories":[8,9,6,57,56,10],"tags":[],"class_list":["post-128847","post","type-post","status-publish","format-gallery","has-post-thumbnail","hentry","category-bahia","category-brasil","category-feira-de-santana","category-mundo","category-policia","category-politica","post_format-post-format-gallery"],"featured_image_urls":{"full":["https:\/\/noticiasbahia360.com.br\/wp-content\/uploads\/2026\/04\/vacinacao-em-escola-municipal.jpg",1200,675,false],"thumbnail":["https:\/\/noticiasbahia360.com.br\/wp-content\/uploads\/2026\/04\/vacinacao-em-escola-municipal-150x150.jpg",150,150,true],"medium":["https:\/\/noticiasbahia360.com.br\/wp-content\/uploads\/2026\/04\/vacinacao-em-escola-municipal-300x169.jpg",300,169,true],"medium_large":["https:\/\/noticiasbahia360.com.br\/wp-content\/uploads\/2026\/04\/vacinacao-em-escola-municipal-768x432.jpg",640,360,true],"large":["https:\/\/noticiasbahia360.com.br\/wp-content\/uploads\/2026\/04\/vacinacao-em-escola-municipal-1024x576.jpg",640,360,true],"1536x1536":["https:\/\/noticiasbahia360.com.br\/wp-content\/uploads\/2026\/04\/vacinacao-em-escola-municipal.jpg",1200,675,false],"2048x2048":["https:\/\/noticiasbahia360.com.br\/wp-content\/uploads\/2026\/04\/vacinacao-em-escola-municipal.jpg",1200,675,false],"chromenews-featured":["https:\/\/noticiasbahia360.com.br\/wp-content\/uploads\/2026\/04\/vacinacao-em-escola-municipal-1024x576.jpg",1024,576,true],"chromenews-large":["https:\/\/noticiasbahia360.com.br\/wp-content\/uploads\/2026\/04\/vacinacao-em-escola-municipal-825x575.jpg",825,575,true],"chromenews-medium":["https:\/\/noticiasbahia360.com.br\/wp-content\/uploads\/2026\/04\/vacinacao-em-escola-municipal-590x410.jpg",590,410,true]},"author_info":{"display_name":"noticiasbahia360.com.br","author_link":"https:\/\/noticiasbahia360.com.br\/?author=1"},"category_info":"<a href=\"https:\/\/noticiasbahia360.com.br\/?cat=8\" rel=\"category\">Bahia<\/a> <a href=\"https:\/\/noticiasbahia360.com.br\/?cat=9\" rel=\"category\">Brasil<\/a> <a href=\"https:\/\/noticiasbahia360.com.br\/?cat=6\" rel=\"category\">Feira de Santana<\/a> <a href=\"https:\/\/noticiasbahia360.com.br\/?cat=57\" rel=\"category\">Mundo<\/a> <a href=\"https:\/\/noticiasbahia360.com.br\/?cat=56\" rel=\"category\">Pol\u00edcia<\/a> <a href=\"https:\/\/noticiasbahia360.com.br\/?cat=10\" rel=\"category\">Pol\u00edtica<\/a>","tag_info":"Pol\u00edtica","comment_count":"0","_links":{"self":[{"href":"https:\/\/noticiasbahia360.com.br\/index.php?rest_route=\/wp\/v2\/posts\/128847","targetHints":{"allow":["GET"]}}],"collection":[{"href":"https:\/\/noticiasbahia360.com.br\/index.php?rest_route=\/wp\/v2\/posts"}],"about":[{"href":"https:\/\/noticiasbahia360.com.br\/index.php?rest_route=\/wp\/v2\/types\/post"}],"author":[{"embeddable":true,"href":"https:\/\/noticiasbahia360.com.br\/index.php?rest_route=\/wp\/v2\/users\/1"}],"replies":[{"embeddable":true,"href":"https:\/\/noticiasbahia360.com.br\/index.php?rest_route=%2Fwp%2Fv2%2Fcomments&post=128847"}],"version-history":[{"count":0,"href":"https:\/\/noticiasbahia360.com.br\/index.php?rest_route=\/wp\/v2\/posts\/128847\/revisions"}],"wp:featuredmedia":[{"embeddable":true,"href":"https:\/\/noticiasbahia360.com.br\/index.php?rest_route=\/wp\/v2\/media\/128848"}],"wp:attachment":[{"href":"https:\/\/noticiasbahia360.com.br\/index.php?rest_route=%2Fwp%2Fv2%2Fmedia&parent=128847"}],"wp:term":[{"taxonomy":"category","embeddable":true,"href":"https:\/\/noticiasbahia360.com.br\/index.php?rest_route=%2Fwp%2Fv2%2Fcategories&post=128847"},{"taxonomy":"post_tag","embeddable":true,"href":"https:\/\/noticiasbahia360.com.br\/index.php?rest_route=%2Fwp%2Fv2%2Ftags&post=128847"}],"curies":[{"name":"wp","href":"https:\/\/api.w.org\/{rel}","templated":true}]}}