{"id":128853,"date":"2026-04-29T08:56:49","date_gmt":"2026-04-29T11:56:49","guid":{"rendered":"https:\/\/noticiasbahia360.com.br\/?p=128853"},"modified":"2026-04-29T08:56:49","modified_gmt":"2026-04-29T11:56:49","slug":"santa-casa-de-feira-de-santana-realiza-cirurgia-inedita-e-devolve-voz-a-paciente-com-cancer-de-laringe","status":"publish","type":"post","link":"https:\/\/noticiasbahia360.com.br\/?p=128853","title":{"rendered":"Santa Casa de Feira de Santana realiza cirurgia in\u00e9dita e devolve voz a paciente com c\u00e2ncer de laringe"},"content":{"rendered":"<div>\n<div>\n<figure><img decoding=\"async\" src=\"http:\/\/noticiasbahia360.com.br\/wp-content\/uploads\/2026\/04\/HDPA-cirurgia-medicos-cirurgicoes-santa-casa-foto-ascom-2022.jpg\" alt=\"cirurgia Santa Casa de Feira tem tr\u00eas programas de resid\u00eancia m\u00e9dica aprovados pelo MEC\"><figcaption>Foto: Ascom\/HDPA<\/figcaption><\/figure>\n<\/div>\n<div class=\"wp-block-group\">\n<div class=\"wp-block-group__inner-container is-layout-constrained wp-block-group-is-layout-constrained\">\n<div class=\"wp-block-group\">\n<div class=\"wp-block-group__inner-container is-layout-constrained wp-block-group-is-layout-constrained\">\n<p>A Santa Casa de Miseric\u00f3rdia de Feira de Santana realizou, pela primeira vez, uma cirurgia para restabelecer a voz de pacientes em tratamento do c\u00e2ncer de laringe. O procedimento, considerado in\u00e9dito na regi\u00e3o, consiste na instala\u00e7\u00e3o de uma pr\u00f3tese que substitui a caixa de voz.<\/p>\n<p>Durante uma entrevista na edi\u00e7\u00e3o desta ter\u00e7a-feira (28) do programa <a href=\"https:\/\/www.acordacidade.com.br\/\">Acorda Cidade<\/a>, o m\u00e9dico <strong>Leonardo Rios<\/strong> explicou que a cirurgia realizada na \u00faltima quarta (22) representa um grande avan\u00e7o na reabilita\u00e7\u00e3o dos pacientes que perderam a voz no processo de tratamento do c\u00e2ncer.<\/p>\n<figure class=\"wp-block-image size-full\"><img fetchpriority=\"high\" fetchpriority=\"high\" decoding=\"async\" width=\"1200\" height=\"675\" src=\"http:\/\/noticiasbahia360.com.br\/wp-content\/uploads\/2026\/04\/medico-leonaro-Rios-foto-divulgacao-.jpg\" alt=\"Leonardo Rios, m\u00e9dico cirurgi\u00e3o de cabe\u00e7a e pesco\u00e7o \" class=\"wp-image-650692\" srcset=\"http:\/\/noticiasbahia360.com.br\/wp-content\/uploads\/2026\/04\/medico-leonaro-Rios-foto-divulgacao-.jpg 1200w, https:\/\/uploads.acordacidade.com.br\/2026\/04\/medico-leonaro-Rios-foto-divulgacao--750x422.jpg 750w, https:\/\/uploads.acordacidade.com.br\/2026\/04\/medico-leonaro-Rios-foto-divulgacao--1000x563.jpg 1000w, https:\/\/uploads.acordacidade.com.br\/2026\/04\/medico-leonaro-Rios-foto-divulgacao--450x253.jpg 450w, https:\/\/uploads.acordacidade.com.br\/2026\/04\/medico-leonaro-Rios-foto-divulgacao--150x84.jpg 150w\" sizes=\"(max-width: 1200px) 100vw, 1200px\"><figcaption class=\"wp-element-caption\">Leonardo Rios, m\u00e9dico cirurgi\u00e3o de cabe\u00e7a e pesco\u00e7o | Foto: Barbara Cardoso <\/figcaption><\/figure>\n<p>\u201cQuando n\u00f3s prezamos para atender um paciente, queremos atender na sua integralidade. N\u00e3o queremos apenas dar o diagn\u00f3stico, queremos tratar o paciente, curar, se for poss\u00edvel, controlar a doen\u00e7a, mas tamb\u00e9m \u00e9 muito importante a reabilita\u00e7\u00e3o deste paciente oncol\u00f3gico\u201d, disse.<\/p>\n<p>O cirurgi\u00e3o de cabe\u00e7a e pesco\u00e7o, que realizou o procedimento juntamente com a m\u00e9dica Mariana Cedro, explicou que a pr\u00f3tese j\u00e1 vem sendo utilizada h\u00e1 algum tempo, mas que \u00e9 a primeira vez que a unidade feirense disponibiliza o equipamento para um paciente de forma 100% gratuita, por meio do Sistema \u00danico de Sa\u00fade (<a href=\"https:\/\/www.acordacidade.com.br\/tag\/sus\/\" type=\"post_tag\" id=\"34981\">SUS<\/a>).<\/p>\n<p>\u201cEu fiz a resid\u00eancia em S\u00e3o Paulo em 2009 e, na \u00e9poca, a gente j\u00e1 fazia implantes dessa pr\u00f3tese na USP. Faz\u00edamos em parceria com o governo do estado de S\u00e3o Paulo. J\u00e1 tinha esse equipamento dentro do Hospital das Cl\u00ednicas e n\u00f3s t\u00ednhamos acesso e, em 2022, se n\u00e3o me engano, o Minist\u00e9rio da Sa\u00fade lan\u00e7ou uma portaria disponibilizando a pr\u00f3tese fonat\u00f3ria a n\u00edvel nacional pelo SUS\u201d, disse o m\u00e9dico.<\/p>\n<\/div>\n<\/div>\n<\/div>\n<\/div>\n<div class=\"wp-block-group\">\n<div class=\"wp-block-group__inner-container is-layout-constrained wp-block-group-is-layout-constrained\">\n<div class=\"wp-block-group\">\n<div class=\"wp-block-group__inner-container is-layout-constrained wp-block-group-is-layout-constrained\">\n<h3 class=\"wp-block-heading\" id=\"h-para-quem-e-a-protese\">Para quem \u00e9 a pr\u00f3tese?<\/h3>\n<p>Durante a conversa com o radialista <a href=\"https:\/\/www.acordacidade.com.br\/colunas\/dilton-e-feito\/\">Dilton Coutinho<\/a>, \u00e2ncora do programa <a href=\"https:\/\/www.acordacidade.com.br\/\">Acorda Cidade<\/a>, o m\u00e9dico, que \u00e9 o coordenador do departamento de cirurgia de cabe\u00e7a e pesco\u00e7o da Santa Casa, explicou que a pr\u00f3tese \u00e9 destinada para um perfil de paciente bem espec\u00edfico.<\/p>\n<p>Segundo Rios, o equipamento \u00e9 recomendado para pessoas que foram v\u00edtimas de c\u00e2ncer de garganta e que, durante o processo de tratamento do tumor, foi necess\u00e1ria a retirada da laringe, tamb\u00e9m chamada de <strong>caixa de voz<\/strong>, \u00f3rg\u00e3o respons\u00e1vel por emitir os sons que produzem a voz.<\/p>\n<p>\u201cInfelizmente, nos pacientes que t\u00eam o c\u00e2ncer avan\u00e7ado, a gente precisa retirar completamente a caixa da voz. Com isso, ele perde todo o arcabou\u00e7o fonat\u00f3rio e as pregas vocais. Ent\u00e3o ele n\u00e3o consegue mais falar\u201d, disse.<\/p>\n<p>\u201cEsse paciente fica com um buraco definitivo no pesco\u00e7o, que \u00e9 por onde ele respira. Ent\u00e3o n\u00e3o passa mais ar na boca. Ele n\u00e3o consegue falar, porque todo o ar sai exclusivamente por esse orif\u00edcio do pesco\u00e7o, porque ele n\u00e3o tem mais laringe\u201d, disse o m\u00e9dico.<\/p>\n<\/div>\n<\/div>\n<\/div>\n<\/div>\n<div class=\"wp-block-group\">\n<div class=\"wp-block-group__inner-container is-layout-constrained wp-block-group-is-layout-constrained\">\n<h3 class=\"wp-block-heading\" id=\"h-fiz-traqueostomia-vou-perder-a-voz\">Fiz traqueostomia, vou perder a voz?<\/h3>\n<p>Durante a entrevista, o m\u00e9dico tamb\u00e9m aproveitou a oportunidade para diferenciar os tipos de traqueostomia, o procedimento cir\u00fargico que consiste em criar uma abertura artificial, chamada de estoma, na parte anterior do pesco\u00e7o, diretamente na traqueia.<\/p>\n<figure class=\"wp-block-image size-full\"><img decoding=\"async\" width=\"1200\" height=\"675\" src=\"http:\/\/noticiasbahia360.com.br\/wp-content\/uploads\/2026\/04\/traqueostomia-foto-reproducao-.jpg\" alt=\"Traqueostomia\" class=\"wp-image-650708\" srcset=\"http:\/\/noticiasbahia360.com.br\/wp-content\/uploads\/2026\/04\/traqueostomia-foto-reproducao-.jpg 1200w, https:\/\/uploads.acordacidade.com.br\/2026\/04\/traqueostomia-foto-reproducao--750x422.jpg 750w, https:\/\/uploads.acordacidade.com.br\/2026\/04\/traqueostomia-foto-reproducao--1000x563.jpg 1000w, https:\/\/uploads.acordacidade.com.br\/2026\/04\/traqueostomia-foto-reproducao--450x253.jpg 450w, https:\/\/uploads.acordacidade.com.br\/2026\/04\/traqueostomia-foto-reproducao--150x84.jpg 150w\" sizes=\"(max-width: 1200px) 100vw, 1200px\"><figcaption class=\"wp-element-caption\">Traqueostomia | Foto: Reprodu\u00e7\u00e3o \/ Redes Socias <\/figcaption><\/figure>\n<p> Leonardo explicou que realizar esse tipo de cirurgia n\u00e3o significa necessariamente a perda da voz.<\/p>\n<p>\u201cAlguns pacientes que t\u00eam a traqueostomia, ela pode ser tempor\u00e1ria, reabilita, consegue retirar a c\u00e2nula e o paciente volta a falar e volta a respirar normalmente. Porque estes pacientes n\u00e3o perderam a caixa de voz. Eles tiveram uma condi\u00e7\u00e3o de forma tempor\u00e1ria que fez com que houvesse a necessidade do posicionamento da c\u00e2nula no pesco\u00e7o. N\u00f3s estamos falando de um outro paciente\u201d, disse o m\u00e9dico.<\/p>\n<p>\u201cO paciente que reabilitamos na semana passada foi uma v\u00edtima de c\u00e2ncer de garganta, que perdeu completamente a laringe, portanto agora s\u00f3 passa comida ali, n\u00e3o passa mais ar. Ent\u00e3o toda a respira\u00e7\u00e3o do paciente \u00e9 pelo pesco\u00e7o. O que eu e a Dra. Mariana Cedro, fizemos foi buscar essa pr\u00f3tese fonat\u00f3ria. Ela entrou em contato com a empresa juntamente com a equipe da Santa Casa de Miseric\u00f3rdia e n\u00f3s posicionamos essa pr\u00f3tese para direcionar o ar para a boca do paciente novamente\u201d, completou o m\u00e9dico.<\/p>\n<\/div>\n<\/div>\n<div class=\"wp-block-group\">\n<div class=\"wp-block-group__inner-container is-layout-constrained wp-block-group-is-layout-constrained\">\n<h3 class=\"wp-block-heading\" id=\"h-o-pos-cirurgia\">O p\u00f3s-cirurgia<\/h3>\n<p>O cirurgi\u00e3o explicou que a instala\u00e7\u00e3o da pr\u00f3tese, que \u00e9 um procedimento relativamente simplificado, significa somente o primeiro passo para que o paciente volte a falar. Leonardo afirmou que o acompanhamento e a conduta ap\u00f3s a cirurgia determinar\u00e3o, em grande medida, o sucesso da retomada da comunica\u00e7\u00e3o.<\/p>\n<figure class=\"wp-block-image size-large\"><img decoding=\"async\" width=\"1200\" height=\"675\" src=\"http:\/\/noticiasbahia360.com.br\/wp-content\/uploads\/2026\/04\/fonodiologa-Foto_Freepik-edited.webp\" alt=\"Fonoaudi\u00f3loga destaca import\u00e2ncia do tratamento ap\u00f3s diagn\u00f3stico de autismo\" class=\"wp-image-650711\" srcset=\"http:\/\/noticiasbahia360.com.br\/wp-content\/uploads\/2026\/04\/fonodiologa-Foto_Freepik-edited.webp 1200w, https:\/\/uploads.acordacidade.com.br\/2026\/04\/fonodiologa-Foto_Freepik-edited-750x422.webp 750w, https:\/\/uploads.acordacidade.com.br\/2026\/04\/fonodiologa-Foto_Freepik-edited-1000x563.webp 1000w, https:\/\/uploads.acordacidade.com.br\/2026\/04\/fonodiologa-Foto_Freepik-edited-450x253.webp 450w, https:\/\/uploads.acordacidade.com.br\/2026\/04\/fonodiologa-Foto_Freepik-edited-150x84.webp 150w\" sizes=\"(max-width: 1200px) 100vw, 1200px\"><figcaption class=\"wp-element-caption\">Foto: Freepik<\/figcaption><\/figure>\n<p>\u201cPorque, como o paciente n\u00e3o tem mais a caixa da voz, todo o ar estava saindo pelo pesco\u00e7o. A gente posiciona uma pr\u00f3tese para redirecionar o ar para sair pela boca, que n\u00e3o sa\u00eda mais porque n\u00e3o tem mais esse fluxo de ar pela boca. Ent\u00e3o, ele volta a falar. Ele volta a falar, no in\u00edcio com uma voz ruim, mas, na medida em que vai reabilitando com o fonoaudi\u00f3logo, que \u00e9 um profissional extremamente importante nesse processo\u201d, disse.<\/p>\n<p>\u201cO acompanhamento com ele \u00e9 importante porque ele vai reabilitar o paciente. Porque, imagine, essa pessoa passou seis meses sem conseguir falar nenhuma palavra porque n\u00e3o tinha garganta. Ent\u00e3o, o organismo desaprende a sua capacidade fonat\u00f3ria, o diafragma, toda a musculatura ventilat\u00f3ria; isso \u00e9 perdido. Ent\u00e3o, o fonoaudi\u00f3logo vai ajudar nessa reabilita\u00e7\u00e3o\u201d, complementou o m\u00e9dico.<\/p>\n<\/div>\n<\/div>\n<div class=\"wp-block-group\">\n<div class=\"wp-block-group__inner-container is-layout-constrained wp-block-group-is-layout-constrained\">\n<h3 class=\"wp-block-heading\" id=\"h-o-poder-da-voz\">O poder da voz<\/h3>\n<p>Durante a entrevista, o cirurgi\u00e3o falou sobre o poder simb\u00f3lico que o procedimento pioneiro realizado na Santa Casa representa. Rios explicou que, conceitualmente, a voz representa tr\u00eas pilares importantes na vida de qualquer pessoa: a <strong>comunica\u00e7\u00e3o<\/strong> (capacidade de transmitir o que quer), a <strong>identidade <\/strong>(capacidade da voz ser uma marca pessoal) e a <strong>conex\u00e3o <\/strong>(estabelecer uma liga\u00e7\u00e3o direta com outro ser humano).<\/p>\n<p>\u201cQuando falamos de comunica\u00e7\u00e3o e de conex\u00e3o, parecem palavras semelhantes, mas comunicar-se \u00e9 passar uma mensagem, enquanto conectar-se \u00e9 um pertencimento social e conectar-se a uma pessoa. Exemplo: ontem \u00e0 noite eu estava com meu filho, conversando com ele, perguntando como foi o dia dele, o que ele fez na escola. Mas, naquele momento, al\u00e9m de eu estar me comunicando com o meu filho, eu estava me conectando a ele. Eu estava criando um la\u00e7o mais forte com ele. Ent\u00e3o, a voz nos permite a conex\u00e3o\u201d, disse.<\/p>\n<figure class=\"wp-block-image size-full is-resized\"><img decoding=\"async\" width=\"637\" height=\"402\" src=\"http:\/\/noticiasbahia360.com.br\/wp-content\/uploads\/2026\/04\/Amigos-social-7.png\" alt=\"\" class=\"wp-image-363904\" style=\"width:840px;height:auto\" srcset=\"http:\/\/noticiasbahia360.com.br\/wp-content\/uploads\/2026\/04\/Amigos-social-7.png 637w, https:\/\/www.acordacidade.com.br\/wp-content\/uploads\/2024\/02\/14103348\/Amigos-social-7-300x189.png 300w\" sizes=\"(max-width: 637px) 100vw, 637px\"><figcaption class=\"wp-element-caption\">Foto: Ilustra\u00e7\u00e3o\/Freepik <\/figcaption><\/figure>\n<p>\u201cEnt\u00e3o, o SUS \u00e9 maravilhoso. Quando conseguimos tratar o paciente, curar o paciente, reabilitar o paciente, devolvemos o paciente para a sociedade para ele voltar a se comunicar, se conectar, ter a sua identidade de volta. Isso \u00e9 muito importante e foi isso que n\u00f3s sentimos na semana passada\u201d, concluiu o m\u00e9dico.<\/p>\n<\/div>\n<\/div>\n<p><em>Siga o Acorda Cidade no\u00a0<\/em><a href=\"https:\/\/news.google.com\/search?q=acorda%20cidade&amp;hl=pt-BR&amp;gl=BR&amp;ceid=BR%3Apt-419\"><strong><em>Google Not\u00edcias<\/em><\/strong><\/a><em>\u00a0e receba os principais destaques do dia. Participe tamb\u00e9m dos nossos canais no\u00a0<\/em><a href=\"https:\/\/www.whatsapp.com\/channel\/0029Va6Rb4v3WHTNnsh8WI3N\"><strong><em>WhatsApp<\/em><\/strong><\/a><em>\u00a0e\u00a0<\/em><a href=\"https:\/\/www.youtube.com\/@acordacidadenoticias\/videos\"><strong>YouTube<\/strong><\/a><em>\u00a0e grupo de\u00a0<\/em><a href=\"https:\/\/t.me\/+sSz0khrgARA0ZmRh\"><strong><em>Telegram<\/em><\/strong><\/a><em>.<\/em><\/p>\n<\/div>\n","protected":false},"excerpt":{"rendered":"<div>\n<div>\n<figure><img decoding=\"async\" src=\"https:\/\/www.acordacidade.com.br\/wp-content\/uploads\/2022\/11\/23205502\/HDPA-cirurgia-medicos-cirurgicoes-santa-casa-foto-ascom-2022.jpg\" alt=\"cirurgia Santa Casa de Feira tem tr\u00eas programas de resid\u00eancia m\u00e9dica aprovados pelo MEC\"><figcaption>Foto: Ascom\/HDPA<\/figcaption><\/figure>\n<\/div>\n<p>O procedimento, considerado in\u00e9dito na regi\u00e3o, consiste na instala\u00e7\u00e3o de uma pr\u00f3tese que substitui a caixa de voz.<\/p><\/div>\n","protected":false},"author":1,"featured_media":128854,"comment_status":"closed","ping_status":"closed","sticky":false,"template":"","format":"gallery","meta":{"footnotes":""},"categories":[8,9,6,57,56,10],"tags":[],"class_list":["post-128853","post","type-post","status-publish","format-gallery","has-post-thumbnail","hentry","category-bahia","category-brasil","category-feira-de-santana","category-mundo","category-policia","category-politica","post_format-post-format-gallery"],"featured_image_urls":{"full":["https:\/\/noticiasbahia360.com.br\/wp-content\/uploads\/2026\/04\/HDPA-cirurgia-medicos-cirurgicoes-santa-casa-foto-ascom-2022.jpg",640,427,false],"thumbnail":["https:\/\/noticiasbahia360.com.br\/wp-content\/uploads\/2026\/04\/HDPA-cirurgia-medicos-cirurgicoes-santa-casa-foto-ascom-2022-150x150.jpg",150,150,true],"medium":["https:\/\/noticiasbahia360.com.br\/wp-content\/uploads\/2026\/04\/HDPA-cirurgia-medicos-cirurgicoes-santa-casa-foto-ascom-2022-300x200.jpg",300,200,true],"medium_large":["https:\/\/noticiasbahia360.com.br\/wp-content\/uploads\/2026\/04\/HDPA-cirurgia-medicos-cirurgicoes-santa-casa-foto-ascom-2022.jpg",640,427,false],"large":["https:\/\/noticiasbahia360.com.br\/wp-content\/uploads\/2026\/04\/HDPA-cirurgia-medicos-cirurgicoes-santa-casa-foto-ascom-2022.jpg",640,427,false],"1536x1536":["https:\/\/noticiasbahia360.com.br\/wp-content\/uploads\/2026\/04\/HDPA-cirurgia-medicos-cirurgicoes-santa-casa-foto-ascom-2022.jpg",640,427,false],"2048x2048":["https:\/\/noticiasbahia360.com.br\/wp-content\/uploads\/2026\/04\/HDPA-cirurgia-medicos-cirurgicoes-santa-casa-foto-ascom-2022.jpg",640,427,false],"chromenews-featured":["https:\/\/noticiasbahia360.com.br\/wp-content\/uploads\/2026\/04\/HDPA-cirurgia-medicos-cirurgicoes-santa-casa-foto-ascom-2022.jpg",640,427,false],"chromenews-large":["https:\/\/noticiasbahia360.com.br\/wp-content\/uploads\/2026\/04\/HDPA-cirurgia-medicos-cirurgicoes-santa-casa-foto-ascom-2022.jpg",640,427,false],"chromenews-medium":["https:\/\/noticiasbahia360.com.br\/wp-content\/uploads\/2026\/04\/HDPA-cirurgia-medicos-cirurgicoes-santa-casa-foto-ascom-2022-590x410.jpg",590,410,true]},"author_info":{"display_name":"noticiasbahia360.com.br","author_link":"https:\/\/noticiasbahia360.com.br\/?author=1"},"category_info":"<a href=\"https:\/\/noticiasbahia360.com.br\/?cat=8\" rel=\"category\">Bahia<\/a> <a href=\"https:\/\/noticiasbahia360.com.br\/?cat=9\" rel=\"category\">Brasil<\/a> <a href=\"https:\/\/noticiasbahia360.com.br\/?cat=6\" rel=\"category\">Feira de Santana<\/a> <a href=\"https:\/\/noticiasbahia360.com.br\/?cat=57\" rel=\"category\">Mundo<\/a> <a href=\"https:\/\/noticiasbahia360.com.br\/?cat=56\" rel=\"category\">Pol\u00edcia<\/a> <a href=\"https:\/\/noticiasbahia360.com.br\/?cat=10\" rel=\"category\">Pol\u00edtica<\/a>","tag_info":"Pol\u00edtica","comment_count":"0","_links":{"self":[{"href":"https:\/\/noticiasbahia360.com.br\/index.php?rest_route=\/wp\/v2\/posts\/128853","targetHints":{"allow":["GET"]}}],"collection":[{"href":"https:\/\/noticiasbahia360.com.br\/index.php?rest_route=\/wp\/v2\/posts"}],"about":[{"href":"https:\/\/noticiasbahia360.com.br\/index.php?rest_route=\/wp\/v2\/types\/post"}],"author":[{"embeddable":true,"href":"https:\/\/noticiasbahia360.com.br\/index.php?rest_route=\/wp\/v2\/users\/1"}],"replies":[{"embeddable":true,"href":"https:\/\/noticiasbahia360.com.br\/index.php?rest_route=%2Fwp%2Fv2%2Fcomments&post=128853"}],"version-history":[{"count":0,"href":"https:\/\/noticiasbahia360.com.br\/index.php?rest_route=\/wp\/v2\/posts\/128853\/revisions"}],"wp:featuredmedia":[{"embeddable":true,"href":"https:\/\/noticiasbahia360.com.br\/index.php?rest_route=\/wp\/v2\/media\/128854"}],"wp:attachment":[{"href":"https:\/\/noticiasbahia360.com.br\/index.php?rest_route=%2Fwp%2Fv2%2Fmedia&parent=128853"}],"wp:term":[{"taxonomy":"category","embeddable":true,"href":"https:\/\/noticiasbahia360.com.br\/index.php?rest_route=%2Fwp%2Fv2%2Fcategories&post=128853"},{"taxonomy":"post_tag","embeddable":true,"href":"https:\/\/noticiasbahia360.com.br\/index.php?rest_route=%2Fwp%2Fv2%2Ftags&post=128853"}],"curies":[{"name":"wp","href":"https:\/\/api.w.org\/{rel}","templated":true}]}}