{"id":128861,"date":"2026-04-29T09:06:55","date_gmt":"2026-04-29T12:06:55","guid":{"rendered":"https:\/\/noticiasbahia360.com.br\/?p=128861"},"modified":"2026-04-29T09:06:55","modified_gmt":"2026-04-29T12:06:55","slug":"equipe-de-buscas-encontra-corpo-em-praia-de-itacimirim","status":"publish","type":"post","link":"https:\/\/noticiasbahia360.com.br\/?p=128861","title":{"rendered":"Equipe de buscas encontra corpo em praia de Itacimirim"},"content":{"rendered":"<div>\n<div>\n<figure><img decoding=\"async\" src=\"http:\/\/noticiasbahia360.com.br\/wp-content\/uploads\/2026\/04\/Praia-de-Itacimirim-1-1.jpg\" alt=\"Praia de Itacimirim\"><figcaption>Itacimirim | Foto: Divulga\u00e7\u00e3o\/ CBMBA<\/figcaption><\/figure>\n<\/div>\n<div class=\"wp-block-group\">\n<div class=\"wp-block-group__inner-container is-layout-constrained wp-block-group-is-layout-constrained\">\n<p>Um corpo, possivelmente do sexo masculino, foi encontrado por uma equipe de buscas na tarde de ter\u00e7a-feira (28), pr\u00f3ximo \u00e0 Praia do Castelo, em Itacimirim. A informa\u00e7\u00e3o foi divulgada pelo Corpo de Bombeiros Militar da Bahia.<\/p>\n<p><a href=\"https:\/\/www.acordacidade.com.br\/bahia\/bombeiros-seguem-buscas-por-desaparecido-em-praia-de-itacimirim\/\">A equipe estava em busca de uma pessoa desaparecida desde segunda-feira (27).<\/a> De acordo com o 13\u00ba BBM\/Bmar, o corpo foi localizado a cerca de 3 km da faixa de areia da praia e possivelmente \u00e9 da v\u00edtima que estava desaparecida.<\/p>\n<p>Conforme o portal <a href=\"https:\/\/www.acordacidade.com.br\/\">Acorda Cidade<\/a> j\u00e1 divulgou, duas v\u00edtimas, sendo um adulto e uma crian\u00e7a, chegaram a ser socorridas no local ainda na segunda (27).<\/p>\n<p>A crian\u00e7a foi retirada da \u00e1gua com vida e foi encaminhada a uma unidade de sa\u00fade local. J\u00e1 o adulto, um homem que n\u00e3o teve a identidade divulgada, foi retirado da \u00e1gua por populares, mas n\u00e3o resistiu.<\/p>\n<\/div>\n<\/div>\n<div class=\"wp-block-group\">\n<div class=\"wp-block-group__inner-container is-layout-constrained wp-block-group-is-layout-constrained\">\n<p><strong>Leia tamb\u00e9m:<\/strong><\/p>\n<p><a href=\"https:\/\/www.acordacidade.com.br\/bahia\/bombeiros-seguem-buscas-por-desaparecido-em-praia-de-itacimirim\/\">Bombeiros seguem buscas por desaparecido em praia de Itacimirim<\/a><\/p>\n<p><em>Siga o Acorda Cidade no<\/em><a href=\"https:\/\/news.google.com\/search?q=acorda%20cidade&amp;hl=pt-BR&amp;gl=BR&amp;ceid=BR%3Apt-419\"><strong><em>\u00a0Google Not\u00edcias<\/em><\/strong><\/a><em>\u00a0e receba os principais destaques do dia. Participe tamb\u00e9m dos nossos canais no\u00a0<\/em><a href=\"https:\/\/www.whatsapp.com\/channel\/0029Va6Rb4v3WHTNnsh8WI3N\"><strong><em>WhatsApp<\/em><\/strong><\/a><em>\u00a0e\u00a0<\/em><a href=\"https:\/\/www.youtube.com\/@acordacidadenoticias\/videos\"><strong>YouTube<\/strong><\/a><em>\u00a0e grupo de\u00a0<\/em><a href=\"https:\/\/t.me\/+sSz0khrgARA0ZmRh\"><strong><em>Telegram<\/em><\/strong><\/a><em>.<\/em><\/p>\n<p><a href=\"https:\/\/www.acordacidade.com.br\/bahia\/bombeiros-seguem-buscas-por-desaparecido-em-praia-de-itacimirim\/\"><br \/><\/a><\/p>\n<\/div>\n<\/div>\n<\/div>\n","protected":false},"excerpt":{"rendered":"<div>\n<div>\n<figure><img decoding=\"async\" src=\"https:\/\/uploads.acordacidade.com.br\/2026\/04\/Praia-de-Itacimirim-1.jpg\" alt=\"Praia de Itacimirim\"><figcaption>Itacimirim | Foto: Divulga\u00e7\u00e3o\/ CBMBA<\/figcaption><\/figure>\n<\/div>\n<p>A v\u00edtima foi encontrada por uma equipe de buscas na tarde de ter\u00e7a-feira (28).<\/p><\/div>\n","protected":false},"author":1,"featured_media":128862,"comment_status":"closed","ping_status":"closed","sticky":false,"template":"","format":"gallery","meta":{"footnotes":""},"categories":[8,9,6,57,56,10],"tags":[],"class_list":["post-128861","post","type-post","status-publish","format-gallery","has-post-thumbnail","hentry","category-bahia","category-brasil","category-feira-de-santana","category-mundo","category-policia","category-politica","post_format-post-format-gallery"],"featured_image_urls":{"full":["https:\/\/noticiasbahia360.com.br\/wp-content\/uploads\/2026\/04\/Praia-de-Itacimirim-1-1.jpg",1200,811,false],"thumbnail":["https:\/\/noticiasbahia360.com.br\/wp-content\/uploads\/2026\/04\/Praia-de-Itacimirim-1-1-150x150.jpg",150,150,true],"medium":["https:\/\/noticiasbahia360.com.br\/wp-content\/uploads\/2026\/04\/Praia-de-Itacimirim-1-1-300x203.jpg",300,203,true],"medium_large":["https:\/\/noticiasbahia360.com.br\/wp-content\/uploads\/2026\/04\/Praia-de-Itacimirim-1-1-768x519.jpg",640,433,true],"large":["https:\/\/noticiasbahia360.com.br\/wp-content\/uploads\/2026\/04\/Praia-de-Itacimirim-1-1-1024x692.jpg",640,433,true],"1536x1536":["https:\/\/noticiasbahia360.com.br\/wp-content\/uploads\/2026\/04\/Praia-de-Itacimirim-1-1.jpg",1200,811,false],"2048x2048":["https:\/\/noticiasbahia360.com.br\/wp-content\/uploads\/2026\/04\/Praia-de-Itacimirim-1-1.jpg",1200,811,false],"chromenews-featured":["https:\/\/noticiasbahia360.com.br\/wp-content\/uploads\/2026\/04\/Praia-de-Itacimirim-1-1-1024x692.jpg",1024,692,true],"chromenews-large":["https:\/\/noticiasbahia360.com.br\/wp-content\/uploads\/2026\/04\/Praia-de-Itacimirim-1-1-825x575.jpg",825,575,true],"chromenews-medium":["https:\/\/noticiasbahia360.com.br\/wp-content\/uploads\/2026\/04\/Praia-de-Itacimirim-1-1-590x410.jpg",590,410,true]},"author_info":{"display_name":"noticiasbahia360.com.br","author_link":"https:\/\/noticiasbahia360.com.br\/?author=1"},"category_info":"<a href=\"https:\/\/noticiasbahia360.com.br\/?cat=8\" rel=\"category\">Bahia<\/a> <a href=\"https:\/\/noticiasbahia360.com.br\/?cat=9\" rel=\"category\">Brasil<\/a> <a href=\"https:\/\/noticiasbahia360.com.br\/?cat=6\" rel=\"category\">Feira de Santana<\/a> <a href=\"https:\/\/noticiasbahia360.com.br\/?cat=57\" rel=\"category\">Mundo<\/a> <a href=\"https:\/\/noticiasbahia360.com.br\/?cat=56\" rel=\"category\">Pol\u00edcia<\/a> <a href=\"https:\/\/noticiasbahia360.com.br\/?cat=10\" rel=\"category\">Pol\u00edtica<\/a>","tag_info":"Pol\u00edtica","comment_count":"0","_links":{"self":[{"href":"https:\/\/noticiasbahia360.com.br\/index.php?rest_route=\/wp\/v2\/posts\/128861","targetHints":{"allow":["GET"]}}],"collection":[{"href":"https:\/\/noticiasbahia360.com.br\/index.php?rest_route=\/wp\/v2\/posts"}],"about":[{"href":"https:\/\/noticiasbahia360.com.br\/index.php?rest_route=\/wp\/v2\/types\/post"}],"author":[{"embeddable":true,"href":"https:\/\/noticiasbahia360.com.br\/index.php?rest_route=\/wp\/v2\/users\/1"}],"replies":[{"embeddable":true,"href":"https:\/\/noticiasbahia360.com.br\/index.php?rest_route=%2Fwp%2Fv2%2Fcomments&post=128861"}],"version-history":[{"count":0,"href":"https:\/\/noticiasbahia360.com.br\/index.php?rest_route=\/wp\/v2\/posts\/128861\/revisions"}],"wp:featuredmedia":[{"embeddable":true,"href":"https:\/\/noticiasbahia360.com.br\/index.php?rest_route=\/wp\/v2\/media\/128862"}],"wp:attachment":[{"href":"https:\/\/noticiasbahia360.com.br\/index.php?rest_route=%2Fwp%2Fv2%2Fmedia&parent=128861"}],"wp:term":[{"taxonomy":"category","embeddable":true,"href":"https:\/\/noticiasbahia360.com.br\/index.php?rest_route=%2Fwp%2Fv2%2Fcategories&post=128861"},{"taxonomy":"post_tag","embeddable":true,"href":"https:\/\/noticiasbahia360.com.br\/index.php?rest_route=%2Fwp%2Fv2%2Ftags&post=128861"}],"curies":[{"name":"wp","href":"https:\/\/api.w.org\/{rel}","templated":true}]}}