{"id":128863,"date":"2026-04-29T09:17:01","date_gmt":"2026-04-29T12:17:01","guid":{"rendered":"https:\/\/noticiasbahia360.com.br\/?p=128863"},"modified":"2026-04-29T09:17:01","modified_gmt":"2026-04-29T12:17:01","slug":"tse-avanca-para-cassar-mandato-do-governador-de-roraima","status":"publish","type":"post","link":"https:\/\/noticiasbahia360.com.br\/?p=128863","title":{"rendered":"TSE avan\u00e7a para cassar mandato do governador de Roraima"},"content":{"rendered":"<div>\n<div>\n<figure><img decoding=\"async\" src=\"http:\/\/noticiasbahia360.com.br\/wp-content\/uploads\/2026\/04\/TSE.jpg\" alt=\"TSE\"><figcaption>Foto: Marcelo Camargo\/Ag\u00eancia Brasil<\/figcaption><\/figure>\n<\/div>\n<p>Ag\u00eancia Brasil \u2013 O Tribunal Superior Eleitoral (TSE) formou nesta ter\u00e7a-feira (28) maioria de votos para cassar o mandato do governador de Roraima, Edilson Dami\u00e3o (Uni\u00e3o), e determinar a realiza\u00e7\u00e3o de novas elei\u00e7\u00f5es no estado.<img decoding=\"async\" src=\"https:\/\/agenciabrasil.ebc.com.br\/ebc.png?id=1687593&amp;o=node\"><img decoding=\"async\" src=\"https:\/\/agenciabrasil.ebc.com.br\/ebc.gif?id=1687593&amp;o=node\"><\/p>\n<p>Na mesma sess\u00e3o, o tribunal tamb\u00e9m formou maioria para tornar o ex-governador Antonio Denarium (Republicanos) ineleg\u00edvel pelo prazo de oito anos.<\/p>\n<p>Apesar do entendimento, o julgamento foi suspenso e ser\u00e1 retomado na pr\u00f3xima quinta-feira (30), quando o resultado deve ser proclamado.\u00a0<\/p>\n<p>At\u00e9 o momento, o TSE entendeu que a chapa que elegeu os pol\u00edticos cometeu abuso de poder durante a campanha eleitoral de 2022.<\/p>\n<p>O tribunal negou um recurso protocolado pela defesa de Denarium. Em 2023, o Tribunal Regional Eleitoral de Roraima\u00a0(TRE-RR) cassou os mandatos de Denarium e Dami\u00e3o por entender que houve ilegalidade na distribui\u00e7\u00e3o de cestas b\u00e1sicas e benef\u00edcios para reforma de casas durante o ano eleitoral.<\/p>\n<p>No in\u00edcio deste m\u00eas, Denarium, que foi eleito governador,\u00a0deixou o cargo para cumprir o prazo de desincompatibiliza\u00e7\u00e3o\u00a0e se candidatar ao Senado.<\/p>\n<p>Com a sa\u00edda, Dami\u00e3o, que era vice-governador, assumiu o comando o governo estadual.<\/p>\n<h2 class=\"wp-block-heading\" id=\"h-defesa\">Defesa<\/h2>\n<p>Durante a tramita\u00e7\u00e3o do processo, a defesa do ex-governador Denarium pediu a anula\u00e7\u00e3o da decis\u00e3o que cassou o mandato e disse que n\u00e3o houve irregularidades na distribui\u00e7\u00e3o dos benef\u00edcios. Segundo os advogados, n\u00e3o houve a cria\u00e7\u00e3o de novos\u00a0programas sociais, mas a reuni\u00e3o dos j\u00e1 existentes.\u00a0<\/p>\n<p><em>Siga o Acorda Cidade no<\/em><a href=\"https:\/\/news.google.com\/search?q=acorda%20cidade&amp;hl=pt-BR&amp;gl=BR&amp;ceid=BR%3Apt-419\"><strong><em>\u00a0Google Not\u00edcias<\/em><\/strong><\/a><em>\u00a0e receba os principais destaques do dia. Participe tamb\u00e9m dos nossos canais no\u00a0<\/em><a href=\"https:\/\/www.whatsapp.com\/channel\/0029Va6Rb4v3WHTNnsh8WI3N\"><strong><em>WhatsApp<\/em><\/strong><\/a><em>\u00a0e\u00a0<\/em><a href=\"https:\/\/www.youtube.com\/@acordacidadenoticias\/videos\"><strong>YouTube<\/strong><\/a><em>\u00a0e grupo de\u00a0<\/em><a href=\"https:\/\/t.me\/+sSz0khrgARA0ZmRh\"><strong><em>Telegram<\/em><\/strong><\/a><em>.<\/em><\/p>\n<\/div>\n","protected":false},"excerpt":{"rendered":"<div>\n<div>\n<figure><img decoding=\"async\" src=\"https:\/\/www.acordacidade.com.br\/wp-content\/uploads\/2023\/06\/27081446\/TSE.jpg\" alt=\"TSE\"><figcaption>Foto: Marcelo Camargo\/Ag\u00eancia Brasil<\/figcaption><\/figure>\n<\/div>\n<p>At\u00e9 o momento, o TSE entendeu que a chapa que elegeu os pol\u00edticos cometeu abuso de poder durante a campanha eleitoral de 2022.<\/p><\/div>\n","protected":false},"author":1,"featured_media":128864,"comment_status":"closed","ping_status":"closed","sticky":false,"template":"","format":"gallery","meta":{"footnotes":""},"categories":[8,9,6,57,56,10],"tags":[],"class_list":["post-128863","post","type-post","status-publish","format-gallery","has-post-thumbnail","hentry","category-bahia","category-brasil","category-feira-de-santana","category-mundo","category-policia","category-politica","post_format-post-format-gallery"],"featured_image_urls":{"full":["https:\/\/noticiasbahia360.com.br\/wp-content\/uploads\/2026\/04\/TSE.jpg",640,382,false],"thumbnail":["https:\/\/noticiasbahia360.com.br\/wp-content\/uploads\/2026\/04\/TSE-150x150.jpg",150,150,true],"medium":["https:\/\/noticiasbahia360.com.br\/wp-content\/uploads\/2026\/04\/TSE-300x179.jpg",300,179,true],"medium_large":["https:\/\/noticiasbahia360.com.br\/wp-content\/uploads\/2026\/04\/TSE.jpg",640,382,false],"large":["https:\/\/noticiasbahia360.com.br\/wp-content\/uploads\/2026\/04\/TSE.jpg",640,382,false],"1536x1536":["https:\/\/noticiasbahia360.com.br\/wp-content\/uploads\/2026\/04\/TSE.jpg",640,382,false],"2048x2048":["https:\/\/noticiasbahia360.com.br\/wp-content\/uploads\/2026\/04\/TSE.jpg",640,382,false],"chromenews-featured":["https:\/\/noticiasbahia360.com.br\/wp-content\/uploads\/2026\/04\/TSE.jpg",640,382,false],"chromenews-large":["https:\/\/noticiasbahia360.com.br\/wp-content\/uploads\/2026\/04\/TSE.jpg",640,382,false],"chromenews-medium":["https:\/\/noticiasbahia360.com.br\/wp-content\/uploads\/2026\/04\/TSE-590x382.jpg",590,382,true]},"author_info":{"display_name":"noticiasbahia360.com.br","author_link":"https:\/\/noticiasbahia360.com.br\/?author=1"},"category_info":"<a href=\"https:\/\/noticiasbahia360.com.br\/?cat=8\" rel=\"category\">Bahia<\/a> <a href=\"https:\/\/noticiasbahia360.com.br\/?cat=9\" rel=\"category\">Brasil<\/a> <a href=\"https:\/\/noticiasbahia360.com.br\/?cat=6\" rel=\"category\">Feira de Santana<\/a> <a href=\"https:\/\/noticiasbahia360.com.br\/?cat=57\" rel=\"category\">Mundo<\/a> <a href=\"https:\/\/noticiasbahia360.com.br\/?cat=56\" rel=\"category\">Pol\u00edcia<\/a> <a href=\"https:\/\/noticiasbahia360.com.br\/?cat=10\" rel=\"category\">Pol\u00edtica<\/a>","tag_info":"Pol\u00edtica","comment_count":"0","_links":{"self":[{"href":"https:\/\/noticiasbahia360.com.br\/index.php?rest_route=\/wp\/v2\/posts\/128863","targetHints":{"allow":["GET"]}}],"collection":[{"href":"https:\/\/noticiasbahia360.com.br\/index.php?rest_route=\/wp\/v2\/posts"}],"about":[{"href":"https:\/\/noticiasbahia360.com.br\/index.php?rest_route=\/wp\/v2\/types\/post"}],"author":[{"embeddable":true,"href":"https:\/\/noticiasbahia360.com.br\/index.php?rest_route=\/wp\/v2\/users\/1"}],"replies":[{"embeddable":true,"href":"https:\/\/noticiasbahia360.com.br\/index.php?rest_route=%2Fwp%2Fv2%2Fcomments&post=128863"}],"version-history":[{"count":0,"href":"https:\/\/noticiasbahia360.com.br\/index.php?rest_route=\/wp\/v2\/posts\/128863\/revisions"}],"wp:featuredmedia":[{"embeddable":true,"href":"https:\/\/noticiasbahia360.com.br\/index.php?rest_route=\/wp\/v2\/media\/128864"}],"wp:attachment":[{"href":"https:\/\/noticiasbahia360.com.br\/index.php?rest_route=%2Fwp%2Fv2%2Fmedia&parent=128863"}],"wp:term":[{"taxonomy":"category","embeddable":true,"href":"https:\/\/noticiasbahia360.com.br\/index.php?rest_route=%2Fwp%2Fv2%2Fcategories&post=128863"},{"taxonomy":"post_tag","embeddable":true,"href":"https:\/\/noticiasbahia360.com.br\/index.php?rest_route=%2Fwp%2Fv2%2Ftags&post=128863"}],"curies":[{"name":"wp","href":"https:\/\/api.w.org\/{rel}","templated":true}]}}