{"id":128865,"date":"2026-04-29T09:17:01","date_gmt":"2026-04-29T12:17:01","guid":{"rendered":"https:\/\/noticiasbahia360.com.br\/?p=128865"},"modified":"2026-04-29T09:17:01","modified_gmt":"2026-04-29T12:17:01","slug":"boxeadores-baianos-vao-ao-campeonato-brasileiro-apos-bons-resultados-internacionais","status":"publish","type":"post","link":"https:\/\/noticiasbahia360.com.br\/?p=128865","title":{"rendered":"Boxeadores baianos v\u00e3o ao Campeonato Brasileiro ap\u00f3s bons resultados internacionais"},"content":{"rendered":"<div>\n<div>\n<figure><img decoding=\"async\" src=\"http:\/\/noticiasbahia360.com.br\/wp-content\/uploads\/2026\/04\/Beatriz-Ferreira-boxe-Olimpiadas-de-Paris.png\" alt=\"Beatriz Ferreira - boxe\"><figcaption>Bia Ferreira &#8211; Foto: Gaspar N\u00f3brega\/COB<\/figcaption><\/figure>\n<\/div>\n<p>A Bahia j\u00e1 est\u00e1 preparada para manter a hegemonia no boxe nacional nesta semana. O Campeonato Brasileiro de Boxe Elite \u2013 Masculino e Feminino 2026 come\u00e7a na ter\u00e7a-feira (28) e segue at\u00e9 segunda-feira (4), em Foz do Igua\u00e7u, no Paran\u00e1. Ao todo, 14 baianos disputam o torneio nacional, com dez deles viajando com passagens a\u00e9reas concedidas pelo Governo do Estado, ap\u00f3s uma semana de destaque internacional.<\/p>\n<p>Quatro medalhas foram conquistadas pelos representantes da Bahia durante a etapa inicial da Copa do Mundo de Boxe 2026, na \u00faltima semana, tamb\u00e9m na cidade paranaense. Wanderley Pereira, na categoria at\u00e9 65 kg, e Isa\u00edas Filho, na categoria at\u00e9 90 kg, conquistaram a medalha de ouro, enquanto B\u00e1rbara Santos, na categoria at\u00e9 75 kg, e Kaian Reis, at\u00e9 70 kg, conquistaram a prata.<\/p>\n<p>O Brasil terminou a primeira etapa da Copa do Mundo de Boxe 2026 com quatro medalhas de ouro nas nove finais que o pa\u00eds disputou, liderando a tabela por pa\u00edses e seguido por China (quatro ouros), Cazaquist\u00e3o e Azerbaij\u00e3o, terceiro e quarto lugares respectivamente (tr\u00eas ouros cada pa\u00eds). A pr\u00f3xima etapa ser\u00e1 realizada em Guiyang, na China, entre 15 e 20 de junho, enquanto o calend\u00e1rio prev\u00ea a realiza\u00e7\u00e3o das finais na cidade de Tashkent, no Uzbequist\u00e3o, entre novembro e o in\u00edcio de dezembro<\/p>\n<h3 class=\"wp-block-heading\" id=\"h-delegacao-baiana-no-campeonato-brasileiro\">Delega\u00e7\u00e3o baiana no Campeonato Brasileiro<\/h3>\n<p>Composto por 14 boxeadores e quatro membros da comiss\u00e3o t\u00e9cnica, o grupo j\u00e1 se encontra em Foz do Igua\u00e7u para o in\u00edcio das lutas. Dentre os destaques, est\u00e3o os medalhistas e representantes ol\u00edmpicos Beatriz Ferreira (-60 kg); Keno Marley (-70 kg); e Tatiana Chagas (-54 kg).<\/p>\n<p>Bia Ferreira e Keno, inclusive s\u00e3o alguns dos principais nomes do boxe da Bahia e do Brasil nos \u00faltimos anos e j\u00e1 contaram com o apoio dos programas Bolsa Esporte e FazAtleta, do Governo do Estado, por meio da Superintend\u00eancia dos Desportos do Estado da Bahia (Sudesb), autarquia da Secretaria do Trabalho, Emprego, Renda e Esporte (Setre), nos \u00faltimos anos.<\/p>\n<p>Al\u00e9m deles, a lista \u00e9 completa por Breno Carvalho (-60 kg); Haziel Santos (-65 kg); Jackline Nascimento (-75 kg); J\u00e9ssica Coutinho (-57 kg); Joel Silva (+90 kg); Jom\u00e1rio da Cruz (-80 kg); Kaian Reis (-70 kg); Ronaldo Silva (-55 kg); Samuel Rosa (-65 kg); Viviane Pereira (-70 kg); e Yasmine Silva (-51 kg). Kaian vem da medalha de prata conquistada na \u00faltima semana na Copa do Mundo em Foz do Igua\u00e7u, como uma das principais expectativas de medalha.<\/p>\n<p><em>Siga o Acorda Cidade no<\/em><a href=\"https:\/\/news.google.com\/search?q=acorda%20cidade&amp;hl=pt-BR&amp;gl=BR&amp;ceid=BR%3Apt-419\"><strong><em>\u00a0Google Not\u00edcias<\/em><\/strong><\/a><em>\u00a0e receba os principais destaques do dia. Participe tamb\u00e9m dos nossos canais no\u00a0<\/em><a href=\"https:\/\/www.whatsapp.com\/channel\/0029Va6Rb4v3WHTNnsh8WI3N\"><strong><em>WhatsApp<\/em><\/strong><\/a><em>\u00a0e\u00a0<\/em><a href=\"https:\/\/www.youtube.com\/@acordacidadenoticias\/videos\"><strong>YouTube<\/strong><\/a><em>\u00a0e grupo de\u00a0<\/em><a href=\"https:\/\/t.me\/+sSz0khrgARA0ZmRh\"><strong><em>Telegram<\/em><\/strong><\/a><em>.<\/em><\/p>\n<\/div>\n","protected":false},"excerpt":{"rendered":"<div>\n<div>\n<figure><img decoding=\"async\" src=\"https:\/\/www.acordacidade.com.br\/wp-content\/uploads\/2024\/08\/08141251\/Beatriz-Ferreira-boxe-Olimpiadas-de-Paris.png\" alt=\"Beatriz Ferreira - boxe\"><figcaption>Bia Ferreira &#8211; Foto: Gaspar N\u00f3brega\/COB<\/figcaption><\/figure>\n<\/div>\n<p>Composto por 14 boxeadores e quatro membros da comiss\u00e3o t\u00e9cnica, o grupo j\u00e1 se encontra em Foz do Igua\u00e7u para o in\u00edcio das lutas.<\/p><\/div>\n","protected":false},"author":1,"featured_media":128866,"comment_status":"closed","ping_status":"closed","sticky":false,"template":"","format":"gallery","meta":{"footnotes":""},"categories":[8,9,6,57,56,10],"tags":[],"class_list":["post-128865","post","type-post","status-publish","format-gallery","has-post-thumbnail","hentry","category-bahia","category-brasil","category-feira-de-santana","category-mundo","category-policia","category-politica","post_format-post-format-gallery"],"featured_image_urls":{"full":["https:\/\/noticiasbahia360.com.br\/wp-content\/uploads\/2026\/04\/Beatriz-Ferreira-boxe-Olimpiadas-de-Paris.png",640,422,false],"thumbnail":["https:\/\/noticiasbahia360.com.br\/wp-content\/uploads\/2026\/04\/Beatriz-Ferreira-boxe-Olimpiadas-de-Paris-150x150.png",150,150,true],"medium":["https:\/\/noticiasbahia360.com.br\/wp-content\/uploads\/2026\/04\/Beatriz-Ferreira-boxe-Olimpiadas-de-Paris-300x198.png",300,198,true],"medium_large":["https:\/\/noticiasbahia360.com.br\/wp-content\/uploads\/2026\/04\/Beatriz-Ferreira-boxe-Olimpiadas-de-Paris.png",640,422,false],"large":["https:\/\/noticiasbahia360.com.br\/wp-content\/uploads\/2026\/04\/Beatriz-Ferreira-boxe-Olimpiadas-de-Paris.png",640,422,false],"1536x1536":["https:\/\/noticiasbahia360.com.br\/wp-content\/uploads\/2026\/04\/Beatriz-Ferreira-boxe-Olimpiadas-de-Paris.png",640,422,false],"2048x2048":["https:\/\/noticiasbahia360.com.br\/wp-content\/uploads\/2026\/04\/Beatriz-Ferreira-boxe-Olimpiadas-de-Paris.png",640,422,false],"chromenews-featured":["https:\/\/noticiasbahia360.com.br\/wp-content\/uploads\/2026\/04\/Beatriz-Ferreira-boxe-Olimpiadas-de-Paris.png",640,422,false],"chromenews-large":["https:\/\/noticiasbahia360.com.br\/wp-content\/uploads\/2026\/04\/Beatriz-Ferreira-boxe-Olimpiadas-de-Paris.png",640,422,false],"chromenews-medium":["https:\/\/noticiasbahia360.com.br\/wp-content\/uploads\/2026\/04\/Beatriz-Ferreira-boxe-Olimpiadas-de-Paris-590x410.png",590,410,true]},"author_info":{"display_name":"noticiasbahia360.com.br","author_link":"https:\/\/noticiasbahia360.com.br\/?author=1"},"category_info":"<a href=\"https:\/\/noticiasbahia360.com.br\/?cat=8\" rel=\"category\">Bahia<\/a> <a href=\"https:\/\/noticiasbahia360.com.br\/?cat=9\" rel=\"category\">Brasil<\/a> <a href=\"https:\/\/noticiasbahia360.com.br\/?cat=6\" rel=\"category\">Feira de Santana<\/a> <a href=\"https:\/\/noticiasbahia360.com.br\/?cat=57\" rel=\"category\">Mundo<\/a> <a href=\"https:\/\/noticiasbahia360.com.br\/?cat=56\" rel=\"category\">Pol\u00edcia<\/a> <a href=\"https:\/\/noticiasbahia360.com.br\/?cat=10\" rel=\"category\">Pol\u00edtica<\/a>","tag_info":"Pol\u00edtica","comment_count":"0","_links":{"self":[{"href":"https:\/\/noticiasbahia360.com.br\/index.php?rest_route=\/wp\/v2\/posts\/128865","targetHints":{"allow":["GET"]}}],"collection":[{"href":"https:\/\/noticiasbahia360.com.br\/index.php?rest_route=\/wp\/v2\/posts"}],"about":[{"href":"https:\/\/noticiasbahia360.com.br\/index.php?rest_route=\/wp\/v2\/types\/post"}],"author":[{"embeddable":true,"href":"https:\/\/noticiasbahia360.com.br\/index.php?rest_route=\/wp\/v2\/users\/1"}],"replies":[{"embeddable":true,"href":"https:\/\/noticiasbahia360.com.br\/index.php?rest_route=%2Fwp%2Fv2%2Fcomments&post=128865"}],"version-history":[{"count":0,"href":"https:\/\/noticiasbahia360.com.br\/index.php?rest_route=\/wp\/v2\/posts\/128865\/revisions"}],"wp:featuredmedia":[{"embeddable":true,"href":"https:\/\/noticiasbahia360.com.br\/index.php?rest_route=\/wp\/v2\/media\/128866"}],"wp:attachment":[{"href":"https:\/\/noticiasbahia360.com.br\/index.php?rest_route=%2Fwp%2Fv2%2Fmedia&parent=128865"}],"wp:term":[{"taxonomy":"category","embeddable":true,"href":"https:\/\/noticiasbahia360.com.br\/index.php?rest_route=%2Fwp%2Fv2%2Fcategories&post=128865"},{"taxonomy":"post_tag","embeddable":true,"href":"https:\/\/noticiasbahia360.com.br\/index.php?rest_route=%2Fwp%2Fv2%2Ftags&post=128865"}],"curies":[{"name":"wp","href":"https:\/\/api.w.org\/{rel}","templated":true}]}}