{"id":128870,"date":"2026-04-29T09:35:56","date_gmt":"2026-04-29T12:35:56","guid":{"rendered":"https:\/\/noticiasbahia360.com.br\/?p=128870"},"modified":"2026-04-29T09:35:56","modified_gmt":"2026-04-29T12:35:56","slug":"esquema-de-locacao-fraudulenta-causa-prejuizo-de-r-892-mil-em-feira-de-santana","status":"publish","type":"post","link":"https:\/\/noticiasbahia360.com.br\/?p=128870","title":{"rendered":"Esquema de loca\u00e7\u00e3o fraudulenta causa preju\u00edzo de R$ 892 mil em Feira de Santana"},"content":{"rendered":"<div>\n<div>\n<figure><img decoding=\"async\" src=\"http:\/\/noticiasbahia360.com.br\/wp-content\/uploads\/2026\/04\/carros-apreendidos-foto-policia-civil.jpg\" alt=\"Carros apreendidos pela Pol\u00edcia Civil\"><figcaption>Foto: Pol\u00edcia Civil<\/figcaption><\/figure>\n<\/div>\n<p>A Pol\u00edcia Civil da Bahia desarticulou, na tarde de ter\u00e7a-feira (28), um esquema criminoso de loca\u00e7\u00e3o fraudulenta de ve\u00edculos com posterior apropria\u00e7\u00e3o ind\u00e9bita, em Feira de Santana. A a\u00e7\u00e3o foi realizada por equipes da Delegacia de Repress\u00e3o a Furtos e Roubos (DRFR), vinculada \u00e0 1\u00aa Coorpin\/Departamento Especializado de Investiga\u00e7\u00f5es Criminais.<\/p>\n<p>De acordo com as investiga\u00e7\u00f5es, os ve\u00edculos eram alugados em nome de \u201claranjas\u201d e n\u00e3o eram devolvidos \u00e0s locadoras. Parte da frota era encaminhada para cidades do sul do estado, como Ilh\u00e9us, Itabuna e Vit\u00f3ria da Conquista. O preju\u00edzo estimado at\u00e9 o momento chega a R$ 892 mil.<\/p>\n<p>Somente nesta ter\u00e7a-feira, sete v\u00edtimas compareceram \u00e0 unidade policial relatando que tiveram seus dados pessoais utilizados por dois ex-colegas de trabalho para viabilizar as loca\u00e7\u00f5es. Para convencer as v\u00edtimas, os suspeitos alegavam estar com a Carteira Nacional de Habilita\u00e7\u00e3o (CNH) vencida. Ap\u00f3s a formaliza\u00e7\u00e3o dos contratos, os ve\u00edculos n\u00e3o eram restitu\u00eddos.<\/p>\n<p>As investiga\u00e7\u00f5es tamb\u00e9m apontam que alguns autom\u00f3veis tiveram dispositivos de rastreamento (GPS) violados antes de serem levados para outros munic\u00edpios.<\/p>\n<p>Durante o registro das ocorr\u00eancias, uma das v\u00edtimas recebeu contato de um dos suspeitos, que passou a exigir dinheiro para devolver um dos ve\u00edculos, configurando crime de extors\u00e3o.<\/p>\n<p>Diante da situa\u00e7\u00e3o, equipes da DRFR iniciaram dilig\u00eancias imediatas e localizaram um dos suspeitos por volta das 15h, em posse de dois ve\u00edculos \u2014 um Hyundai Creta e um Chevrolet Onix. Ao perceber a aproxima\u00e7\u00e3o policial, ele fugiu a bordo de um dos carros, sendo perseguido por cerca de tr\u00eas quil\u00f4metros at\u00e9 ser interceptado no bairro Registro.<\/p>\n<p>O homem foi autuado em flagrante pelos crimes de extors\u00e3o, apropria\u00e7\u00e3o ind\u00e9bita e adultera\u00e7\u00e3o de sinal identificador de ve\u00edculo automotor, j\u00e1 que um dos autom\u00f3veis estava sem placas. Com ele, os policiais encontraram ainda a chave de outro ve\u00edculo, localizado posteriormente em um condom\u00ednio na mesma regi\u00e3o.<\/p>\n<p>Um segundo suspeito, apontado como participante do esquema, tamb\u00e9m foi conduzido \u00e0 delegacia. Ap\u00f3s ser ouvido, ele foi liberado por n\u00e3o estar em situa\u00e7\u00e3o de flagrante, mas segue sendo investigado.<\/p>\n<p>A Pol\u00edcia Civil continua as dilig\u00eancias para localizar os demais ve\u00edculos envolvidos e identificar outros poss\u00edveis integrantes do grupo criminoso.<\/p>\n<p><em>Siga o Acorda Cidade no<\/em><a href=\"https:\/\/news.google.com\/search?q=acorda%20cidade&amp;hl=pt-BR&amp;gl=BR&amp;ceid=BR%3Apt-419\"><strong><em> Google Not\u00edcias<\/em><\/strong><\/a><em> e receba os principais destaques do dia. Participe tamb\u00e9m dos nossos canais no <\/em><a href=\"https:\/\/www.whatsapp.com\/channel\/0029Va6Rb4v3WHTNnsh8WI3N\"><strong><em>WhatsApp<\/em><\/strong><\/a><em> e <\/em><a href=\"https:\/\/www.youtube.com\/@acordacidadenoticias\/videos\"><strong>YouTube<\/strong><\/a><em> e grupo de <\/em><a href=\"https:\/\/t.me\/+sSz0khrgARA0ZmRh\"><strong><em>Telegram<\/em><\/strong><\/a><em>.<\/em><\/p>\n<\/div>\n","protected":false},"excerpt":{"rendered":"<div>\n<div>\n<figure><img decoding=\"async\" src=\"https:\/\/uploads.acordacidade.com.br\/2026\/04\/carros-apreendidos-foto-policia-civil.jpg\" alt=\"Carros apreendidos pela Pol\u00edcia Civil\"><figcaption>Foto: Pol\u00edcia Civil<\/figcaption><\/figure>\n<\/div>\n<p>De acordo com as investiga\u00e7\u00f5es, os ve\u00edculos eram alugados em nome de \u201claranjas\u201d e n\u00e3o eram devolvidos \u00e0s locadoras.<\/p><\/div>\n","protected":false},"author":1,"featured_media":128871,"comment_status":"closed","ping_status":"closed","sticky":false,"template":"","format":"gallery","meta":{"footnotes":""},"categories":[8,9,6,57,56,10],"tags":[],"class_list":["post-128870","post","type-post","status-publish","format-gallery","has-post-thumbnail","hentry","category-bahia","category-brasil","category-feira-de-santana","category-mundo","category-policia","category-politica","post_format-post-format-gallery"],"featured_image_urls":{"full":["https:\/\/noticiasbahia360.com.br\/wp-content\/uploads\/2026\/04\/carros-apreendidos-foto-policia-civil.jpg",1200,900,false],"thumbnail":["https:\/\/noticiasbahia360.com.br\/wp-content\/uploads\/2026\/04\/carros-apreendidos-foto-policia-civil-150x150.jpg",150,150,true],"medium":["https:\/\/noticiasbahia360.com.br\/wp-content\/uploads\/2026\/04\/carros-apreendidos-foto-policia-civil-300x225.jpg",300,225,true],"medium_large":["https:\/\/noticiasbahia360.com.br\/wp-content\/uploads\/2026\/04\/carros-apreendidos-foto-policia-civil-768x576.jpg",640,480,true],"large":["https:\/\/noticiasbahia360.com.br\/wp-content\/uploads\/2026\/04\/carros-apreendidos-foto-policia-civil-1024x768.jpg",640,480,true],"1536x1536":["https:\/\/noticiasbahia360.com.br\/wp-content\/uploads\/2026\/04\/carros-apreendidos-foto-policia-civil.jpg",1200,900,false],"2048x2048":["https:\/\/noticiasbahia360.com.br\/wp-content\/uploads\/2026\/04\/carros-apreendidos-foto-policia-civil.jpg",1200,900,false],"chromenews-featured":["https:\/\/noticiasbahia360.com.br\/wp-content\/uploads\/2026\/04\/carros-apreendidos-foto-policia-civil-1024x768.jpg",1024,768,true],"chromenews-large":["https:\/\/noticiasbahia360.com.br\/wp-content\/uploads\/2026\/04\/carros-apreendidos-foto-policia-civil-825x575.jpg",825,575,true],"chromenews-medium":["https:\/\/noticiasbahia360.com.br\/wp-content\/uploads\/2026\/04\/carros-apreendidos-foto-policia-civil-590x410.jpg",590,410,true]},"author_info":{"display_name":"noticiasbahia360.com.br","author_link":"https:\/\/noticiasbahia360.com.br\/?author=1"},"category_info":"<a href=\"https:\/\/noticiasbahia360.com.br\/?cat=8\" rel=\"category\">Bahia<\/a> <a href=\"https:\/\/noticiasbahia360.com.br\/?cat=9\" rel=\"category\">Brasil<\/a> <a href=\"https:\/\/noticiasbahia360.com.br\/?cat=6\" rel=\"category\">Feira de Santana<\/a> <a href=\"https:\/\/noticiasbahia360.com.br\/?cat=57\" rel=\"category\">Mundo<\/a> <a href=\"https:\/\/noticiasbahia360.com.br\/?cat=56\" rel=\"category\">Pol\u00edcia<\/a> <a href=\"https:\/\/noticiasbahia360.com.br\/?cat=10\" rel=\"category\">Pol\u00edtica<\/a>","tag_info":"Pol\u00edtica","comment_count":"0","_links":{"self":[{"href":"https:\/\/noticiasbahia360.com.br\/index.php?rest_route=\/wp\/v2\/posts\/128870","targetHints":{"allow":["GET"]}}],"collection":[{"href":"https:\/\/noticiasbahia360.com.br\/index.php?rest_route=\/wp\/v2\/posts"}],"about":[{"href":"https:\/\/noticiasbahia360.com.br\/index.php?rest_route=\/wp\/v2\/types\/post"}],"author":[{"embeddable":true,"href":"https:\/\/noticiasbahia360.com.br\/index.php?rest_route=\/wp\/v2\/users\/1"}],"replies":[{"embeddable":true,"href":"https:\/\/noticiasbahia360.com.br\/index.php?rest_route=%2Fwp%2Fv2%2Fcomments&post=128870"}],"version-history":[{"count":0,"href":"https:\/\/noticiasbahia360.com.br\/index.php?rest_route=\/wp\/v2\/posts\/128870\/revisions"}],"wp:featuredmedia":[{"embeddable":true,"href":"https:\/\/noticiasbahia360.com.br\/index.php?rest_route=\/wp\/v2\/media\/128871"}],"wp:attachment":[{"href":"https:\/\/noticiasbahia360.com.br\/index.php?rest_route=%2Fwp%2Fv2%2Fmedia&parent=128870"}],"wp:term":[{"taxonomy":"category","embeddable":true,"href":"https:\/\/noticiasbahia360.com.br\/index.php?rest_route=%2Fwp%2Fv2%2Fcategories&post=128870"},{"taxonomy":"post_tag","embeddable":true,"href":"https:\/\/noticiasbahia360.com.br\/index.php?rest_route=%2Fwp%2Fv2%2Ftags&post=128870"}],"curies":[{"name":"wp","href":"https:\/\/api.w.org\/{rel}","templated":true}]}}