{"id":128872,"date":"2026-04-29T09:41:09","date_gmt":"2026-04-29T12:41:09","guid":{"rendered":"https:\/\/noticiasbahia360.com.br\/?p=128872"},"modified":"2026-04-29T09:41:09","modified_gmt":"2026-04-29T12:41:09","slug":"mais-livros-menos-telas-10-motivos-para-incentivar-a-leitura-de-criancas-e-adolescentes","status":"publish","type":"post","link":"https:\/\/noticiasbahia360.com.br\/?p=128872","title":{"rendered":"Mais livros, menos telas: 10 motivos para incentivar a leitura de crian\u00e7as e adolescentes"},"content":{"rendered":"<div>\n<div>\n<figure><img decoding=\"async\" src=\"http:\/\/noticiasbahia360.com.br\/wp-content\/uploads\/2026\/04\/Criancas-lendo-Foto-Divulgacao-Colegio-Positivo.jpg\" alt=\"Crian\u00e7as lendo\"><figcaption>Foto: Divulga\u00e7\u00e3o\/ Col\u00e9gio Positivo<\/figcaption><\/figure>\n<\/div>\n<p>Quanto tempo seu filho passa diante de uma tela todos os dias? E quanto tempo dedica \u00e0 leitura por prazer? Essa compara\u00e7\u00e3o, cada vez mais presente nas conversas entre pais e educadores, revela um cen\u00e1rio preocupante: enquanto o\u00a0<a href=\"https:\/\/colegiovilaolimpia.com.br\/noticias\/tablets-e-smartphones-na-primeira-infancia-cuidados-que-os-pais-devem-ter\/\" target=\"_blank\" rel=\"noreferrer noopener\">uso de dispositivos digitais<\/a>\u00a0cresce de forma acelerada, o h\u00e1bito liter\u00e1rio perde espa\u00e7o na rotina dos jovens. Dados recentes da pesquisa\u00a0<em>Retratos da Leitura no Brasil\u00a0<\/em>(2024) mostram que mais da metade da popula\u00e7\u00e3o brasileira (53%) se considera n\u00e3o leitora e apenas uma em cada cinco pessoas afirma ler livros no tempo livre.<\/p>\n<p>Diante desse contexto, o Grupo Positivo decidiu transformar o incentivo \u00e0 leitura em um de seus pilares estrat\u00e9gicos para 2026, ampliando o projeto que teve in\u00edcio no ano anterior e trouxe resultados mensur\u00e1veis, segundo pesquisa da institui\u00e7\u00e3o. O novo posicionamento do grupo envolve a amplia\u00e7\u00e3o das a\u00e7\u00f5es em mais de 200 escolas e comunidades em todo o pa\u00eds. A iniciativa envolve investimentos em bibliotecas, forma\u00e7\u00e3o de professores, cria\u00e7\u00e3o de espa\u00e7os liter\u00e1rios e programas de media\u00e7\u00e3o da leitura.<\/p>\n<p>\u201cQueremos recolocar a leitura liter\u00e1ria no centro da vida das pessoas. Acreditamos que o acesso ao livro precisa ser cotidiano e afetivo, especialmente nas comunidades mais vulner\u00e1veis\u201d, destaca a doutora em Educa\u00e7\u00e3o e pesquisadora do Instituto Positivo, Ma\u00edra Weber. Segundo ela, a estrat\u00e9gia combina investimento social, engajamento e atua\u00e7\u00e3o territorial. \u201cEstamos estruturando uma pol\u00edtica permanente de fomento \u00e0 leitura. Trata-se da constru\u00e7\u00e3o de uma rede de incentivo que envolva colaboradores e comunidades\u201d, relata.\u00a0<\/p>\n<p>A seguir, professores e especialistas listam dez motivos que explicam por que incentivar a leitura \u00e9, hoje, uma decis\u00e3o estrat\u00e9gica para o presente e o futuro das novas gera\u00e7\u00f5es.<\/p>\n<p><strong>1.Desenvolve a empatia e melhora os relacionamentos<\/strong><\/p>\n<ol class=\"wp-block-list\"><\/ol>\n<p>A leitura liter\u00e1ria coloca o leitor dentro da mente e do cora\u00e7\u00e3o de outras pessoas \u2014 reais ou imagin\u00e1rias. Uma pesquisa publicada em 2013 na revista Science mostrou que quem l\u00ea fic\u00e7\u00e3o liter\u00e1ria, especialmente obras com personagens complexos e dilemas morais, melhora o entendimento das emo\u00e7\u00f5es e motiva\u00e7\u00f5es humanas. De acordo com a professora e assessora pedag\u00f3gica de Reda\u00e7\u00e3o no Centro de Inova\u00e7\u00e3o Pedag\u00f3gica, Pesquisa e Desenvolvimento (Cipp) dos col\u00e9gios da Rede Positivo, Candice Almeida, isso acontece porque a literatura nos faz interpretar ambiguidades, imaginar o que os personagens pensam, questionar comportamentos e nos colocar em seus lugares: um treinamento de empatia. \u201cAo acompanhar, por exemplo, as d\u00favidas de Bento Santiago em Dom Casmurro e tentar decidir se Capitu o traiu ou n\u00e3o, o leitor pratica o mesmo tipo de leitura psicol\u00f3gica que usamos na vida real para compreender as pessoas ao nosso redor\u201d, exemplifica.<\/p>\n<p><strong>2.Reduz a ansiedade e fortalece a sa\u00fade emocional<\/strong><\/p>\n<p>O\u00a0<a href=\"https:\/\/colegiopositivo.com.br\/noticias\/por-que-formar-leitores-pode-ser-o-passo-mais-revolucionario-de-uma-escola\/\" target=\"_blank\" rel=\"noreferrer noopener\">h\u00e1bito de leitura<\/a>\u00a0atua como um poderoso aliado contra a ansiedade e a depress\u00e3o, reduzindo o estresse fisiol\u00f3gico em at\u00e9 68% em apenas seis minutos, conforme estudo da University of Sussex (2009). \u201cIsso porque, diferentemente da hiperestimula\u00e7\u00e3o digital \u2014 associada a d\u00e9ficits de aten\u00e7\u00e3o e \u00e0 dopamina r\u00e1pida das telas \u2014, a leitura promove aprofundamento cognitivo, foco profundo e interrup\u00e7\u00e3o de pensamentos negativos, ativando redes de autorregula\u00e7\u00e3o emocional\u201d, explica a coordenadora da Educa\u00e7\u00e3o Inclusiva e Orienta\u00e7\u00e3o Educacional no Centro de Inova\u00e7\u00e3o Pedag\u00f3gica, Pesquisa e Desenvolvimento (CIPP) dos col\u00e9gios da Rede Positivo, Michelle Cristina Norberto Martins.<\/p>\n<p>Um estudo publicado no\u00a0<em>Clinical Psychology Review\u00a0<\/em>afirma que a biblioterapia reduz sintomas depressivos de forma compar\u00e1vel \u00e0s interven\u00e7\u00f5es leves (n\u00e3o medicamentosas), enquanto estudos do\u00a0<em>National Literacy Trust<\/em>\u00a0mostram que jovens leitores frequentes exibem maior autoestima, menor isolamento e bem-estar psicol\u00f3gico superior, oferecendo modelos de enfrentamento, vocabul\u00e1rio emocional e senso de significado contra a fragmenta\u00e7\u00e3o da era digital.<\/p>\n<p><strong>3.Melhora o desempenho escolar em todas as disciplinas<\/strong><\/p>\n<p>Para quem pensa que o h\u00e1bito liter\u00e1rio beneficia apenas o desempenho em linguagens e reda\u00e7\u00e3o, os relat\u00f3rios do PISA (Programa Internacional de Avalia\u00e7\u00e3o de Alunos) e da OCDE (Organiza\u00e7\u00e3o para a Coopera\u00e7\u00e3o e Desenvolvimento Econ\u00f4mico), revelam uma conex\u00e3o profunda entre profici\u00eancia em leitura e o desempenho em ci\u00eancias e matem\u00e1tica, mostrando que a leitura n\u00e3o s\u00f3 favorece o dom\u00ednio de linguagens, mas tamb\u00e9m aplicam esse repert\u00f3rio cognitivo em disciplinas aparentemente distantes.<\/p>\n<figure class=\"wp-block-image size-full\"><img fetchpriority=\"high\" fetchpriority=\"high\" decoding=\"async\" width=\"1200\" height=\"600\" src=\"http:\/\/noticiasbahia360.com.br\/wp-content\/uploads\/2026\/04\/Meninos-lendo-Foto-Divulgacao-Vila-Olimpia-Bilingual-School.jpg\" alt=\"Meninos lendo\" class=\"wp-image-650995\" srcset=\"http:\/\/noticiasbahia360.com.br\/wp-content\/uploads\/2026\/04\/Meninos-lendo-Foto-Divulgacao-Vila-Olimpia-Bilingual-School.jpg 1200w, https:\/\/uploads.acordacidade.com.br\/2026\/04\/Meninos-lendo-Foto-Divulgacao-Vila-Olimpia-Bilingual-School-750x375.jpg 750w, https:\/\/uploads.acordacidade.com.br\/2026\/04\/Meninos-lendo-Foto-Divulgacao-Vila-Olimpia-Bilingual-School-1000x500.jpg 1000w, https:\/\/uploads.acordacidade.com.br\/2026\/04\/Meninos-lendo-Foto-Divulgacao-Vila-Olimpia-Bilingual-School-450x225.jpg 450w, https:\/\/uploads.acordacidade.com.br\/2026\/04\/Meninos-lendo-Foto-Divulgacao-Vila-Olimpia-Bilingual-School-150x75.jpg 150w\" sizes=\"(max-width: 1200px) 100vw, 1200px\"><figcaption class=\"wp-element-caption\">Foto: Divulga\u00e7\u00e3o\/ Vila Ol\u00edmpia Bilingual School<\/figcaption><\/figure>\n<p>Um levantamento do Grupo Positivo feito com mais de 8 mil estudantes, al\u00e9m de 1.036 fam\u00edlias e 443 colaboradores em 2025, revelou um avan\u00e7o consistente nos h\u00e1bitos de leitura. Entre os estudantes, a m\u00e9dia mensal chegou a mais de 2 livros por estudante nos anos finais e Ensino M\u00e9dio, enquanto entre as fam\u00edlias, 46% das crian\u00e7as t\u00eam contato di\u00e1rio com leitura e 81% leem ao menos semanalmente. Entre os colaboradores, 85% afirmam ler ao menos semanalmente, indicando uma forte cultura leitora em toda a comunidade escolar. Os dados apontam que o aumento do tempo dedicado \u00e0 leitura vem consolidando o h\u00e1bito entre estudantes e fortalecendo o v\u00ednculo com a aprendizagem.<\/p>\n<p>De acordo com o professor de Matem\u00e1tica do Col\u00e9gio Semeador, Cristian Loch, a compreens\u00e3o leitora \u00e9 um dos fatores que mais influenciam o avan\u00e7o na resolu\u00e7\u00e3o de problemas, sobretudo entre alunos com desempenho inicial mais baixo. \u201cIsso acontece porque interpretar corretamente um enunciado \u00e9 o primeiro passo para encontrar a solu\u00e7\u00e3o. Quando a leitura \u00e9 bem desenvolvida, o estudante consegue identificar dados relevantes, compreender rela\u00e7\u00f5es l\u00f3gicas e escolher estrat\u00e9gias adequadas de racioc\u00ednio\u201d, explica.<\/p>\n<p>Em avalia\u00e7\u00f5es como o PISA 2022, quedas globais em leitura (-10 pontos na m\u00e9dia da OCDE) se refletiram em perdas semelhantes em matem\u00e1tica (-14 pontos) e estagna\u00e7\u00e3o em ci\u00eancias, refor\u00e7ando que investir em leitura \u00e9 uma estrat\u00e9gia acess\u00edvel para elevar o patamar geral da educa\u00e7\u00e3o no pa\u00eds.<\/p>\n<p><strong>4.Amplia o vocabul\u00e1rio e a capacidade de express\u00e3o<\/strong><\/p>\n<p>Crian\u00e7as que leem com frequ\u00eancia t\u00eam repert\u00f3rio lingu\u00edstico mais amplo. Isso impacta diretamente a clareza ao falar, escrever e argumentar. \u201cPara muitos pais, a dificuldade de comunica\u00e7\u00e3o dos filhos \u00e9 motivo de preocupa\u00e7\u00e3o, e a leitura \u00e9 uma das formas mais eficazes de enriquecer a linguagem de forma natural e progressiva\u201d, aponta Ma\u00edra Weber.<\/p>\n<p><strong>5.Estimula o di\u00e1logo entre gera\u00e7\u00f5es<\/strong><\/p>\n<p>Estudos do CIPP dos\u00a0<a href=\"https:\/\/colegiopositivo.com.br\/\" target=\"_blank\" rel=\"noreferrer noopener\">col\u00e9gios do Grupo Positivo<\/a>\u00a0mostram que quando uma crian\u00e7a ou adolescente cria o h\u00e1bito de ler, \u00e9 frequente que o costume se espalhe pela fam\u00edlia. \u201c\u00c9 contagioso\u201d, afirma a professora Candice. Al\u00e9m disso, segundo a educadora, as conversas sobre livros aproximam pais e filhos, criando espa\u00e7os de troca entre as gera\u00e7\u00f5es em um cotidiano muitas vezes dominado por telas e agendas apertadas.<\/p>\n<p><strong>6.Combate \u00e0 desinforma\u00e7\u00e3o<\/strong><\/p>\n<p>Um estudo publicado no\u00a0<em>Thinking &amp; Reasoning\u00a0<\/em>demonstra que leitores habituais de fic\u00e7\u00e3o liter\u00e1ria apresentam maior capacidade de detectar inconsist\u00eancias l\u00f3gicas e fal\u00e1cias em argumentos, gra\u00e7as ao treino constante de questionar narradores n\u00e3o confi\u00e1veis \u2014 como o amb\u00edguo Bentinho em Dom Casmurro, de Machado de Assis, em que o leitor deve analisar pistas contextuais para formar ju\u00edzos independentes. \u201cEsse exerc\u00edcio fortalece o discernimento diante de\u00a0<em>fake news<\/em>, discursos extremistas e manipula\u00e7\u00f5es digitais\u201d, assinala o professor de Literatura e de Arte do Curso e Col\u00e9gio Positivo, Rodrigo Wieler.<\/p>\n<p>Ao analisar neuroimagens, uma pesquisa da Universidade de Stanford (2018) mostra que a narra\u00e7\u00e3o na literatura ativa regi\u00f5es cerebrais que fortalecem a habilidade de avaliar perspectivas m\u00faltiplas e de resistir \u00e0 manipula\u00e7\u00e3o ideol\u00f3gica. \u201cAssim, quem cultiva o h\u00e1bito liter\u00e1rio n\u00e3o apenas interpreta s\u00edmbolos e dilemas morais complexos, mas constr\u00f3i uma mente afiada para navegar realidades amb\u00edguas com discernimento e autonomia\u201d, complementa Rodrigo.<\/p>\n<p><strong>7.Reduz a agressividade e combate o\u00a0<em>bullying<\/em><\/strong><\/p>\n<p>Para a orientadora educacional dos Anos Finais do Col\u00e9gio Positivo \u2013 Londrina, Renata Moraes, o est\u00edmulo \u00e0 pr\u00e1tica liter\u00e1ria pode enfrentar diretamente problemas atuais, como o\u00a0<em>bullying\u00a0<\/em>e o\u00a0<em>cyberbullying<\/em>, que afetam um em cada sete jovens entre 10 e 19 anos, segundo relat\u00f3rios recentes da Universidade Erasmus de Roterd\u00e3. \u201cA leitura de narrativas que humanizam diferentes personagens diminui atitudes hostis e preconceituosas. Ao ampliar a compreens\u00e3o do \u2018outro\u2019, o jovem tende a agir com mais respeito e menos impulsividade, inclusive no ambiente digital\u201d, esclarece.<\/p>\n<figure class=\"wp-block-image size-full\"><img decoding=\"async\" width=\"1200\" height=\"600\" src=\"http:\/\/noticiasbahia360.com.br\/wp-content\/uploads\/2026\/04\/Criancas-lendo-Foto-Divulgacao-Colegio-Semeador.jpg\" alt=\"Crian\u00e7as lendo\" class=\"wp-image-650994\" srcset=\"http:\/\/noticiasbahia360.com.br\/wp-content\/uploads\/2026\/04\/Criancas-lendo-Foto-Divulgacao-Colegio-Semeador.jpg 1200w, https:\/\/uploads.acordacidade.com.br\/2026\/04\/Criancas-lendo-Foto-Divulgacao-Colegio-Semeador-750x375.jpg 750w, https:\/\/uploads.acordacidade.com.br\/2026\/04\/Criancas-lendo-Foto-Divulgacao-Colegio-Semeador-1000x500.jpg 1000w, https:\/\/uploads.acordacidade.com.br\/2026\/04\/Criancas-lendo-Foto-Divulgacao-Colegio-Semeador-450x225.jpg 450w, https:\/\/uploads.acordacidade.com.br\/2026\/04\/Criancas-lendo-Foto-Divulgacao-Colegio-Semeador-150x75.jpg 150w\" sizes=\"(max-width: 1200px) 100vw, 1200px\"><figcaption class=\"wp-element-caption\">Foto: Divulga\u00e7\u00e3o\/ Col\u00e9gio Semeador<\/figcaption><\/figure>\n<p>Um estudo publicado em 2012 no\u00a0<em>Journal of Applied Social Psychology<\/em>\u00a0demonstrou que obras liter\u00e1rias ficcionais reduzem atitudes agressivas ao incentivar a identifica\u00e7\u00e3o com as v\u00edtimas. J\u00e1 o relat\u00f3rio\u00a0<em>Countering Online Hate Speech<\/em>, da Unesco, destaca o letramento cr\u00edtico como prote\u00e7\u00e3o contra a radicaliza\u00e7\u00e3o e o discurso de \u00f3dio online. \u201cAo introduzir ambiguidade moral e humanizar grupos diversos, como em romances que exploram dilemas \u00e9ticos, a literatura \u00e9 como um ant\u00eddoto aos estere\u00f3tipos e a polariza\u00e7\u00e3o, fomentando a conviv\u00eancia pac\u00edfica desde a inf\u00e2ncia\u201d, completa Renata.<\/p>\n<p><strong>8.Fortalece a mem\u00f3ria e a concentra\u00e7\u00e3o, reduzindo riscos de dem\u00eancias<\/strong><\/p>\n<p>A leitura atua como um verdadeiro treino para a mem\u00f3ria, pois exige que o c\u00e9rebro mantenha v\u00e1rias pe\u00e7as de informa\u00e7\u00e3o ativas simultaneamente e as organize de forma coerente. \u201cNa fic\u00e7\u00e3o liter\u00e1ria, o leitor precisa lembrar quem s\u00e3o os personagens, o que aconteceu em cap\u00edtulos anteriores, quais conflitos est\u00e3o em jogo e como tudo isso se conecta \u00e0 medida que a hist\u00f3ria avan\u00e7a\u201d, detalha a m\u00e9dica pediatra do Departamento de Sa\u00fade Escolar dos col\u00e9gios da Rede Positivo, Andrea Dambroski.<\/p>\n<p>Esse esfor\u00e7o constante de guardar, atualizar e relacionar informa\u00e7\u00f5es mobiliza a chamada mem\u00f3ria de trabalho: sistema mental que permite manipular dados no meio do pensamento, na tomada de decis\u00f5es ou na compreens\u00e3o de texto. \u201c\u00c9 como comparar o elevador com a escada: o segundo exige esfor\u00e7o ativo, o que fortalece a \u2018musculatura\u2019 da mem\u00f3ria e constr\u00f3i uma reserva cognitiva que retarda o impacto de patologias como o Alzheimer\u201d, esclarece Andrea. \u201cLer com frequ\u00eancia, mesmo que poucos minutos ao dia, funciona como uma esp\u00e9cie de academia para o c\u00e9rebro, ajudando a preservar a agilidade mental e a clareza de racioc\u00ednio\u201d, complementa.<\/p>\n<p><strong>9.Constr\u00f3i autonomia intelectual e aumenta a seguran\u00e7a digital<\/strong><\/p>\n<p>Segundo a coordenadora do Ensino M\u00e9dio do Vila Ol\u00edmpia Bilingual School, Kamyla Garcia Le\u00e3o, quem l\u00ea aprende a aprender. \u201cA leitura desenvolve disciplina mental, capacidade de estudo independente e organiza\u00e7\u00e3o do pensamento. Para pais preocupados com falta de foco ou depend\u00eancia excessiva de est\u00edmulos externos, o livro \u00e9 um exerc\u00edcio di\u00e1rio de autonomia\u201d, recomenda.<\/p>\n<p>Com habilidades para avaliar fontes, detectar vieses e questionar narrativas manipuladoras, esses jovens tamb\u00e9m se tornam menos vulner\u00e1veis a conte\u00fados nocivos, promovendo decis\u00f5es mais conscientes em um ambiente digital saturado.<\/p>\n<p><strong>10.Forma cidad\u00e3os mais conscientes e participativos<\/strong><\/p>\n<p>Relat\u00f3rios do Instituto Pr\u00f3-Livro (2025) refor\u00e7am que leitores habituais apresentam maior engajamento c\u00edvico e criatividade em solu\u00e7\u00f5es coletivas. \u201cO contato com textos diversos promove reflex\u00e3o, mudan\u00e7a social e inser\u00e7\u00e3o \u00e9tica, transformando alunos em cidad\u00e3os capazes de escolher melhor seus governantes, criticar desigualdades e lutar por justi\u00e7a\u201d, expressa o doutor em Educa\u00e7\u00e3o Hist\u00f3rica e professor no Curso Positivo, Daniel Medeiros.<\/p>\n<p>Segundo ele, ao incentivar debates saud\u00e1veis, reflex\u00e3o sobre consequ\u00eancias e an\u00e1lise de perspectivas m\u00faltiplas, os jovens ganham capacidade de transformar preocupa\u00e7\u00f5es como corrup\u00e7\u00e3o e discrimina\u00e7\u00e3o em a\u00e7\u00f5es efetivas para um futuro mais justo e \u00e9tico.<\/p>\n<p><em>Siga o Acorda Cidade no <\/em><a href=\"https:\/\/news.google.com\/search?q=acorda%20cidade&amp;hl=pt-BR&amp;gl=BR&amp;ceid=BR%3Apt-419\"><strong><em>Google Not\u00edcias<\/em><\/strong><\/a><em> e receba os principais destaques do dia. Participe tamb\u00e9m dos nossos canais no <\/em><a href=\"https:\/\/www.whatsapp.com\/channel\/0029Va6Rb4v3WHTNnsh8WI3N\"><strong><em>WhatsApp<\/em><\/strong><\/a><em> e <\/em><a href=\"https:\/\/www.youtube.com\/@acordacidadenoticias\/videos\"><strong>YouTube<\/strong><\/a><em> e grupo de <\/em><a href=\"https:\/\/t.me\/+sSz0khrgARA0ZmRh\"><strong><em>Telegram<\/em><\/strong><\/a><em>.<\/em><\/p>\n<\/div>\n","protected":false},"excerpt":{"rendered":"<div>\n<div>\n<figure><img decoding=\"async\" src=\"https:\/\/uploads.acordacidade.com.br\/2026\/04\/Criancas-lendo-Foto-Divulgacao-Colegio-Positivo.jpg\" alt=\"Crian\u00e7as lendo\"><figcaption>Foto: Divulga\u00e7\u00e3o\/ Col\u00e9gio Positivo<\/figcaption><\/figure>\n<\/div>\n<p>Aumento desproporcional do uso de telas e decl\u00ednio de h\u00e1bitos liter\u00e1rios despertam preocupa\u00e7\u00e3o em educadores e institui\u00e7\u00f5es de ensino.<\/p><\/div>\n","protected":false},"author":1,"featured_media":128873,"comment_status":"closed","ping_status":"closed","sticky":false,"template":"","format":"gallery","meta":{"footnotes":""},"categories":[8,9,6,57,56,10],"tags":[],"class_list":["post-128872","post","type-post","status-publish","format-gallery","has-post-thumbnail","hentry","category-bahia","category-brasil","category-feira-de-santana","category-mundo","category-policia","category-politica","post_format-post-format-gallery"],"featured_image_urls":{"full":["https:\/\/noticiasbahia360.com.br\/wp-content\/uploads\/2026\/04\/Criancas-lendo-Foto-Divulgacao-Colegio-Positivo.jpg",1200,900,false],"thumbnail":["https:\/\/noticiasbahia360.com.br\/wp-content\/uploads\/2026\/04\/Criancas-lendo-Foto-Divulgacao-Colegio-Positivo-150x150.jpg",150,150,true],"medium":["https:\/\/noticiasbahia360.com.br\/wp-content\/uploads\/2026\/04\/Criancas-lendo-Foto-Divulgacao-Colegio-Positivo-300x225.jpg",300,225,true],"medium_large":["https:\/\/noticiasbahia360.com.br\/wp-content\/uploads\/2026\/04\/Criancas-lendo-Foto-Divulgacao-Colegio-Positivo-768x576.jpg",640,480,true],"large":["https:\/\/noticiasbahia360.com.br\/wp-content\/uploads\/2026\/04\/Criancas-lendo-Foto-Divulgacao-Colegio-Positivo-1024x768.jpg",640,480,true],"1536x1536":["https:\/\/noticiasbahia360.com.br\/wp-content\/uploads\/2026\/04\/Criancas-lendo-Foto-Divulgacao-Colegio-Positivo.jpg",1200,900,false],"2048x2048":["https:\/\/noticiasbahia360.com.br\/wp-content\/uploads\/2026\/04\/Criancas-lendo-Foto-Divulgacao-Colegio-Positivo.jpg",1200,900,false],"chromenews-featured":["https:\/\/noticiasbahia360.com.br\/wp-content\/uploads\/2026\/04\/Criancas-lendo-Foto-Divulgacao-Colegio-Positivo-1024x768.jpg",1024,768,true],"chromenews-large":["https:\/\/noticiasbahia360.com.br\/wp-content\/uploads\/2026\/04\/Criancas-lendo-Foto-Divulgacao-Colegio-Positivo-825x575.jpg",825,575,true],"chromenews-medium":["https:\/\/noticiasbahia360.com.br\/wp-content\/uploads\/2026\/04\/Criancas-lendo-Foto-Divulgacao-Colegio-Positivo-590x410.jpg",590,410,true]},"author_info":{"display_name":"noticiasbahia360.com.br","author_link":"https:\/\/noticiasbahia360.com.br\/?author=1"},"category_info":"<a href=\"https:\/\/noticiasbahia360.com.br\/?cat=8\" rel=\"category\">Bahia<\/a> <a href=\"https:\/\/noticiasbahia360.com.br\/?cat=9\" rel=\"category\">Brasil<\/a> <a href=\"https:\/\/noticiasbahia360.com.br\/?cat=6\" rel=\"category\">Feira de Santana<\/a> <a href=\"https:\/\/noticiasbahia360.com.br\/?cat=57\" rel=\"category\">Mundo<\/a> <a href=\"https:\/\/noticiasbahia360.com.br\/?cat=56\" rel=\"category\">Pol\u00edcia<\/a> <a href=\"https:\/\/noticiasbahia360.com.br\/?cat=10\" rel=\"category\">Pol\u00edtica<\/a>","tag_info":"Pol\u00edtica","comment_count":"0","_links":{"self":[{"href":"https:\/\/noticiasbahia360.com.br\/index.php?rest_route=\/wp\/v2\/posts\/128872","targetHints":{"allow":["GET"]}}],"collection":[{"href":"https:\/\/noticiasbahia360.com.br\/index.php?rest_route=\/wp\/v2\/posts"}],"about":[{"href":"https:\/\/noticiasbahia360.com.br\/index.php?rest_route=\/wp\/v2\/types\/post"}],"author":[{"embeddable":true,"href":"https:\/\/noticiasbahia360.com.br\/index.php?rest_route=\/wp\/v2\/users\/1"}],"replies":[{"embeddable":true,"href":"https:\/\/noticiasbahia360.com.br\/index.php?rest_route=%2Fwp%2Fv2%2Fcomments&post=128872"}],"version-history":[{"count":0,"href":"https:\/\/noticiasbahia360.com.br\/index.php?rest_route=\/wp\/v2\/posts\/128872\/revisions"}],"wp:featuredmedia":[{"embeddable":true,"href":"https:\/\/noticiasbahia360.com.br\/index.php?rest_route=\/wp\/v2\/media\/128873"}],"wp:attachment":[{"href":"https:\/\/noticiasbahia360.com.br\/index.php?rest_route=%2Fwp%2Fv2%2Fmedia&parent=128872"}],"wp:term":[{"taxonomy":"category","embeddable":true,"href":"https:\/\/noticiasbahia360.com.br\/index.php?rest_route=%2Fwp%2Fv2%2Fcategories&post=128872"},{"taxonomy":"post_tag","embeddable":true,"href":"https:\/\/noticiasbahia360.com.br\/index.php?rest_route=%2Fwp%2Fv2%2Ftags&post=128872"}],"curies":[{"name":"wp","href":"https:\/\/api.w.org\/{rel}","templated":true}]}}