{"id":128876,"date":"2026-04-29T09:47:20","date_gmt":"2026-04-29T12:47:20","guid":{"rendered":"https:\/\/noticiasbahia360.com.br\/?p=128876"},"modified":"2026-04-29T09:47:20","modified_gmt":"2026-04-29T12:47:20","slug":"projeto-do-hospital-municipal-de-feira-de-santana-e-apresentado-na-bolsa-de-valores-de-sao-paulo","status":"publish","type":"post","link":"https:\/\/noticiasbahia360.com.br\/?p=128876","title":{"rendered":"Projeto do Hospital Municipal de Feira de Santana \u00e9 apresentado na Bolsa de Valores de S\u00e3o Paulo"},"content":{"rendered":"<div>\n<div>\n<figure><img decoding=\"async\" src=\"http:\/\/noticiasbahia360.com.br\/wp-content\/uploads\/2026\/04\/Projeto-do-Hospital-Municipal-de-Feira-de-Santana-e-apresentado-na-Bolsa-de-Valores-de-Sao-Paulo.jpg\" alt=\"Projeto do Hospital Municipal de Feira de Santana \u00e9 apresentado na Bolsa de Valores de S\u00e3o Paulo\"><figcaption>Foto: Divulga\u00e7\u00e3o\/ SMS<br \/>\n<\/figcaption><\/figure>\n<\/div>\n<p>O projeto de constru\u00e7\u00e3o do<a href=\"https:\/\/www.acordacidade.com.br\/tag\/hospital-municipal\/\" type=\"post_tag\" id=\"137205\"> Hospital Municipal<\/a> de Feira de Santana foi apresentado, nesta ter\u00e7a-feira (28), na Bolsa de Valores de S\u00e3o Paulo, com destaque para o modelo de Parceria P\u00fablico-Privada (PPP) que viabilizar\u00e1 a implanta\u00e7\u00e3o e manuten\u00e7\u00e3o da unidade. A proposta foi conduzida pelo prefeito Jos\u00e9 Ronaldo de Carvalho, com detalhamento t\u00e9cnico do secret\u00e1rio municipal de Sa\u00fade, Rodrigo Matos, e do secret\u00e1rio de Planejamento, Carlos Brito.<\/p>\n<p>Rodrigo Matos apresentou os principais diferenciais do projeto, enfatizando que toda a estrutura foi pensada com base em crit\u00e9rios t\u00e9cnicos, dados epidemiol\u00f3gicos e nas necessidades reais da popula\u00e7\u00e3o. Segundo o gestor, o hospital foi planejado para resolver um dos principais gargalos da rede: a falta de leitos de retaguarda para pacientes que hoje permanecem por mais tempo do que o ideal nas unidades de pronto atendimento.<\/p>\n<figure class=\"wp-block-image size-full\"><img fetchpriority=\"high\" fetchpriority=\"high\" decoding=\"async\" width=\"1299\" height=\"866\" src=\"http:\/\/noticiasbahia360.com.br\/wp-content\/uploads\/2026\/04\/Rodrigo-Matos.jpeg\" alt=\"Rodrigo Matos\" class=\"wp-image-651003\" srcset=\"http:\/\/noticiasbahia360.com.br\/wp-content\/uploads\/2026\/04\/Rodrigo-Matos.jpeg 1299w, https:\/\/uploads.acordacidade.com.br\/2026\/04\/Rodrigo-Matos-750x500.jpeg 750w, https:\/\/uploads.acordacidade.com.br\/2026\/04\/Rodrigo-Matos-1000x667.jpeg 1000w, https:\/\/uploads.acordacidade.com.br\/2026\/04\/Rodrigo-Matos-450x300.jpeg 450w, https:\/\/uploads.acordacidade.com.br\/2026\/04\/Rodrigo-Matos-150x100.jpeg 150w\" sizes=\"(max-width: 1299px) 100vw, 1299px\"><figcaption class=\"wp-element-caption\">Secret\u00e1rio de sa\u00fade Rodrigo Matos | Foto: Divulga\u00e7\u00e3o\/ SMS<br \/><\/figcaption><\/figure>\n<p>\u201cA proposta inclui leitos cl\u00ednicos para pacientes que precisam de interna\u00e7\u00e3o por alguns dias, como casos de pneumonia ou infec\u00e7\u00f5es que exigem antibi\u00f3tico venoso. Esses pacientes n\u00e3o devem permanecer nas UPAs, mas muitas vezes n\u00e3o t\u00eam para onde ser encaminhados\u201d, explicou.<\/p>\n<p>O projeto tamb\u00e9m prev\u00ea leitos cir\u00fargicos voltados principalmente para procedimentos de ortopedia e cirurgia geral, al\u00e9m da implanta\u00e7\u00e3o de leitos de sa\u00fade mental \u2014 medida alinhada \u00e0 pol\u00edtica antimanicomial. De acordo com o secret\u00e1rio de Sa\u00fade, essa integra\u00e7\u00e3o contribui para reduzir o estigma e ampliar o acesso ao cuidado. \u201cA ideia \u00e9 promover inclus\u00e3o e garantir que o paciente de sa\u00fade mental seja tratado de forma digna, dentro de uma estrutura hospitalar completa\u201d, afirmou.<\/p>\n<p>Outro ponto central destacado por Rodrigo Matos \u00e9 a sustentabilidade financeira da unidade. Ele explicou que todos os leitos foram planejados dentro de linhas de cuidado que permitem a capta\u00e7\u00e3o de recursos federais, respeitando o modelo de financiamento tripartite do Sistema \u00danico de Sa\u00fade (SUS).<\/p>\n<p>O secret\u00e1rio tamb\u00e9m ressaltou que o projeto foi constru\u00eddo com transpar\u00eancia, incluindo consulta e audi\u00eancia p\u00fablicas, o que permitiu a participa\u00e7\u00e3o da sociedade civil com sugest\u00f5es e questionamentos. Al\u00e9m disso, destacou o papel regional de Feira de Santana como polo de sa\u00fade, atendendo dezenas de munic\u00edpios da regi\u00e3o.<\/p>\n<p>Durante a apresenta\u00e7\u00e3o, o prefeito Jos\u00e9 Ronaldo ressaltou que a constru\u00e7\u00e3o do hospital atende a uma demanda hist\u00f3rica da popula\u00e7\u00e3o e refor\u00e7a o compromisso da gest\u00e3o com a amplia\u00e7\u00e3o da rede p\u00fablica de sa\u00fade. Ele tamb\u00e9m destacou a for\u00e7a econ\u00f4mica do munic\u00edpio e a capacidade de investimento da administra\u00e7\u00e3o municipal.\u00a0<\/p>\n<h2 class=\"wp-block-heading\" id=\"h-estrutura-e-capacidade\">Estrutura e capacidade<\/h2>\n<p>Com investimento inicial estimado em R$ 286 milh\u00f5es, o hospital ser\u00e1 implantado por meio de concess\u00e3o administrativa, com prazo de 22 anos. A previs\u00e3o \u00e9 que a unidade esteja em funcionamento at\u00e9 2028.<\/p>\n<p>A estrutura contar\u00e1 com 110 leitos, sendo 100 especializados e 10 de Unidade de Terapia Intensiva (UTI) adulto, al\u00e9m de leitos de observa\u00e7\u00e3o e isolamento. Haver\u00e1 tamb\u00e9m duas salas cir\u00fargicas de grande porte, centro cir\u00fargico voltado para ortopedia e cirurgia geral, al\u00e9m de ambulat\u00f3rio com diversas especialidades.<\/p>\n<p>O hospital incluir\u00e1 ainda um moderno parque de bioimagem, com oferta de exames como tomografia, resson\u00e2ncia magn\u00e9tica, ultrassonografia e ecocardiografia, ampliando a capacidade diagn\u00f3stica da rede municipal, al\u00e9m de espa\u00e7os voltados ao ensino, \u00e0 pesquisa e \u00e0 capacita\u00e7\u00e3o de profissionais e leitos psiqui\u00e1tricos.\u00a0<\/p>\n<h2 class=\"wp-block-heading\" id=\"h-estrutura-vertical\">Estrutura vertical<\/h2>\n<p>O equipamento foi planejado em tr\u00eas pavimentos. No t\u00e9rreo, estar\u00e3o os servi\u00e7os de acesso imediato, como recep\u00e7\u00e3o, ambulat\u00f3rio, urg\u00eancia e bioimagem. O primeiro pavimento ser\u00e1 destinado \u00e0 interna\u00e7\u00e3o e \u00e0 UTI, enquanto o segundo concentrar\u00e1 o centro cir\u00fargico, mais leitos e \u00e1reas t\u00e9cnicas.<\/p>\n<p>Para o secret\u00e1rio Rodrigo Matos, o projeto representa mais do que uma obra: \u201c\u00c9 uma entrega que vai resultar positivamente nos indicadores de sa\u00fade\u201d, pontuou.<\/p>\n<p><em>Siga o Acorda Cidade no\u00a0<\/em><a href=\"https:\/\/news.google.com\/search?q=acorda%20cidade&amp;hl=pt-BR&amp;gl=BR&amp;ceid=BR%3Apt-419\"><strong><em>Google Not\u00edcias<\/em><\/strong><\/a><em>\u00a0e receba os principais destaques do dia. Participe tamb\u00e9m dos nossos canais no\u00a0<\/em><a href=\"https:\/\/www.whatsapp.com\/channel\/0029Va6Rb4v3WHTNnsh8WI3N\"><strong><em>WhatsApp<\/em><\/strong><\/a><em>\u00a0e\u00a0<\/em><a href=\"https:\/\/www.youtube.com\/@acordacidadenoticias\/videos\"><strong>YouTube<\/strong><\/a><em>\u00a0e grupo de\u00a0<\/em><a href=\"https:\/\/t.me\/+sSz0khrgARA0ZmRh\"><strong><em>Telegram<\/em><\/strong><\/a><em>.<\/em><\/p>\n<\/div>\n","protected":false},"excerpt":{"rendered":"<div>\n<div>\n<figure><img decoding=\"async\" src=\"https:\/\/uploads.acordacidade.com.br\/2026\/04\/Projeto-do-Hospital-Municipal-de-Feira-de-Santana-e-apresentado-na-Bolsa-de-Valores-de-Sao-Paulo.jpg\" alt=\"Projeto do Hospital Municipal de Feira de Santana \u00e9 apresentado na Bolsa de Valores de S\u00e3o Paulo\"><figcaption>Foto: Divulga\u00e7\u00e3o\/ SMS<br \/>\n<\/figcaption><\/figure>\n<\/div>\n<p>O secret\u00e1rio de sa\u00fade destacou que o projeto foi transparente e contou com participa\u00e7\u00e3o da sociedade civil.<\/p><\/div>\n","protected":false},"author":1,"featured_media":128877,"comment_status":"closed","ping_status":"closed","sticky":false,"template":"","format":"gallery","meta":{"footnotes":""},"categories":[8,9,6,57,56,10],"tags":[],"class_list":["post-128876","post","type-post","status-publish","format-gallery","has-post-thumbnail","hentry","category-bahia","category-brasil","category-feira-de-santana","category-mundo","category-policia","category-politica","post_format-post-format-gallery"],"featured_image_urls":{"full":["https:\/\/noticiasbahia360.com.br\/wp-content\/uploads\/2026\/04\/Projeto-do-Hospital-Municipal-de-Feira-de-Santana-e-apresentado-na-Bolsa-de-Valores-de-Sao-Paulo.jpg",1200,800,false],"thumbnail":["https:\/\/noticiasbahia360.com.br\/wp-content\/uploads\/2026\/04\/Projeto-do-Hospital-Municipal-de-Feira-de-Santana-e-apresentado-na-Bolsa-de-Valores-de-Sao-Paulo-150x150.jpg",150,150,true],"medium":["https:\/\/noticiasbahia360.com.br\/wp-content\/uploads\/2026\/04\/Projeto-do-Hospital-Municipal-de-Feira-de-Santana-e-apresentado-na-Bolsa-de-Valores-de-Sao-Paulo-300x200.jpg",300,200,true],"medium_large":["https:\/\/noticiasbahia360.com.br\/wp-content\/uploads\/2026\/04\/Projeto-do-Hospital-Municipal-de-Feira-de-Santana-e-apresentado-na-Bolsa-de-Valores-de-Sao-Paulo-768x512.jpg",640,427,true],"large":["https:\/\/noticiasbahia360.com.br\/wp-content\/uploads\/2026\/04\/Projeto-do-Hospital-Municipal-de-Feira-de-Santana-e-apresentado-na-Bolsa-de-Valores-de-Sao-Paulo-1024x683.jpg",640,427,true],"1536x1536":["https:\/\/noticiasbahia360.com.br\/wp-content\/uploads\/2026\/04\/Projeto-do-Hospital-Municipal-de-Feira-de-Santana-e-apresentado-na-Bolsa-de-Valores-de-Sao-Paulo.jpg",1200,800,false],"2048x2048":["https:\/\/noticiasbahia360.com.br\/wp-content\/uploads\/2026\/04\/Projeto-do-Hospital-Municipal-de-Feira-de-Santana-e-apresentado-na-Bolsa-de-Valores-de-Sao-Paulo.jpg",1200,800,false],"chromenews-featured":["https:\/\/noticiasbahia360.com.br\/wp-content\/uploads\/2026\/04\/Projeto-do-Hospital-Municipal-de-Feira-de-Santana-e-apresentado-na-Bolsa-de-Valores-de-Sao-Paulo-1024x683.jpg",1024,683,true],"chromenews-large":["https:\/\/noticiasbahia360.com.br\/wp-content\/uploads\/2026\/04\/Projeto-do-Hospital-Municipal-de-Feira-de-Santana-e-apresentado-na-Bolsa-de-Valores-de-Sao-Paulo-825x575.jpg",825,575,true],"chromenews-medium":["https:\/\/noticiasbahia360.com.br\/wp-content\/uploads\/2026\/04\/Projeto-do-Hospital-Municipal-de-Feira-de-Santana-e-apresentado-na-Bolsa-de-Valores-de-Sao-Paulo-590x410.jpg",590,410,true]},"author_info":{"display_name":"noticiasbahia360.com.br","author_link":"https:\/\/noticiasbahia360.com.br\/?author=1"},"category_info":"<a href=\"https:\/\/noticiasbahia360.com.br\/?cat=8\" rel=\"category\">Bahia<\/a> <a href=\"https:\/\/noticiasbahia360.com.br\/?cat=9\" rel=\"category\">Brasil<\/a> <a href=\"https:\/\/noticiasbahia360.com.br\/?cat=6\" rel=\"category\">Feira de Santana<\/a> <a href=\"https:\/\/noticiasbahia360.com.br\/?cat=57\" rel=\"category\">Mundo<\/a> <a href=\"https:\/\/noticiasbahia360.com.br\/?cat=56\" rel=\"category\">Pol\u00edcia<\/a> <a href=\"https:\/\/noticiasbahia360.com.br\/?cat=10\" rel=\"category\">Pol\u00edtica<\/a>","tag_info":"Pol\u00edtica","comment_count":"0","_links":{"self":[{"href":"https:\/\/noticiasbahia360.com.br\/index.php?rest_route=\/wp\/v2\/posts\/128876","targetHints":{"allow":["GET"]}}],"collection":[{"href":"https:\/\/noticiasbahia360.com.br\/index.php?rest_route=\/wp\/v2\/posts"}],"about":[{"href":"https:\/\/noticiasbahia360.com.br\/index.php?rest_route=\/wp\/v2\/types\/post"}],"author":[{"embeddable":true,"href":"https:\/\/noticiasbahia360.com.br\/index.php?rest_route=\/wp\/v2\/users\/1"}],"replies":[{"embeddable":true,"href":"https:\/\/noticiasbahia360.com.br\/index.php?rest_route=%2Fwp%2Fv2%2Fcomments&post=128876"}],"version-history":[{"count":0,"href":"https:\/\/noticiasbahia360.com.br\/index.php?rest_route=\/wp\/v2\/posts\/128876\/revisions"}],"wp:featuredmedia":[{"embeddable":true,"href":"https:\/\/noticiasbahia360.com.br\/index.php?rest_route=\/wp\/v2\/media\/128877"}],"wp:attachment":[{"href":"https:\/\/noticiasbahia360.com.br\/index.php?rest_route=%2Fwp%2Fv2%2Fmedia&parent=128876"}],"wp:term":[{"taxonomy":"category","embeddable":true,"href":"https:\/\/noticiasbahia360.com.br\/index.php?rest_route=%2Fwp%2Fv2%2Fcategories&post=128876"},{"taxonomy":"post_tag","embeddable":true,"href":"https:\/\/noticiasbahia360.com.br\/index.php?rest_route=%2Fwp%2Fv2%2Ftags&post=128876"}],"curies":[{"name":"wp","href":"https:\/\/api.w.org\/{rel}","templated":true}]}}