{"id":128879,"date":"2026-04-29T10:06:18","date_gmt":"2026-04-29T13:06:18","guid":{"rendered":"https:\/\/noticiasbahia360.com.br\/?p=128879"},"modified":"2026-04-29T10:06:18","modified_gmt":"2026-04-29T13:06:18","slug":"jose-ronaldo-promete-clinica-para-animais-mas-prioriza-hospital-municipal","status":"publish","type":"post","link":"https:\/\/noticiasbahia360.com.br\/?p=128879","title":{"rendered":"Jos\u00e9 Ronaldo promete cl\u00ednica para animais, mas prioriza hospital municipal"},"content":{"rendered":"<div>\n<div>\n<figure><img decoding=\"async\" src=\"http:\/\/noticiasbahia360.com.br\/wp-content\/uploads\/2026\/04\/close-no-veterinario-cuidando-cachorro.webp\" alt=\"Outubro Rosa Pet: castra\u00e7\u00e3o reduz em at\u00e9 90% risco de tumores reprodutivos em c\u00e3es e gatos\"><figcaption>Foto: Freepik<\/figcaption><\/figure>\n<\/div>\n<p>A cl\u00ednica para atender animais ser\u00e1 constru\u00edda, afirmou o prefeito <a href=\"https:\/\/www.acordacidade.com.br\/tag\/jose-ronaldo\/\" type=\"post_tag\" id=\"34959\">Jos\u00e9 Ronaldo de Carvalho<\/a>, ao responder a uma pergunta feita por um ouvinte durante entrevista ao radialista Silv\u00e9rio Silva, na manh\u00e3 do \u00faltimo domingo.<\/p>\n<p>Ele disse que a constru\u00e7\u00e3o do equipamento foi um compromisso assumido por ele n\u00e3o apenas com os representantes das associa\u00e7\u00f5es que cuidam de animais, inclusive os errantes, mas tamb\u00e9m com os feirenses.<\/p>\n<p>Jos\u00e9 Ronaldo pediu um pouco mais de paci\u00eancia aos defensores da causa animal, que ele tamb\u00e9m abra\u00e7a, mas destacou que, no momento, a <strong>prioridade \u00e9 a sa\u00fade humana, com a constru\u00e7\u00e3o do hospital municipal, cuja licita\u00e7\u00e3o p\u00fablica est\u00e1 prevista para acontecer no in\u00edcio do pr\u00f3ximo m\u00eas.<\/strong><\/p>\n<p>O atendimento em cl\u00ednicas veterin\u00e1rias p\u00fablicas foca em servi\u00e7os gratuitos ou de baixo custo para tutores de baixa renda, ONGs e animais de rua. Inclui consultas e castra\u00e7\u00f5es.<\/p>\n<p><em>As informa\u00e7\u00f5es s\u00e3o da Secretaria de Comunica\u00e7\u00e3o Social (Secom)<\/em><\/p>\n<p><em>Siga o Acorda Cidade no\u00a0<\/em><a href=\"https:\/\/news.google.com\/search?q=acorda%20cidade&amp;hl=pt-BR&amp;gl=BR&amp;ceid=BR%3Apt-419\"><strong><em>Google Not\u00edcias<\/em><\/strong><\/a><em>\u00a0e receba os principais destaques do dia. Participe tamb\u00e9m dos nossos canais no\u00a0<\/em><a href=\"https:\/\/www.whatsapp.com\/channel\/0029Va6Rb4v3WHTNnsh8WI3N\"><strong><em>WhatsApp<\/em><\/strong><\/a><em>\u00a0e\u00a0<\/em><a href=\"https:\/\/www.youtube.com\/@acordacidadenoticias\/videos\"><strong>YouTube<\/strong><\/a><em>\u00a0e grupo de\u00a0<\/em><a href=\"https:\/\/t.me\/+sSz0khrgARA0ZmRh\"><strong><em>Telegram<\/em><\/strong><\/a><em>.<\/em><\/p>\n<\/div>\n","protected":false},"excerpt":{"rendered":"<div>\n<div>\n<figure><img decoding=\"async\" src=\"https:\/\/www.acordacidade.com.br\/wp-content\/uploads\/2025\/10\/close-no-veterinario-cuidando-cachorro.webp\" alt=\"Outubro Rosa Pet: castra\u00e7\u00e3o reduz em at\u00e9 90% risco de tumores reprodutivos em c\u00e3es e gatos\"><figcaption>Foto: Freepik<\/figcaption><\/figure>\n<\/div>\n<p>O prefeito Jos\u00e9 Ronaldo pediu mais paci\u00eancia aos defensores da causa animal, mas destacou que a prioridade \u00e9 a sa\u00fade humana.<\/p><\/div>\n","protected":false},"author":1,"featured_media":128880,"comment_status":"closed","ping_status":"closed","sticky":false,"template":"","format":"gallery","meta":{"footnotes":""},"categories":[8,9,6,57,56,10],"tags":[],"class_list":["post-128879","post","type-post","status-publish","format-gallery","has-post-thumbnail","hentry","category-bahia","category-brasil","category-feira-de-santana","category-mundo","category-policia","category-politica","post_format-post-format-gallery"],"featured_image_urls":{"full":["https:\/\/noticiasbahia360.com.br\/wp-content\/uploads\/2026\/04\/close-no-veterinario-cuidando-cachorro.webp",1200,798,false],"thumbnail":["https:\/\/noticiasbahia360.com.br\/wp-content\/uploads\/2026\/04\/close-no-veterinario-cuidando-cachorro-150x150.webp",150,150,true],"medium":["https:\/\/noticiasbahia360.com.br\/wp-content\/uploads\/2026\/04\/close-no-veterinario-cuidando-cachorro-300x200.webp",300,200,true],"medium_large":["https:\/\/noticiasbahia360.com.br\/wp-content\/uploads\/2026\/04\/close-no-veterinario-cuidando-cachorro-768x511.webp",640,426,true],"large":["https:\/\/noticiasbahia360.com.br\/wp-content\/uploads\/2026\/04\/close-no-veterinario-cuidando-cachorro-1024x681.webp",640,426,true],"1536x1536":["https:\/\/noticiasbahia360.com.br\/wp-content\/uploads\/2026\/04\/close-no-veterinario-cuidando-cachorro.webp",1200,798,false],"2048x2048":["https:\/\/noticiasbahia360.com.br\/wp-content\/uploads\/2026\/04\/close-no-veterinario-cuidando-cachorro.webp",1200,798,false],"chromenews-featured":["https:\/\/noticiasbahia360.com.br\/wp-content\/uploads\/2026\/04\/close-no-veterinario-cuidando-cachorro-1024x681.webp",1024,681,true],"chromenews-large":["https:\/\/noticiasbahia360.com.br\/wp-content\/uploads\/2026\/04\/close-no-veterinario-cuidando-cachorro-825x575.webp",825,575,true],"chromenews-medium":["https:\/\/noticiasbahia360.com.br\/wp-content\/uploads\/2026\/04\/close-no-veterinario-cuidando-cachorro-590x410.webp",590,410,true]},"author_info":{"display_name":"noticiasbahia360.com.br","author_link":"https:\/\/noticiasbahia360.com.br\/?author=1"},"category_info":"<a href=\"https:\/\/noticiasbahia360.com.br\/?cat=8\" rel=\"category\">Bahia<\/a> <a href=\"https:\/\/noticiasbahia360.com.br\/?cat=9\" rel=\"category\">Brasil<\/a> <a href=\"https:\/\/noticiasbahia360.com.br\/?cat=6\" rel=\"category\">Feira de Santana<\/a> <a href=\"https:\/\/noticiasbahia360.com.br\/?cat=57\" rel=\"category\">Mundo<\/a> <a href=\"https:\/\/noticiasbahia360.com.br\/?cat=56\" rel=\"category\">Pol\u00edcia<\/a> <a href=\"https:\/\/noticiasbahia360.com.br\/?cat=10\" rel=\"category\">Pol\u00edtica<\/a>","tag_info":"Pol\u00edtica","comment_count":"0","_links":{"self":[{"href":"https:\/\/noticiasbahia360.com.br\/index.php?rest_route=\/wp\/v2\/posts\/128879","targetHints":{"allow":["GET"]}}],"collection":[{"href":"https:\/\/noticiasbahia360.com.br\/index.php?rest_route=\/wp\/v2\/posts"}],"about":[{"href":"https:\/\/noticiasbahia360.com.br\/index.php?rest_route=\/wp\/v2\/types\/post"}],"author":[{"embeddable":true,"href":"https:\/\/noticiasbahia360.com.br\/index.php?rest_route=\/wp\/v2\/users\/1"}],"replies":[{"embeddable":true,"href":"https:\/\/noticiasbahia360.com.br\/index.php?rest_route=%2Fwp%2Fv2%2Fcomments&post=128879"}],"version-history":[{"count":0,"href":"https:\/\/noticiasbahia360.com.br\/index.php?rest_route=\/wp\/v2\/posts\/128879\/revisions"}],"wp:featuredmedia":[{"embeddable":true,"href":"https:\/\/noticiasbahia360.com.br\/index.php?rest_route=\/wp\/v2\/media\/128880"}],"wp:attachment":[{"href":"https:\/\/noticiasbahia360.com.br\/index.php?rest_route=%2Fwp%2Fv2%2Fmedia&parent=128879"}],"wp:term":[{"taxonomy":"category","embeddable":true,"href":"https:\/\/noticiasbahia360.com.br\/index.php?rest_route=%2Fwp%2Fv2%2Fcategories&post=128879"},{"taxonomy":"post_tag","embeddable":true,"href":"https:\/\/noticiasbahia360.com.br\/index.php?rest_route=%2Fwp%2Fv2%2Ftags&post=128879"}],"curies":[{"name":"wp","href":"https:\/\/api.w.org\/{rel}","templated":true}]}} 