{"id":128881,"date":"2026-04-29T10:16:21","date_gmt":"2026-04-29T13:16:21","guid":{"rendered":"https:\/\/noticiasbahia360.com.br\/?p=128881"},"modified":"2026-04-29T10:16:21","modified_gmt":"2026-04-29T13:16:21","slug":"rede-de-protecao-as-mulheres-e-ronda-maria-da-penha-atuam-no-combate-a-violencia-domestica-em-feira-de-santana","status":"publish","type":"post","link":"https:\/\/noticiasbahia360.com.br\/?p=128881","title":{"rendered":"Rede de Prote\u00e7\u00e3o \u00e0s Mulheres e Ronda Maria da Penha atuam no combate \u00e0 viol\u00eancia dom\u00e9stica em Feira de Santana"},"content":{"rendered":"<div>\n<div>\n<figure><img decoding=\"async\" src=\"http:\/\/noticiasbahia360.com.br\/wp-content\/uploads\/2026\/04\/Policia-Militar-Ronda-Maria-da-Penha-Foto-Karla-Ferreira.jpg\" alt=\"Pol\u00edcia Militar Ronda Maria da Penha\"><figcaption>Foto: Karla Ferreira<\/figcaption><\/figure>\n<\/div>\n<p>A Rede de Prote\u00e7\u00e3o \u00e0s Mulheres em Feira de Santana segue fortalecendo o enfrentamento \u00e0 viol\u00eancia dom\u00e9stica por meio da atua\u00e7\u00e3o integrada com a Ronda Maria da Penha. O trabalho conjunto tem garantido mais seguran\u00e7a e acompanhamento \u00e0s mulheres que j\u00e1 romperam o ciclo de viol\u00eancia e solicitaram medidas protetivas de urg\u00eancia.<\/p>\n<p>A Ronda Maria da Penha, em parceria com o Portal do Sert\u00e3o, atua diretamente na fiscaliza\u00e7\u00e3o do cumprimento dessas medidas, que determinam, entre outras a\u00e7\u00f5es, o afastamento do agressor do lar, conforme previsto na Lei Maria da Penha. Ap\u00f3s o deferimento da medida pelo juiz da Vara de Viol\u00eancia Dom\u00e9stica, a decis\u00e3o \u00e9 encaminhada automaticamente para a equipe da Ronda, que inicia o monitoramento da v\u00edtima.<\/p>\n<p>O acompanhamento tem como principal objetivo assegurar que a determina\u00e7\u00e3o judicial seja cumprida. Em casos de descumprimento, a Pol\u00edcia Militar pode relatar a infra\u00e7\u00e3o e, quando necess\u00e1rio, efetuar a pris\u00e3o em flagrante do agressor.<\/p>\n<p>A atua\u00e7\u00e3o da Rede de Prote\u00e7\u00e3o vai al\u00e9m da seguran\u00e7a p\u00fablica. A Secretaria Municipal de Pol\u00edticas para Mulheres desempenha papel fundamental ao oferecer suporte por meio de pol\u00edticas p\u00fablicas e servi\u00e7os especializados. Entre os equipamentos vinculados est\u00e1 o Centro de Refer\u00eancia Maria Quit\u00e9ria (CRMQ), que disponibiliza atendimento psicol\u00f3gico, jur\u00eddico e psicossocial, essenciais para fortalecer a autonomia das mulheres e garantir que se sintam seguras para seguir longe da viol\u00eancia.<\/p>\n<p>De acordo com a capit\u00e3 da Ronda Maria da Penha, Nina Marques, o enfrentamento \u00e0 viol\u00eancia contra a mulher exige a atua\u00e7\u00e3o conjunta de diversos \u00f3rg\u00e3os. \u201cA Pol\u00edcia Militar realiza a\u00e7\u00f5es preventivas e de conscientiza\u00e7\u00e3o, mas \u00e9 fundamental essa conex\u00e3o com outros setores da Rede, como o Judici\u00e1rio, o Minist\u00e9rio P\u00fablico e a pr\u00f3pria Secretaria da Mulher. Cada um tem um papel importante, e \u00e9 essa sinergia que d\u00e1 \u00e0s mulheres a confian\u00e7a necess\u00e1ria para romper com o ciclo da viol\u00eancia\u201d, destacou.<\/p>\n<p>A integra\u00e7\u00e3o entre as institui\u00e7\u00f5es refor\u00e7a o compromisso do munic\u00edpio em promover prote\u00e7\u00e3o, acolhimento e garantia de direitos \u00e0s mulheres de Feira de Santana.<\/p>\n<p><em>Siga o Acorda Cidade no\u00a0<\/em><a href=\"https:\/\/news.google.com\/search?q=acorda%20cidade&amp;hl=pt-BR&amp;gl=BR&amp;ceid=BR%3Apt-419\"><strong><em>Google Not\u00edcias<\/em><\/strong><\/a><em>\u00a0e receba os principais destaques do dia. Participe tamb\u00e9m dos nossos canais no\u00a0<\/em><a href=\"https:\/\/www.whatsapp.com\/channel\/0029Va6Rb4v3WHTNnsh8WI3N\"><strong><em>WhatsApp<\/em><\/strong><\/a><em>\u00a0e\u00a0<\/em><a href=\"https:\/\/www.youtube.com\/@acordacidadenoticias\/videos\"><strong>YouTube<\/strong><\/a><em>\u00a0e grupo de\u00a0<\/em><a href=\"https:\/\/t.me\/+sSz0khrgARA0ZmRh\"><strong><em>Telegram<\/em><\/strong><\/a><em>.<\/em><\/p>\n<\/div>\n","protected":false},"excerpt":{"rendered":"<div>\n<div>\n<figure><img decoding=\"async\" src=\"https:\/\/uploads.acordacidade.com.br\/2026\/04\/Policia-Militar-Ronda-Maria-da-Penha-Foto-Karla-Ferreira.jpg\" alt=\"Pol\u00edcia Militar Ronda Maria da Penha\"><figcaption>Foto: Karla Ferreira<\/figcaption><\/figure>\n<\/div>\n<p>Segundo a capit\u00e3 da Ronda, Nina Marques, o enfrentamento \u00e0 viol\u00eancia contra a mulher exige atua\u00e7\u00e3o conjunta de diversos \u00f3rg\u00e3os.<\/p><\/div>\n","protected":false},"author":1,"featured_media":128882,"comment_status":"closed","ping_status":"closed","sticky":false,"template":"","format":"gallery","meta":{"footnotes":""},"categories":[8,9,6,57,56,10],"tags":[],"class_list":["post-128881","post","type-post","status-publish","format-gallery","has-post-thumbnail","hentry","category-bahia","category-brasil","category-feira-de-santana","category-mundo","category-policia","category-politica","post_format-post-format-gallery"],"featured_image_urls":{"full":["https:\/\/noticiasbahia360.com.br\/wp-content\/uploads\/2026\/04\/Policia-Militar-Ronda-Maria-da-Penha-Foto-Karla-Ferreira.jpg",1200,799,false],"thumbnail":["https:\/\/noticiasbahia360.com.br\/wp-content\/uploads\/2026\/04\/Policia-Militar-Ronda-Maria-da-Penha-Foto-Karla-Ferreira-150x150.jpg",150,150,true],"medium":["https:\/\/noticiasbahia360.com.br\/wp-content\/uploads\/2026\/04\/Policia-Militar-Ronda-Maria-da-Penha-Foto-Karla-Ferreira-300x200.jpg",300,200,true],"medium_large":["https:\/\/noticiasbahia360.com.br\/wp-content\/uploads\/2026\/04\/Policia-Militar-Ronda-Maria-da-Penha-Foto-Karla-Ferreira-768x511.jpg",640,426,true],"large":["https:\/\/noticiasbahia360.com.br\/wp-content\/uploads\/2026\/04\/Policia-Militar-Ronda-Maria-da-Penha-Foto-Karla-Ferreira-1024x682.jpg",640,426,true],"1536x1536":["https:\/\/noticiasbahia360.com.br\/wp-content\/uploads\/2026\/04\/Policia-Militar-Ronda-Maria-da-Penha-Foto-Karla-Ferreira.jpg",1200,799,false],"2048x2048":["https:\/\/noticiasbahia360.com.br\/wp-content\/uploads\/2026\/04\/Policia-Militar-Ronda-Maria-da-Penha-Foto-Karla-Ferreira.jpg",1200,799,false],"chromenews-featured":["https:\/\/noticiasbahia360.com.br\/wp-content\/uploads\/2026\/04\/Policia-Militar-Ronda-Maria-da-Penha-Foto-Karla-Ferreira-1024x682.jpg",1024,682,true],"chromenews-large":["https:\/\/noticiasbahia360.com.br\/wp-content\/uploads\/2026\/04\/Policia-Militar-Ronda-Maria-da-Penha-Foto-Karla-Ferreira-825x575.jpg",825,575,true],"chromenews-medium":["https:\/\/noticiasbahia360.com.br\/wp-content\/uploads\/2026\/04\/Policia-Militar-Ronda-Maria-da-Penha-Foto-Karla-Ferreira-590x410.jpg",590,410,true]},"author_info":{"display_name":"noticiasbahia360.com.br","author_link":"https:\/\/noticiasbahia360.com.br\/?author=1"},"category_info":"<a href=\"https:\/\/noticiasbahia360.com.br\/?cat=8\" rel=\"category\">Bahia<\/a> <a href=\"https:\/\/noticiasbahia360.com.br\/?cat=9\" rel=\"category\">Brasil<\/a> <a href=\"https:\/\/noticiasbahia360.com.br\/?cat=6\" rel=\"category\">Feira de Santana<\/a> <a href=\"https:\/\/noticiasbahia360.com.br\/?cat=57\" rel=\"category\">Mundo<\/a> <a href=\"https:\/\/noticiasbahia360.com.br\/?cat=56\" rel=\"category\">Pol\u00edcia<\/a> <a href=\"https:\/\/noticiasbahia360.com.br\/?cat=10\" rel=\"category\">Pol\u00edtica<\/a>","tag_info":"Pol\u00edtica","comment_count":"0","_links":{"self":[{"href":"https:\/\/noticiasbahia360.com.br\/index.php?rest_route=\/wp\/v2\/posts\/128881","targetHints":{"allow":["GET"]}}],"collection":[{"href":"https:\/\/noticiasbahia360.com.br\/index.php?rest_route=\/wp\/v2\/posts"}],"about":[{"href":"https:\/\/noticiasbahia360.com.br\/index.php?rest_route=\/wp\/v2\/types\/post"}],"author":[{"embeddable":true,"href":"https:\/\/noticiasbahia360.com.br\/index.php?rest_route=\/wp\/v2\/users\/1"}],"replies":[{"embeddable":true,"href":"https:\/\/noticiasbahia360.com.br\/index.php?rest_route=%2Fwp%2Fv2%2Fcomments&post=128881"}],"version-history":[{"count":0,"href":"https:\/\/noticiasbahia360.com.br\/index.php?rest_route=\/wp\/v2\/posts\/128881\/revisions"}],"wp:featuredmedia":[{"embeddable":true,"href":"https:\/\/noticiasbahia360.com.br\/index.php?rest_route=\/wp\/v2\/media\/128882"}],"wp:attachment":[{"href":"https:\/\/noticiasbahia360.com.br\/index.php?rest_route=%2Fwp%2Fv2%2Fmedia&parent=128881"}],"wp:term":[{"taxonomy":"category","embeddable":true,"href":"https:\/\/noticiasbahia360.com.br\/index.php?rest_route=%2Fwp%2Fv2%2Fcategories&post=128881"},{"taxonomy":"post_tag","embeddable":true,"href":"https:\/\/noticiasbahia360.com.br\/index.php?rest_route=%2Fwp%2Fv2%2Ftags&post=128881"}],"curies":[{"name":"wp","href":"https:\/\/api.w.org\/{rel}","templated":true}]}}