{"id":128885,"date":"2026-04-29T10:35:57","date_gmt":"2026-04-29T13:35:57","guid":{"rendered":"https:\/\/noticiasbahia360.com.br\/?p=128885"},"modified":"2026-04-29T10:35:57","modified_gmt":"2026-04-29T13:35:57","slug":"prefeitura-de-feira-de-santana-vai-desapropriar-areas-de-terra-para-construir-pracas-esportivas","status":"publish","type":"post","link":"https:\/\/noticiasbahia360.com.br\/?p=128885","title":{"rendered":"Prefeitura de Feira de Santana vai desapropriar \u00e1reas de terra para construir pra\u00e7as esportivas"},"content":{"rendered":"<div>\n<div>\n<figure><img decoding=\"async\" src=\"http:\/\/noticiasbahia360.com.br\/wp-content\/uploads\/2026\/04\/Praca-esportiva-em-Feira-de-Santana-Foto-Jorge-Magalhaes.jpg\" alt=\"Pra\u00e7a esportiva em Feira de Santana\"><figcaption>Foto: Jorge Magalh\u00e3es<\/figcaption><\/figure>\n<\/div>\n<p>A Prefeitura de Feira de Santana vai desapropriar duas \u00e1reas de terra onde ser\u00e3o constru\u00eddas pra\u00e7as esportivas, atendendo antigas demandas dos moradores.<\/p>\n<p>As \u00e1reas foram declaradas de utilidade p\u00fablica para fins de desapropria\u00e7\u00e3o, de acordo com os decretos publicados pela Prefeitura.<\/p>\n<p>A declara\u00e7\u00e3o de utilidade p\u00fablica \u00e9 a primeira etapa legal do processo de desapropria\u00e7\u00e3o, na qual o poder p\u00fablico oficializa a inten\u00e7\u00e3o de tomar uma propriedade privada para fins de interesse p\u00fablico.<\/p>\n<p>Uma delas, com 6,5 mil metros quadrados, fica no bairro Lagoa Salgada. A outra est\u00e1 localizada na Pedra do Descanso, com \u00e1rea de 5.050 metros quadrados.<\/p>\n<p>A desapropria\u00e7\u00e3o do terreno \u00e9 o primeiro passo para a constru\u00e7\u00e3o do equipamento proposto e antecede a licita\u00e7\u00e3o que definir\u00e1 a empresa respons\u00e1vel pela obra.<\/p>\n<p><em>As informa\u00e7\u00f5es s\u00e3o da Secretaria Municipal de Comunica\u00e7\u00e3o Social de Feira de Santana<\/em><\/p>\n<p><strong>Leia tamb\u00e9m:<\/strong><\/p>\n<p><a href=\"https:\/\/www.acordacidade.com.br\/feira-de-santana\/morador-denuncia-descaso-em-pracas-e-aparelhos-de-ginastica-do-bairro-sobradinho-estao-abandonadas-ha-anos\/\">Morador denuncia descaso em pra\u00e7as e aparelhos de gin\u00e1stica do bairro Sobradinho: \u201cEst\u00e3o abandonadas h\u00e1 anos\u201d<\/a><\/p>\n<p><em>Siga o Acorda Cidade no\u00a0<\/em><a href=\"https:\/\/news.google.com\/search?q=acorda%20cidade&amp;hl=pt-BR&amp;gl=BR&amp;ceid=BR%3Apt-419\"><strong><em>Google Not\u00edcias<\/em><\/strong><\/a><em>\u00a0e receba os principais destaques do dia. Participe tamb\u00e9m dos nossos canais no\u00a0<\/em><a href=\"https:\/\/www.whatsapp.com\/channel\/0029Va6Rb4v3WHTNnsh8WI3N\"><strong><em>WhatsApp<\/em><\/strong><\/a><em>\u00a0e\u00a0<\/em><a href=\"https:\/\/www.youtube.com\/@acordacidadenoticias\/videos\"><strong>YouTube<\/strong><\/a><em>\u00a0e grupo de\u00a0<\/em><a href=\"https:\/\/t.me\/+sSz0khrgARA0ZmRh\"><strong><em>Telegram<\/em><\/strong><\/a><em>.<\/em><\/p>\n<\/div>\n","protected":false},"excerpt":{"rendered":"<div>\n<div>\n<figure><img decoding=\"async\" src=\"https:\/\/uploads.acordacidade.com.br\/2026\/04\/Praca-esportiva-em-Feira-de-Santana-Foto-Jorge-Magalhaes.jpg\" alt=\"Pra\u00e7a esportiva em Feira de Santana\"><figcaption>Foto: Jorge Magalh\u00e3es<\/figcaption><\/figure>\n<\/div>\n<p>As \u00e1reas foram declaradas de utilidade p\u00fablica para fins de desapropria\u00e7\u00e3o, de acordo com os decretos publicados pela Prefeitura.<\/p><\/div>\n","protected":false},"author":1,"featured_media":128886,"comment_status":"closed","ping_status":"closed","sticky":false,"template":"","format":"gallery","meta":{"footnotes":""},"categories":[8,9,6,57,56,10],"tags":[],"class_list":["post-128885","post","type-post","status-publish","format-gallery","has-post-thumbnail","hentry","category-bahia","category-brasil","category-feira-de-santana","category-mundo","category-policia","category-politica","post_format-post-format-gallery"],"featured_image_urls":{"full":["https:\/\/noticiasbahia360.com.br\/wp-content\/uploads\/2026\/04\/Praca-esportiva-em-Feira-de-Santana-Foto-Jorge-Magalhaes.jpg",1200,800,false],"thumbnail":["https:\/\/noticiasbahia360.com.br\/wp-content\/uploads\/2026\/04\/Praca-esportiva-em-Feira-de-Santana-Foto-Jorge-Magalhaes-150x150.jpg",150,150,true],"medium":["https:\/\/noticiasbahia360.com.br\/wp-content\/uploads\/2026\/04\/Praca-esportiva-em-Feira-de-Santana-Foto-Jorge-Magalhaes-300x200.jpg",300,200,true],"medium_large":["https:\/\/noticiasbahia360.com.br\/wp-content\/uploads\/2026\/04\/Praca-esportiva-em-Feira-de-Santana-Foto-Jorge-Magalhaes-768x512.jpg",640,427,true],"large":["https:\/\/noticiasbahia360.com.br\/wp-content\/uploads\/2026\/04\/Praca-esportiva-em-Feira-de-Santana-Foto-Jorge-Magalhaes-1024x683.jpg",640,427,true],"1536x1536":["https:\/\/noticiasbahia360.com.br\/wp-content\/uploads\/2026\/04\/Praca-esportiva-em-Feira-de-Santana-Foto-Jorge-Magalhaes.jpg",1200,800,false],"2048x2048":["https:\/\/noticiasbahia360.com.br\/wp-content\/uploads\/2026\/04\/Praca-esportiva-em-Feira-de-Santana-Foto-Jorge-Magalhaes.jpg",1200,800,false],"chromenews-featured":["https:\/\/noticiasbahia360.com.br\/wp-content\/uploads\/2026\/04\/Praca-esportiva-em-Feira-de-Santana-Foto-Jorge-Magalhaes-1024x683.jpg",1024,683,true],"chromenews-large":["https:\/\/noticiasbahia360.com.br\/wp-content\/uploads\/2026\/04\/Praca-esportiva-em-Feira-de-Santana-Foto-Jorge-Magalhaes-825x575.jpg",825,575,true],"chromenews-medium":["https:\/\/noticiasbahia360.com.br\/wp-content\/uploads\/2026\/04\/Praca-esportiva-em-Feira-de-Santana-Foto-Jorge-Magalhaes-590x410.jpg",590,410,true]},"author_info":{"display_name":"noticiasbahia360.com.br","author_link":"https:\/\/noticiasbahia360.com.br\/?author=1"},"category_info":"<a href=\"https:\/\/noticiasbahia360.com.br\/?cat=8\" rel=\"category\">Bahia<\/a> <a href=\"https:\/\/noticiasbahia360.com.br\/?cat=9\" rel=\"category\">Brasil<\/a> <a href=\"https:\/\/noticiasbahia360.com.br\/?cat=6\" rel=\"category\">Feira de Santana<\/a> <a href=\"https:\/\/noticiasbahia360.com.br\/?cat=57\" rel=\"category\">Mundo<\/a> <a href=\"https:\/\/noticiasbahia360.com.br\/?cat=56\" rel=\"category\">Pol\u00edcia<\/a> <a href=\"https:\/\/noticiasbahia360.com.br\/?cat=10\" rel=\"category\">Pol\u00edtica<\/a>","tag_info":"Pol\u00edtica","comment_count":"0","_links":{"self":[{"href":"https:\/\/noticiasbahia360.com.br\/index.php?rest_route=\/wp\/v2\/posts\/128885","targetHints":{"allow":["GET"]}}],"collection":[{"href":"https:\/\/noticiasbahia360.com.br\/index.php?rest_route=\/wp\/v2\/posts"}],"about":[{"href":"https:\/\/noticiasbahia360.com.br\/index.php?rest_route=\/wp\/v2\/types\/post"}],"author":[{"embeddable":true,"href":"https:\/\/noticiasbahia360.com.br\/index.php?rest_route=\/wp\/v2\/users\/1"}],"replies":[{"embeddable":true,"href":"https:\/\/noticiasbahia360.com.br\/index.php?rest_route=%2Fwp%2Fv2%2Fcomments&post=128885"}],"version-history":[{"count":0,"href":"https:\/\/noticiasbahia360.com.br\/index.php?rest_route=\/wp\/v2\/posts\/128885\/revisions"}],"wp:featuredmedia":[{"embeddable":true,"href":"https:\/\/noticiasbahia360.com.br\/index.php?rest_route=\/wp\/v2\/media\/128886"}],"wp:attachment":[{"href":"https:\/\/noticiasbahia360.com.br\/index.php?rest_route=%2Fwp%2Fv2%2Fmedia&parent=128885"}],"wp:term":[{"taxonomy":"category","embeddable":true,"href":"https:\/\/noticiasbahia360.com.br\/index.php?rest_route=%2Fwp%2Fv2%2Fcategories&post=128885"},{"taxonomy":"post_tag","embeddable":true,"href":"https:\/\/noticiasbahia360.com.br\/index.php?rest_route=%2Fwp%2Fv2%2Ftags&post=128885"}],"curies":[{"name":"wp","href":"https:\/\/api.w.org\/{rel}","templated":true}]}}