{"id":128887,"date":"2026-04-29T10:46:29","date_gmt":"2026-04-29T13:46:29","guid":{"rendered":"https:\/\/noticiasbahia360.com.br\/?p=128887"},"modified":"2026-04-29T10:46:29","modified_gmt":"2026-04-29T13:46:29","slug":"comedia-dramatica-saltos-e-coturnos-retorna-ao-teatro-do-cuca-dias-8-e-9-de-maio","status":"publish","type":"post","link":"https:\/\/noticiasbahia360.com.br\/?p=128887","title":{"rendered":"Com\u00e9dia dram\u00e1tica \u2018Saltos e Coturnos\u2019 retorna ao Teatro do Cuca dias 8 e 9 de maio"},"content":{"rendered":"<div>\n<div>\n<figure><img decoding=\"async\" src=\"http:\/\/noticiasbahia360.com.br\/wp-content\/uploads\/2026\/04\/SALTOS-E-COTURNOS-FOTO-DIVULGACAO-01-.webp\" alt=\"Com\u00e9dia dram\u00e1tica \u2018Saltos e Coturnos\u2019 retorna ao Teatro do Cuca dias 8 e 9 de maio\"><figcaption>Foto: Divulga\u00e7\u00e3o <\/figcaption><\/figure>\n<\/div>\n<p>O projeto Feira Tem Teatro d\u00e1 continuidade \u00e0 programa\u00e7\u00e3o em Feira de Santana com a apresenta\u00e7\u00e3o do espet\u00e1culo Saltos e Coturnos, que retorna ao Teatro do Cuca nos dias 8 e 9 de maio, \u00e0s 20h, em nova vers\u00e3o. Os ingressos podem ser adquiridos na bilheteria do teatro no dia da apresenta\u00e7\u00e3o ou antecipadamente pela plataforma <a href=\"https:\/\/www.sympla.com.br\/evento\/saltos-e-coturnos\/3398730\" target=\"_blank\" rel=\"noreferrer noopener\">Sympla<\/a>.<\/p>\n<p>Com texto e dire\u00e7\u00e3o de Geovane Mascarenhas, a montagem \u2013 que teve ingressos esgotados na estreia, em 2023 \u2013 apresenta novidades no elenco, cen\u00e1rio e figurinos. Com elementos de metateatro, a com\u00e9dia dram\u00e1tica retrata a trajet\u00f3ria de um grupo teatral que enfrenta a censura e luta pela liberdade de express\u00e3o durante a ditadura militar no Brasil, entre as d\u00e9cadas de 1960 e 1970.<\/p>\n<p>\u201c\u00c9 uma proposta que proporciona momentos divertidos com personagens carism\u00e1ticos e irreverentes, ao mesmo tempo em que retrata a luta pela liberdade de express\u00e3o no per\u00edodo da ditadura militar. Utilizamos refer\u00eancias como o Dzi Croquettes e a banda Secos e Molhados, incorporando influ\u00eancias est\u00e9ticas e tem\u00e1ticas que dialogam com a contesta\u00e7\u00e3o de padr\u00f5es sociais e art\u00edsticos da \u00e9poca\u201d, explica Geovane Mascarenhas.<\/p>\n<figure class=\"wp-block-image size-full\"><img fetchpriority=\"high\" fetchpriority=\"high\" decoding=\"async\" width=\"1200\" height=\"629\" src=\"http:\/\/noticiasbahia360.com.br\/wp-content\/uploads\/2026\/04\/SALTOS-E-COTURNOS-FOTO-DIVULGACAO-02.webp\" alt=\"Com\u00e9dia dram\u00e1tica \u2018Saltos e Coturnos\u2019 retorna ao Teatro do Cuca dias 8 e 9 de maio\" class=\"wp-image-651025\" srcset=\"http:\/\/noticiasbahia360.com.br\/wp-content\/uploads\/2026\/04\/SALTOS-E-COTURNOS-FOTO-DIVULGACAO-02.webp 1200w, https:\/\/uploads.acordacidade.com.br\/2026\/04\/SALTOS-E-COTURNOS-FOTO-DIVULGACAO-02-750x393.webp 750w, https:\/\/uploads.acordacidade.com.br\/2026\/04\/SALTOS-E-COTURNOS-FOTO-DIVULGACAO-02-1000x524.webp 1000w, https:\/\/uploads.acordacidade.com.br\/2026\/04\/SALTOS-E-COTURNOS-FOTO-DIVULGACAO-02-450x236.webp 450w, https:\/\/uploads.acordacidade.com.br\/2026\/04\/SALTOS-E-COTURNOS-FOTO-DIVULGACAO-02-150x79.webp 150w\" sizes=\"(max-width: 1200px) 100vw, 1200px\"><figcaption class=\"wp-element-caption\">Foto: Divulga\u00e7\u00e3o <\/figcaption><\/figure>\n<p>O espet\u00e1culo Saltos e Coturnos foi contemplado nos editais da Pol\u00edtica Nacional Aldir Blanc Bahia (PNAB) e conta com apoio financeiro da Prefeitura de Feira de Santana, por meio da Secretaria Municipal de Cultura, Esporte e Lazer, via PNAB, com recursos do Minist\u00e9rio da Cultura \u2013 Governo Federal.<\/p>\n<p><strong>O Feira Tem Teatro<\/strong><\/p>\n<p>Consolidado como uma das principais iniciativas de valoriza\u00e7\u00e3o do teatro local, o Feira Tem Teatro chega \u00e0 sua oitava edi\u00e7\u00e3o promovendo o acesso do p\u00fablico a espet\u00e1culos produzidos em Feira de Santana. Em 2026, o projeto, idealizado pelo ator, diretor e dramaturgo Geovane Mascarenhas, reafirma seu compromisso com o fortalecimento da cena cultural da cidade, ampliando o di\u00e1logo entre mem\u00f3ria, arte e identidade.<\/p>\n<p><strong>Servi\u00e7o<br \/>Espet\u00e1culo: <em>Saltos e Coturnos<br \/><\/em>Data: 8 e 9 de maio<br \/>Hor\u00e1rio: 20h<br \/>Local: Teatro do CUCA<br \/>Valor promocional: R$ 20 (meia para todos)<br \/>Classifica\u00e7\u00e3o: 16 anos<br \/>Dura\u00e7\u00e3o: 60 minutos<br \/>Vendas: <a href=\"https:\/\/www.sympla.com.br\/evento\/saltos-e-coturnos\/3398730\" target=\"_blank\" rel=\"noreferrer noopener\">https:\/\/www.sympla.com.br\/evento\/saltos-e-coturnos\/3398730<\/a><\/strong><\/p>\n<p><em>Siga o Acorda Cidade no<\/em><a href=\"https:\/\/news.google.com\/search?q=acorda%20cidade&amp;hl=pt-BR&amp;gl=BR&amp;ceid=BR%3Apt-419\"><strong><em>\u00a0Google Not\u00edcias<\/em><\/strong><\/a><em>\u00a0e receba os principais destaques do dia. Participe tamb\u00e9m dos nossos canais no\u00a0<\/em><a href=\"https:\/\/www.whatsapp.com\/channel\/0029Va6Rb4v3WHTNnsh8WI3N\"><strong><em>WhatsApp<\/em><\/strong><\/a><em>\u00a0e\u00a0<\/em><a href=\"https:\/\/www.youtube.com\/@acordacidadenoticias\/videos\"><strong>YouTube<\/strong><\/a><em>\u00a0e grupo de\u00a0<\/em><a href=\"https:\/\/t.me\/+sSz0khrgARA0ZmRh\"><strong><em>Telegram<\/em><\/strong><\/a><em>.<\/em><\/p>\n<\/div>\n","protected":false},"excerpt":{"rendered":"<div>\n<div>\n<figure><img decoding=\"async\" src=\"https:\/\/uploads.acordacidade.com.br\/2026\/04\/SALTOS-E-COTURNOS-FOTO-DIVULGACAO-01-.webp\" alt=\"Com\u00e9dia dram\u00e1tica \u2018Saltos e Coturnos\u2019 retorna ao Teatro do Cuca dias 8 e 9 de maio\"><figcaption>Foto: Divulga\u00e7\u00e3o <\/figcaption><\/figure>\n<\/div>\n<p>Consolidado como uma das principais iniciativas de valoriza\u00e7\u00e3o do teatro local, o Feira Tem Teatro chega \u00e0 sua oitava edi\u00e7\u00e3o.<\/p><\/div>\n","protected":false},"author":1,"featured_media":128888,"comment_status":"closed","ping_status":"closed","sticky":false,"template":"","format":"gallery","meta":{"footnotes":""},"categories":[8,9,6,57,56,10],"tags":[],"class_list":["post-128887","post","type-post","status-publish","format-gallery","has-post-thumbnail","hentry","category-bahia","category-brasil","category-feira-de-santana","category-mundo","category-policia","category-politica","post_format-post-format-gallery"],"featured_image_urls":{"full":["https:\/\/noticiasbahia360.com.br\/wp-content\/uploads\/2026\/04\/SALTOS-E-COTURNOS-FOTO-DIVULGACAO-01-.webp",1200,933,false],"thumbnail":["https:\/\/noticiasbahia360.com.br\/wp-content\/uploads\/2026\/04\/SALTOS-E-COTURNOS-FOTO-DIVULGACAO-01--150x150.webp",150,150,true],"medium":["https:\/\/noticiasbahia360.com.br\/wp-content\/uploads\/2026\/04\/SALTOS-E-COTURNOS-FOTO-DIVULGACAO-01--300x233.webp",300,233,true],"medium_large":["https:\/\/noticiasbahia360.com.br\/wp-content\/uploads\/2026\/04\/SALTOS-E-COTURNOS-FOTO-DIVULGACAO-01--768x597.webp",640,498,true],"large":["https:\/\/noticiasbahia360.com.br\/wp-content\/uploads\/2026\/04\/SALTOS-E-COTURNOS-FOTO-DIVULGACAO-01--1024x796.webp",640,498,true],"1536x1536":["https:\/\/noticiasbahia360.com.br\/wp-content\/uploads\/2026\/04\/SALTOS-E-COTURNOS-FOTO-DIVULGACAO-01-.webp",1200,933,false],"2048x2048":["https:\/\/noticiasbahia360.com.br\/wp-content\/uploads\/2026\/04\/SALTOS-E-COTURNOS-FOTO-DIVULGACAO-01-.webp",1200,933,false],"chromenews-featured":["https:\/\/noticiasbahia360.com.br\/wp-content\/uploads\/2026\/04\/SALTOS-E-COTURNOS-FOTO-DIVULGACAO-01--1024x796.webp",1024,796,true],"chromenews-large":["https:\/\/noticiasbahia360.com.br\/wp-content\/uploads\/2026\/04\/SALTOS-E-COTURNOS-FOTO-DIVULGACAO-01--825x575.webp",825,575,true],"chromenews-medium":["https:\/\/noticiasbahia360.com.br\/wp-content\/uploads\/2026\/04\/SALTOS-E-COTURNOS-FOTO-DIVULGACAO-01--590x410.webp",590,410,true]},"author_info":{"display_name":"noticiasbahia360.com.br","author_link":"https:\/\/noticiasbahia360.com.br\/?author=1"},"category_info":"<a href=\"https:\/\/noticiasbahia360.com.br\/?cat=8\" rel=\"category\">Bahia<\/a> <a href=\"https:\/\/noticiasbahia360.com.br\/?cat=9\" rel=\"category\">Brasil<\/a> <a href=\"https:\/\/noticiasbahia360.com.br\/?cat=6\" rel=\"category\">Feira de Santana<\/a> <a href=\"https:\/\/noticiasbahia360.com.br\/?cat=57\" rel=\"category\">Mundo<\/a> <a href=\"https:\/\/noticiasbahia360.com.br\/?cat=56\" rel=\"category\">Pol\u00edcia<\/a> <a href=\"https:\/\/noticiasbahia360.com.br\/?cat=10\" rel=\"category\">Pol\u00edtica<\/a>","tag_info":"Pol\u00edtica","comment_count":"0","_links":{"self":[{"href":"https:\/\/noticiasbahia360.com.br\/index.php?rest_route=\/wp\/v2\/posts\/128887","targetHints":{"allow":["GET"]}}],"collection":[{"href":"https:\/\/noticiasbahia360.com.br\/index.php?rest_route=\/wp\/v2\/posts"}],"about":[{"href":"https:\/\/noticiasbahia360.com.br\/index.php?rest_route=\/wp\/v2\/types\/post"}],"author":[{"embeddable":true,"href":"https:\/\/noticiasbahia360.com.br\/index.php?rest_route=\/wp\/v2\/users\/1"}],"replies":[{"embeddable":true,"href":"https:\/\/noticiasbahia360.com.br\/index.php?rest_route=%2Fwp%2Fv2%2Fcomments&post=128887"}],"version-history":[{"count":0,"href":"https:\/\/noticiasbahia360.com.br\/index.php?rest_route=\/wp\/v2\/posts\/128887\/revisions"}],"wp:featuredmedia":[{"embeddable":true,"href":"https:\/\/noticiasbahia360.com.br\/index.php?rest_route=\/wp\/v2\/media\/128888"}],"wp:attachment":[{"href":"https:\/\/noticiasbahia360.com.br\/index.php?rest_route=%2Fwp%2Fv2%2Fmedia&parent=128887"}],"wp:term":[{"taxonomy":"category","embeddable":true,"href":"https:\/\/noticiasbahia360.com.br\/index.php?rest_route=%2Fwp%2Fv2%2Fcategories&post=128887"},{"taxonomy":"post_tag","embeddable":true,"href":"https:\/\/noticiasbahia360.com.br\/index.php?rest_route=%2Fwp%2Fv2%2Ftags&post=128887"}],"curies":[{"name":"wp","href":"https:\/\/api.w.org\/{rel}","templated":true}]}}