{"id":128890,"date":"2026-04-29T10:51:55","date_gmt":"2026-04-29T13:51:55","guid":{"rendered":"https:\/\/noticiasbahia360.com.br\/?p=128890"},"modified":"2026-04-29T10:51:55","modified_gmt":"2026-04-29T13:51:55","slug":"56-da-populacao-aprova-governo-jeronimo-diz-pesquisa-da-quaest","status":"publish","type":"post","link":"https:\/\/noticiasbahia360.com.br\/?p=128890","title":{"rendered":"56% da popula\u00e7\u00e3o aprova governo Jer\u00f4nimo, diz pesquisa da Quaest"},"content":{"rendered":"<div>\n<div>\n<figure><img decoding=\"async\" src=\"http:\/\/noticiasbahia360.com.br\/wp-content\/uploads\/2026\/04\/Jeronimo-Rodrigues-governador-da-Bahia-pelo-PT-foto-reproducao-1-1.jpg\" alt=\"Master\"><figcaption>Jer\u00f4nimo Rodrigues, governador da Bahia pelo PT | Foto: Reprodu\u00e7\u00e3o \/ Captura de tela &#8211; Youtube <\/figcaption><\/figure>\n<\/div>\n<p>Os dados da pesquisa Genial\/Quaest de abril de 2026, divulgada pela TV Bahia, nesta quarta-feira (29), mostraram que a gest\u00e3o de Jer\u00f4nimo Rodrigues na Bahia \u00e9 aprovado por 56% da popula\u00e7\u00e3o e desaprovado por 33%, enquanto 11% n\u00e3o souberam ou n\u00e3o responderam.<\/p>\n<p><strong>J\u00e1 na avalia\u00e7\u00e3o da administra\u00e7\u00e3o, 37% a consideram positiva (\u00f3timo\/bom), 33% a avaliam como regular e 25% a veem como negativa (ruim\/p\u00e9ssimo). A gest\u00e3o possui maior aceita\u00e7\u00e3o entre as mulheres (58% de aprova\u00e7\u00e3o) do que entre os homens (53%).\u00a0<\/strong>O \u00edndice de aprova\u00e7\u00e3o aumenta proporcionalmente \u00e0 idade, sendo de 46% entre jovens (16-34 anos), 59% na faixa adulta (35-59 anos) e atingindo seu pico de 64% entre idosos (60 anos ou mais).<\/p>\n<p><strong>Eleitores com ensino fundamental aprovam mais (62%), enquanto no ensino superior h\u00e1 um forte equil\u00edbrio, com 47% de aprova\u00e7\u00e3o e 46% de desaprova\u00e7\u00e3o. A desaprova\u00e7\u00e3o \u00e9 majorit\u00e1ria entre os eleitores com renda superior a 5 sal\u00e1rios m\u00ednimos (54%), enquanto nas faixas de menor renda a aprova\u00e7\u00e3o supera os 57%.<\/strong> Os cat\u00f3licos (61%) aprovam o governo em maior escala do que os evang\u00e9licos (49%).<\/p>\n<p><em>O levantamento foi encomendado pela Genial Investimentos e ouviu 1.200 eleitores baianos entre os dias 23 e 27 de abril. A margem de erro \u00e9 de 3 pontos percentuais, e o n\u00edvel de confian\u00e7a das estimativas \u00e9 de 95 %. A pesquisa foi registrada no Tribunal Superior Eleitoral (TSE) sob o n\u00famero BA-03657\/2026.<\/em><\/p>\n<p><em>Fonte: <a href=\"https:\/\/www.bahianoticias.com.br\/noticia\/316275-quaest-governo-jeronimo-tem-37-de-avaliacao-positiva-e-25-negativa\" target=\"_blank\" rel=\"noreferrer noopener\">Bahia Not\u00edcias<\/a>, parceiro do Acorda Cidade<\/em><\/p>\n<p><em>Siga o Acorda Cidade no\u00a0<\/em><a href=\"https:\/\/news.google.com\/search?q=acorda%20cidade&amp;hl=pt-BR&amp;gl=BR&amp;ceid=BR%3Apt-419\"><strong><em>Google Not\u00edcias<\/em><\/strong><\/a><em>\u00a0e receba os principais destaques do dia. Participe tamb\u00e9m dos nossos canais no\u00a0<\/em><a href=\"https:\/\/www.whatsapp.com\/channel\/0029Va6Rb4v3WHTNnsh8WI3N\"><strong><em>WhatsApp<\/em><\/strong><\/a><em>\u00a0e\u00a0<\/em><a href=\"https:\/\/www.youtube.com\/@acordacidadenoticias\/videos\"><strong>YouTube<\/strong><\/a><em>\u00a0e grupo de\u00a0<\/em><a href=\"https:\/\/t.me\/+sSz0khrgARA0ZmRh\"><strong><em>Telegram<\/em><\/strong><\/a><em>.<\/em><\/p>\n<\/div>\n","protected":false},"excerpt":{"rendered":"<div>\n<div>\n<figure><img decoding=\"async\" src=\"https:\/\/uploads.acordacidade.com.br\/2026\/04\/Jeronimo-Rodrigues-governador-da-Bahia-pelo-PT-foto-reproducao-.jpg\" alt=\"Master\"><figcaption>Jer\u00f4nimo Rodrigues, governador da Bahia pelo PT | Foto: Reprodu\u00e7\u00e3o \/ Captura de tela &#8211; Youtube <\/figcaption><\/figure>\n<\/div>\n<p>Na avalia\u00e7\u00e3o da administra\u00e7\u00e3o, 37% a consideram positiva (\u00f3timo\/bom), 33% a avaliam como regular e 25% a veem como negativa (ruim\/p\u00e9ssimo).<\/p><\/div>\n","protected":false},"author":1,"featured_media":128891,"comment_status":"closed","ping_status":"closed","sticky":false,"template":"","format":"gallery","meta":{"footnotes":""},"categories":[8,9,6,57,56,10],"tags":[],"class_list":["post-128890","post","type-post","status-publish","format-gallery","has-post-thumbnail","hentry","category-bahia","category-brasil","category-feira-de-santana","category-mundo","category-policia","category-politica","post_format-post-format-gallery"],"featured_image_urls":{"full":["https:\/\/noticiasbahia360.com.br\/wp-content\/uploads\/2026\/04\/Jeronimo-Rodrigues-governador-da-Bahia-pelo-PT-foto-reproducao-1-1.jpg",1200,675,false],"thumbnail":["https:\/\/noticiasbahia360.com.br\/wp-content\/uploads\/2026\/04\/Jeronimo-Rodrigues-governador-da-Bahia-pelo-PT-foto-reproducao-1-1-150x150.jpg",150,150,true],"medium":["https:\/\/noticiasbahia360.com.br\/wp-content\/uploads\/2026\/04\/Jeronimo-Rodrigues-governador-da-Bahia-pelo-PT-foto-reproducao-1-1-300x169.jpg",300,169,true],"medium_large":["https:\/\/noticiasbahia360.com.br\/wp-content\/uploads\/2026\/04\/Jeronimo-Rodrigues-governador-da-Bahia-pelo-PT-foto-reproducao-1-1-768x432.jpg",640,360,true],"large":["https:\/\/noticiasbahia360.com.br\/wp-content\/uploads\/2026\/04\/Jeronimo-Rodrigues-governador-da-Bahia-pelo-PT-foto-reproducao-1-1-1024x576.jpg",640,360,true],"1536x1536":["https:\/\/noticiasbahia360.com.br\/wp-content\/uploads\/2026\/04\/Jeronimo-Rodrigues-governador-da-Bahia-pelo-PT-foto-reproducao-1-1.jpg",1200,675,false],"2048x2048":["https:\/\/noticiasbahia360.com.br\/wp-content\/uploads\/2026\/04\/Jeronimo-Rodrigues-governador-da-Bahia-pelo-PT-foto-reproducao-1-1.jpg",1200,675,false],"chromenews-featured":["https:\/\/noticiasbahia360.com.br\/wp-content\/uploads\/2026\/04\/Jeronimo-Rodrigues-governador-da-Bahia-pelo-PT-foto-reproducao-1-1-1024x576.jpg",1024,576,true],"chromenews-large":["https:\/\/noticiasbahia360.com.br\/wp-content\/uploads\/2026\/04\/Jeronimo-Rodrigues-governador-da-Bahia-pelo-PT-foto-reproducao-1-1-825x575.jpg",825,575,true],"chromenews-medium":["https:\/\/noticiasbahia360.com.br\/wp-content\/uploads\/2026\/04\/Jeronimo-Rodrigues-governador-da-Bahia-pelo-PT-foto-reproducao-1-1-590x410.jpg",590,410,true]},"author_info":{"display_name":"noticiasbahia360.com.br","author_link":"https:\/\/noticiasbahia360.com.br\/?author=1"},"category_info":"<a href=\"https:\/\/noticiasbahia360.com.br\/?cat=8\" rel=\"category\">Bahia<\/a> <a href=\"https:\/\/noticiasbahia360.com.br\/?cat=9\" rel=\"category\">Brasil<\/a> <a href=\"https:\/\/noticiasbahia360.com.br\/?cat=6\" rel=\"category\">Feira de Santana<\/a> <a href=\"https:\/\/noticiasbahia360.com.br\/?cat=57\" rel=\"category\">Mundo<\/a> <a href=\"https:\/\/noticiasbahia360.com.br\/?cat=56\" rel=\"category\">Pol\u00edcia<\/a> <a href=\"https:\/\/noticiasbahia360.com.br\/?cat=10\" rel=\"category\">Pol\u00edtica<\/a>","tag_info":"Pol\u00edtica","comment_count":"0","_links":{"self":[{"href":"https:\/\/noticiasbahia360.com.br\/index.php?rest_route=\/wp\/v2\/posts\/128890","targetHints":{"allow":["GET"]}}],"collection":[{"href":"https:\/\/noticiasbahia360.com.br\/index.php?rest_route=\/wp\/v2\/posts"}],"about":[{"href":"https:\/\/noticiasbahia360.com.br\/index.php?rest_route=\/wp\/v2\/types\/post"}],"author":[{"embeddable":true,"href":"https:\/\/noticiasbahia360.com.br\/index.php?rest_route=\/wp\/v2\/users\/1"}],"replies":[{"embeddable":true,"href":"https:\/\/noticiasbahia360.com.br\/index.php?rest_route=%2Fwp%2Fv2%2Fcomments&post=128890"}],"version-history":[{"count":0,"href":"https:\/\/noticiasbahia360.com.br\/index.php?rest_route=\/wp\/v2\/posts\/128890\/revisions"}],"wp:featuredmedia":[{"embeddable":true,"href":"https:\/\/noticiasbahia360.com.br\/index.php?rest_route=\/wp\/v2\/media\/128891"}],"wp:attachment":[{"href":"https:\/\/noticiasbahia360.com.br\/index.php?rest_route=%2Fwp%2Fv2%2Fmedia&parent=128890"}],"wp:term":[{"taxonomy":"category","embeddable":true,"href":"https:\/\/noticiasbahia360.com.br\/index.php?rest_route=%2Fwp%2Fv2%2Fcategories&post=128890"},{"taxonomy":"post_tag","embeddable":true,"href":"https:\/\/noticiasbahia360.com.br\/index.php?rest_route=%2Fwp%2Fv2%2Ftags&post=128890"}],"curies":[{"name":"wp","href":"https:\/\/api.w.org\/{rel}","templated":true}]}} 