{"id":128892,"date":"2026-04-29T10:51:56","date_gmt":"2026-04-29T13:51:56","guid":{"rendered":"https:\/\/noticiasbahia360.com.br\/?p=128892"},"modified":"2026-04-29T10:51:56","modified_gmt":"2026-04-29T13:51:56","slug":"vozes-da-feira-feiras-livres-de-feira-de-santana-recebem-festival-de-literatura-oral-com-artistas-locais","status":"publish","type":"post","link":"https:\/\/noticiasbahia360.com.br\/?p=128892","title":{"rendered":"Vozes da Feira: feiras livres de Feira de Santana recebem festival de literatura oral com artistas locais"},"content":{"rendered":"<div>\n<div>\n<figure><img decoding=\"async\" src=\"http:\/\/noticiasbahia360.com.br\/wp-content\/uploads\/2026\/04\/Foto-Divulgacao-Coletivo-da-Baixada-00.jpg\" alt=\"Feira de Santana\"><figcaption>Foto: Divulga\u00e7\u00e3o <\/figcaption><\/figure>\n<\/div>\n<p>As feiras livres de Feira de Santana, espa\u00e7os marcados pela diversidade e pelo encontro cotidiano, v\u00e3o se transformar em palco para a palavra falada. Nos dias 9, 17 e 24 de maio, o projeto \u201cVozes da Feira \u2013 Festival de Literatura Oral\u201d leva apresenta\u00e7\u00f5es art\u00edsticas e a\u00e7\u00f5es formativas, respectivamente, ao Centro de Abastecimento, \u00e0 Feira da Esta\u00e7\u00e3o Nova e \u00e0 Feira do Tomba, aproximando a cultura do p\u00fablico em um ambiente acess\u00edvel e familiar.<\/p>\n<p>A proposta do festival \u00e9 levar a arte para onde as pessoas j\u00e1 est\u00e3o. Em vez de restringir a produ\u00e7\u00e3o cultural a espa\u00e7os tradicionais, como teatros e centros culturais, o projeto aposta na ocupa\u00e7\u00e3o das feiras livres, que s\u00e3o territ\u00f3rios vivos de conviv\u00eancia, troca e oralidade.<\/p>\n<p>Ao longo de tr\u00eas finais de semana, o p\u00fablico poder\u00e1 acompanhar 15 apresenta\u00e7\u00f5es de literatura oral, com linguagens que v\u00e3o da conta\u00e7\u00e3o de hist\u00f3rias ao repente, passando pela poesia falada, batalha de rimas e cantigas de roda. Todas as atra\u00e7\u00f5es s\u00e3o protagonizadas por artistas locais, como Coletivo da Baixada, Luma Luz e Domingos Santeiro, Pipas Literarts, Daniela Landim, refor\u00e7ando a valoriza\u00e7\u00e3o da produ\u00e7\u00e3o cultural feirense.<\/p>\n<p>Mais do que um evento art\u00edstico, o Vozes da Feira busca criar conex\u00f5es. Entre uma compra e outra, crian\u00e7as, adultos e idosos ter\u00e3o a oportunidade de vivenciar experi\u00eancias culturais, muitas vezes pela primeira vez. A ideia \u00e9 despertar o interesse pela leitura e mostrar que a poesia pode estar presente no cotidiano, ao alcance de todos.<\/p>\n<p>\u201cO Vozes da Feira nasce desse desejo de democratizar o acesso \u00e0 cultura e reconhecer a feira como um espa\u00e7o leg\u00edtimo de express\u00e3o. A gente acredita que a arte precisa circular, dialogar com as pessoas e fazer parte da vida delas\u201d, destaca Gustavo Erick de Andrade, produtor cultural da Argonautas Cultura e Educa\u00e7\u00e3o e idealizador do projeto.\u00a0<\/p>\n<p>Al\u00e9m das apresenta\u00e7\u00f5es presenciais, o festival tamb\u00e9m investe na forma\u00e7\u00e3o do p\u00fablico. Ser\u00e3o realizadas duas oficinas online e gratuitas: uma de conta\u00e7\u00e3o de hist\u00f3rias e outra de cria\u00e7\u00e3o de narrativas digitais. As atividades funcionam como porta de entrada para quem deseja explorar essas linguagens e participar do concurso cultural promovido pelo projeto.\u00a0<\/p>\n<p>Com o tema \u201cMinha hist\u00f3ria com a feira\u201d, o concurso convida os participantes a produzirem v\u00eddeos de at\u00e9 cinco minutos, no formato de conte\u00fado liter\u00e1rio digital. As produ\u00e7\u00f5es podem trazer relatos pessoais, mem\u00f3rias, personagens ou at\u00e9 resenhas de obras relacionadas ao universo das feiras livres. Aqui precisamos dizer como inscrever os v\u00eddeos<\/p>\n<p>Os v\u00eddeos selecionados ser\u00e3o divulgados nas plataformas digitais do festival, contribuindo para a constru\u00e7\u00e3o de uma mem\u00f3ria audiovisual coletiva da cidade. Os tr\u00eas melhores trabalhos ser\u00e3o premiados com R$ 1.000, R$ 700 e R$ 500, al\u00e9m de certificados e men\u00e7\u00f5es honrosas.<\/p>\n<p>Com expectativa de alcan\u00e7ar cerca de 1.500 pessoas nas a\u00e7\u00f5es presenciais e at\u00e9 20 mil nas plataformas digitais, o Vozes da Feira reafirma o papel da cultura como instrumento de inclus\u00e3o, pertencimento e resist\u00eancia.\u00a0<\/p>\n<p><strong>Apoio\u00a0<\/strong><\/p>\n<p>O projeto foi contemplado nos Editais da Pol\u00edtica Nacional Aldir Blanc de Fomento \u00e0 Cultura na Bahia, realizados com recursos do Governo Federal repassados pelo Minist\u00e9rio da Cultura, e executados pelo Governo do Estado da Bahia, por meio da Secretaria de Cultura do Estado.<\/p>\n<p><strong>Servi\u00e7o:<\/strong><\/p>\n<p>Vozes da Feira \u2013 Festival de Literatura Oral<\/p>\n<p>Datas: 09, 17 e 24 de maio<\/p>\n<p>Locais: Feiras livres da Centro de Abastecimento, Esta\u00e7\u00e3o Nova, e Tomba<\/p>\n<p>Acesso gratuito\u00a0<\/p>\n<p><em>Siga o Acorda Cidade no\u00a0<\/em><a href=\"https:\/\/news.google.com\/search?q=acorda%20cidade&amp;hl=pt-BR&amp;gl=BR&amp;ceid=BR%3Apt-419\"><strong><em>Google Not\u00edcias<\/em><\/strong><\/a><em>\u00a0e receba os principais destaques do dia. Participe tamb\u00e9m dos nossos canais no\u00a0<\/em><a href=\"https:\/\/www.whatsapp.com\/channel\/0029Va6Rb4v3WHTNnsh8WI3N\"><strong><em>WhatsApp<\/em><\/strong><\/a><em>\u00a0e\u00a0<\/em><a href=\"https:\/\/www.youtube.com\/@acordacidadenoticias\/videos\"><strong>YouTube<\/strong><\/a><em>\u00a0e grupo de\u00a0<\/em><a href=\"https:\/\/t.me\/+sSz0khrgARA0ZmRh\"><strong><em>Telegram<\/em><\/strong><\/a><em>.<\/em><\/p>\n<\/div>\n","protected":false},"excerpt":{"rendered":"<div>\n<div>\n<figure><img decoding=\"async\" src=\"https:\/\/uploads.acordacidade.com.br\/2026\/04\/Foto-Divulgacao-Coletivo-da-Baixada-00.jpg\" alt=\"Feira de Santana\"><figcaption>Foto: Divulga\u00e7\u00e3o <\/figcaption><\/figure>\n<\/div>\n<p>A proposta do festival \u00e9 levar a arte para onde as pessoas j\u00e1 est\u00e3o, em vez de restringir a produ\u00e7\u00e3o cultural a espa\u00e7os tradicionais.<\/p><\/div>\n","protected":false},"author":1,"featured_media":128893,"comment_status":"closed","ping_status":"closed","sticky":false,"template":"","format":"gallery","meta":{"footnotes":""},"categories":[8,9,6,57,56,10],"tags":[],"class_list":["post-128892","post","type-post","status-publish","format-gallery","has-post-thumbnail","hentry","category-bahia","category-brasil","category-feira-de-santana","category-mundo","category-policia","category-politica","post_format-post-format-gallery"],"featured_image_urls":{"full":["https:\/\/noticiasbahia360.com.br\/wp-content\/uploads\/2026\/04\/Foto-Divulgacao-Coletivo-da-Baixada-00.jpg",1200,800,false],"thumbnail":["https:\/\/noticiasbahia360.com.br\/wp-content\/uploads\/2026\/04\/Foto-Divulgacao-Coletivo-da-Baixada-00-150x150.jpg",150,150,true],"medium":["https:\/\/noticiasbahia360.com.br\/wp-content\/uploads\/2026\/04\/Foto-Divulgacao-Coletivo-da-Baixada-00-300x200.jpg",300,200,true],"medium_large":["https:\/\/noticiasbahia360.com.br\/wp-content\/uploads\/2026\/04\/Foto-Divulgacao-Coletivo-da-Baixada-00-768x512.jpg",640,427,true],"large":["https:\/\/noticiasbahia360.com.br\/wp-content\/uploads\/2026\/04\/Foto-Divulgacao-Coletivo-da-Baixada-00-1024x683.jpg",640,427,true],"1536x1536":["https:\/\/noticiasbahia360.com.br\/wp-content\/uploads\/2026\/04\/Foto-Divulgacao-Coletivo-da-Baixada-00.jpg",1200,800,false],"2048x2048":["https:\/\/noticiasbahia360.com.br\/wp-content\/uploads\/2026\/04\/Foto-Divulgacao-Coletivo-da-Baixada-00.jpg",1200,800,false],"chromenews-featured":["https:\/\/noticiasbahia360.com.br\/wp-content\/uploads\/2026\/04\/Foto-Divulgacao-Coletivo-da-Baixada-00-1024x683.jpg",1024,683,true],"chromenews-large":["https:\/\/noticiasbahia360.com.br\/wp-content\/uploads\/2026\/04\/Foto-Divulgacao-Coletivo-da-Baixada-00-825x575.jpg",825,575,true],"chromenews-medium":["https:\/\/noticiasbahia360.com.br\/wp-content\/uploads\/2026\/04\/Foto-Divulgacao-Coletivo-da-Baixada-00-590x410.jpg",590,410,true]},"author_info":{"display_name":"noticiasbahia360.com.br","author_link":"https:\/\/noticiasbahia360.com.br\/?author=1"},"category_info":"<a href=\"https:\/\/noticiasbahia360.com.br\/?cat=8\" rel=\"category\">Bahia<\/a> <a href=\"https:\/\/noticiasbahia360.com.br\/?cat=9\" rel=\"category\">Brasil<\/a> <a href=\"https:\/\/noticiasbahia360.com.br\/?cat=6\" rel=\"category\">Feira de Santana<\/a> <a href=\"https:\/\/noticiasbahia360.com.br\/?cat=57\" rel=\"category\">Mundo<\/a> <a href=\"https:\/\/noticiasbahia360.com.br\/?cat=56\" rel=\"category\">Pol\u00edcia<\/a> <a href=\"https:\/\/noticiasbahia360.com.br\/?cat=10\" rel=\"category\">Pol\u00edtica<\/a>","tag_info":"Pol\u00edtica","comment_count":"0","_links":{"self":[{"href":"https:\/\/noticiasbahia360.com.br\/index.php?rest_route=\/wp\/v2\/posts\/128892","targetHints":{"allow":["GET"]}}],"collection":[{"href":"https:\/\/noticiasbahia360.com.br\/index.php?rest_route=\/wp\/v2\/posts"}],"about":[{"href":"https:\/\/noticiasbahia360.com.br\/index.php?rest_route=\/wp\/v2\/types\/post"}],"author":[{"embeddable":true,"href":"https:\/\/noticiasbahia360.com.br\/index.php?rest_route=\/wp\/v2\/users\/1"}],"replies":[{"embeddable":true,"href":"https:\/\/noticiasbahia360.com.br\/index.php?rest_route=%2Fwp%2Fv2%2Fcomments&post=128892"}],"version-history":[{"count":0,"href":"https:\/\/noticiasbahia360.com.br\/index.php?rest_route=\/wp\/v2\/posts\/128892\/revisions"}],"wp:featuredmedia":[{"embeddable":true,"href":"https:\/\/noticiasbahia360.com.br\/index.php?rest_route=\/wp\/v2\/media\/128893"}],"wp:attachment":[{"href":"https:\/\/noticiasbahia360.com.br\/index.php?rest_route=%2Fwp%2Fv2%2Fmedia&parent=128892"}],"wp:term":[{"taxonomy":"category","embeddable":true,"href":"https:\/\/noticiasbahia360.com.br\/index.php?rest_route=%2Fwp%2Fv2%2Fcategories&post=128892"},{"taxonomy":"post_tag","embeddable":true,"href":"https:\/\/noticiasbahia360.com.br\/index.php?rest_route=%2Fwp%2Fv2%2Ftags&post=128892"}],"curies":[{"name":"wp","href":"https:\/\/api.w.org\/{rel}","templated":true}]}} 