{"id":128894,"date":"2026-04-29T11:07:23","date_gmt":"2026-04-29T14:07:23","guid":{"rendered":"https:\/\/noticiasbahia360.com.br\/?p=128894"},"modified":"2026-04-29T11:07:23","modified_gmt":"2026-04-29T14:07:23","slug":"rui-costa-e-jaques-wagner-lideram-intencoes-de-voto-ao-senado-diz-quaest","status":"publish","type":"post","link":"https:\/\/noticiasbahia360.com.br\/?p=128894","title":{"rendered":"Rui Costa e Jaques Wagner lideram inten\u00e7\u00f5es de voto ao Senado, diz Quaest"},"content":{"rendered":"<div>\n<div>\n<figure><img decoding=\"async\" src=\"http:\/\/noticiasbahia360.com.br\/wp-content\/uploads\/2026\/04\/gKz2ngFr-Rui-Costa-e-Jaques-Wagner.webp\" alt=\"Pesquisa Paran\u00e1 -\"><figcaption>Foto: Reprodu\u00e7\u00e3o \/ Redes Sociais<\/figcaption><\/figure>\n<\/div>\n<p>Os petistas Rui Costa e Jaques Wagner lideram as inten\u00e7\u00f5es de votos totais na disputa pelo Senado Federal, nas duas vagas para a Bahia. A informa\u00e7\u00e3o foi apresentada na Pesquisa Quaest, divulgada pela TV Bahia, nesta quarta-feira (29).\u00a0<\/p>\n<p>No levantamento, o ex-ministro da Casa Civil e o senador lideram com 24% e 22% respectivamente. Como haver\u00e1 duas vagas em disputa, a pesquisa considerou a combina\u00e7\u00e3o de votos totais e a ordem de prefer\u00eancia no primeiro voto:\u00a0<\/p>\n<ul class=\"wp-block-list\">\n<li>Rui Costa (PT): 31%<\/li>\n<li>Jaques Wagner (PT): 20%<\/li>\n<li>Jo\u00e3o Roma (PL): 10%<\/li>\n<li>Angelo Coronel (Republicanos): 4%<\/li>\n<li>Delliana Ricelli (PSOL): 1%<\/li>\n<li>Marcelo Santtana (DC): 0%<\/li>\n<li>Indecisos: 15%<\/li>\n<li>Branco\/Nulo\/N\u00e3o vai votar: 19.\u00a0<\/li>\n<\/ul>\n<p><strong>J\u00e1 o segundo voto foi liderado por Wagner e seguido por Rui:\u00a0<\/strong><\/p>\n<ul class=\"wp-block-list\">\n<li>Jaques Wagner (PT): 24%<\/li>\n<li>Rui Costa (PT): 16%<\/li>\n<li>Jo\u00e3o Roma (PL): 7%<\/li>\n<li>Angelo Coronel (Republicanos): 7%<\/li>\n<li>Delliana Ricelli (PSOL): 1%<\/li>\n<li>Marcelo Santtana (DC): 1%<\/li>\n<li>Indecisos: 18%<\/li>\n<li>Branco\/Nulo\/N\u00e3o vai votar: 26%<\/li>\n<\/ul>\n<p>A pesquisa tamb\u00e9m mediu o quanto os candidatos s\u00e3o conhecidos e qual o seu teto de votos:<\/p>\n<ul class=\"wp-block-list\">\n<li>Rui Costa: \u00c9 o que possui o maior potencial, com 47% dizendo que o conhecem e votariam nele, enquanto 38% o conhecem e n\u00e3o votariam.\u00a0<\/li>\n<li>Jaques Wagner: Tem 39% de potencial de voto e 39% de rejei\u00e7\u00e3o.<\/li>\n<li>Jo\u00e3o Roma: Apresenta 11% de potencial de voto, mas 64% dos eleitores afirmam n\u00e3o conhec\u00ea-lo.Angelo Coronel: Possui 8% de potencial de voto e \u00e9 desconhecido por 68% da amostra<\/li>\n<\/ul>\n<p>O levantamento foi encomendado pela Genial Investimentos e ouviu 1.200 eleitores baianos entre os dias 23 e 27 de abril. A margem de erro \u00e9 de 3 pontos percentuais, e o n\u00edvel de confian\u00e7a das estimativas \u00e9 de 95 %. A pesquisa foi registrada no Tribunal Superior Eleitoral (TSE) sob o n\u00famero BA-03657\/2026.<\/p>\n<p><em>Fonte:<a href=\"https:\/\/www.bahianoticias.com.br\/noticia\/316271-pesquisa-quaest-rui-costa-e-jaques-wagner-lideram-intencoes-de-votos-totais-para-o-senado\"> Bahia Not\u00edcias,<\/a> parceiro do Acorda Cidade <\/em><\/p>\n<p><em>Siga o Acorda Cidade no<\/em><a href=\"https:\/\/news.google.com\/search?q=acorda%20cidade&amp;hl=pt-BR&amp;gl=BR&amp;ceid=BR%3Apt-419\"><strong><em>\u00a0Google Not\u00edcias<\/em><\/strong><\/a><em>\u00a0e receba os principais destaques do dia. Participe tamb\u00e9m dos nossos canais no\u00a0<\/em><a href=\"https:\/\/www.whatsapp.com\/channel\/0029Va6Rb4v3WHTNnsh8WI3N\"><strong><em>WhatsApp<\/em><\/strong><\/a><em>\u00a0e\u00a0<\/em><a href=\"https:\/\/www.youtube.com\/@acordacidadenoticias\/videos\"><strong>YouTube<\/strong><\/a><em>\u00a0e grupo de\u00a0<\/em><a href=\"https:\/\/t.me\/+sSz0khrgARA0ZmRh\"><strong><em>Telegram<\/em><\/strong><\/a><em>.<\/em><\/p>\n<\/div>\n","protected":false},"excerpt":{"rendered":"<div>\n<div>\n<figure><img decoding=\"async\" src=\"https:\/\/www.acordacidade.com.br\/wp-content\/uploads\/2025\/03\/gKz2ngFr-Rui-Costa-e-Jaques-Wagner.webp\" alt=\"Pesquisa Paran\u00e1 -\"><figcaption>Foto: Reprodu\u00e7\u00e3o \/ Redes Sociais<\/figcaption><\/figure>\n<\/div>\n<p>No levantamento, o ex-ministro da Casa Civil e o senador lideram com 24% e 22% respectivamente.<\/p><\/div>\n","protected":false},"author":1,"featured_media":128895,"comment_status":"closed","ping_status":"closed","sticky":false,"template":"","format":"gallery","meta":{"footnotes":""},"categories":[8,9,6,57,56,10],"tags":[],"class_list":["post-128894","post","type-post","status-publish","format-gallery","has-post-thumbnail","hentry","category-bahia","category-brasil","category-feira-de-santana","category-mundo","category-policia","category-politica","post_format-post-format-gallery"],"featured_image_urls":{"full":["https:\/\/noticiasbahia360.com.br\/wp-content\/uploads\/2026\/04\/gKz2ngFr-Rui-Costa-e-Jaques-Wagner.webp",1200,726,false],"thumbnail":["https:\/\/noticiasbahia360.com.br\/wp-content\/uploads\/2026\/04\/gKz2ngFr-Rui-Costa-e-Jaques-Wagner-150x150.webp",150,150,true],"medium":["https:\/\/noticiasbahia360.com.br\/wp-content\/uploads\/2026\/04\/gKz2ngFr-Rui-Costa-e-Jaques-Wagner-300x182.webp",300,182,true],"medium_large":["https:\/\/noticiasbahia360.com.br\/wp-content\/uploads\/2026\/04\/gKz2ngFr-Rui-Costa-e-Jaques-Wagner-768x465.webp",640,388,true],"large":["https:\/\/noticiasbahia360.com.br\/wp-content\/uploads\/2026\/04\/gKz2ngFr-Rui-Costa-e-Jaques-Wagner-1024x620.webp",640,388,true],"1536x1536":["https:\/\/noticiasbahia360.com.br\/wp-content\/uploads\/2026\/04\/gKz2ngFr-Rui-Costa-e-Jaques-Wagner.webp",1200,726,false],"2048x2048":["https:\/\/noticiasbahia360.com.br\/wp-content\/uploads\/2026\/04\/gKz2ngFr-Rui-Costa-e-Jaques-Wagner.webp",1200,726,false],"chromenews-featured":["https:\/\/noticiasbahia360.com.br\/wp-content\/uploads\/2026\/04\/gKz2ngFr-Rui-Costa-e-Jaques-Wagner-1024x620.webp",1024,620,true],"chromenews-large":["https:\/\/noticiasbahia360.com.br\/wp-content\/uploads\/2026\/04\/gKz2ngFr-Rui-Costa-e-Jaques-Wagner-825x575.webp",825,575,true],"chromenews-medium":["https:\/\/noticiasbahia360.com.br\/wp-content\/uploads\/2026\/04\/gKz2ngFr-Rui-Costa-e-Jaques-Wagner-590x410.webp",590,410,true]},"author_info":{"display_name":"noticiasbahia360.com.br","author_link":"https:\/\/noticiasbahia360.com.br\/?author=1"},"category_info":"<a href=\"https:\/\/noticiasbahia360.com.br\/?cat=8\" rel=\"category\">Bahia<\/a> <a href=\"https:\/\/noticiasbahia360.com.br\/?cat=9\" rel=\"category\">Brasil<\/a> <a href=\"https:\/\/noticiasbahia360.com.br\/?cat=6\" rel=\"category\">Feira de Santana<\/a> <a href=\"https:\/\/noticiasbahia360.com.br\/?cat=57\" rel=\"category\">Mundo<\/a> <a href=\"https:\/\/noticiasbahia360.com.br\/?cat=56\" rel=\"category\">Pol\u00edcia<\/a> <a href=\"https:\/\/noticiasbahia360.com.br\/?cat=10\" rel=\"category\">Pol\u00edtica<\/a>","tag_info":"Pol\u00edtica","comment_count":"0","_links":{"self":[{"href":"https:\/\/noticiasbahia360.com.br\/index.php?rest_route=\/wp\/v2\/posts\/128894","targetHints":{"allow":["GET"]}}],"collection":[{"href":"https:\/\/noticiasbahia360.com.br\/index.php?rest_route=\/wp\/v2\/posts"}],"about":[{"href":"https:\/\/noticiasbahia360.com.br\/index.php?rest_route=\/wp\/v2\/types\/post"}],"author":[{"embeddable":true,"href":"https:\/\/noticiasbahia360.com.br\/index.php?rest_route=\/wp\/v2\/users\/1"}],"replies":[{"embeddable":true,"href":"https:\/\/noticiasbahia360.com.br\/index.php?rest_route=%2Fwp%2Fv2%2Fcomments&post=128894"}],"version-history":[{"count":0,"href":"https:\/\/noticiasbahia360.com.br\/index.php?rest_route=\/wp\/v2\/posts\/128894\/revisions"}],"wp:featuredmedia":[{"embeddable":true,"href":"https:\/\/noticiasbahia360.com.br\/index.php?rest_route=\/wp\/v2\/media\/128895"}],"wp:attachment":[{"href":"https:\/\/noticiasbahia360.com.br\/index.php?rest_route=%2Fwp%2Fv2%2Fmedia&parent=128894"}],"wp:term":[{"taxonomy":"category","embeddable":true,"href":"https:\/\/noticiasbahia360.com.br\/index.php?rest_route=%2Fwp%2Fv2%2Fcategories&post=128894"},{"taxonomy":"post_tag","embeddable":true,"href":"https:\/\/noticiasbahia360.com.br\/index.php?rest_route=%2Fwp%2Fv2%2Ftags&post=128894"}],"curies":[{"name":"wp","href":"https:\/\/api.w.org\/{rel}","templated":true}]}}