{"id":128896,"date":"2026-04-29T11:21:10","date_gmt":"2026-04-29T14:21:10","guid":{"rendered":"https:\/\/noticiasbahia360.com.br\/?p=128896"},"modified":"2026-04-29T11:21:10","modified_gmt":"2026-04-29T14:21:10","slug":"moviecom-uneb-promove-5a-mostra-de-producoes-audiovisuais-do-territorio-do-sisal","status":"publish","type":"post","link":"https:\/\/noticiasbahia360.com.br\/?p=128896","title":{"rendered":"MovieCom: Uneb promove 5\u00aa mostra de produ\u00e7\u00f5es audiovisuais do Territ\u00f3rio do Sisal"},"content":{"rendered":"<div>\n<p>O curso de Comunica\u00e7\u00e3o Social (R\u00e1dio e TV) da Universidade do Estado da Bahia (Uneb) realizar\u00e1 a V MovieCom, mostra de v\u00eddeos que tem como objetivo dar visibilidade \u00e0s produ\u00e7\u00f5es audiovisuais do Territ\u00f3rio do Sisal. O evento acontece no Campus XIV, em Concei\u00e7\u00e3o do Coit\u00e9, de 26 a 28 de maio de 2026.<\/p>\n<p>A MovieCom se consolida como um projeto de extens\u00e3o que impulsiona e amplia a visibilidade de novos talentos e se configura como um dos principais espa\u00e7os de valoriza\u00e7\u00e3o audiovisual da regi\u00e3o. Com oficinas, debates e exibi\u00e7\u00f5es, o evento facilita o acesso \u00e0 linguagem audiovisual e estimula a forma\u00e7\u00e3o de novos profissionais da \u00e1rea.<\/p>\n<p>O evento acontece a cada dois anos, reunindo estudantes, realizadores, professores e toda a comunidade em uma intensa troca de saberes e experi\u00eancias. A edi\u00e7\u00e3o deste ano ir\u00e1 nos levar a um mergulho nas hist\u00f3rias locais, que destacam a cultura da regi\u00e3o sisaleira.<\/p>\n<figure class=\"wp-block-image size-full\"><img fetchpriority=\"high\" fetchpriority=\"high\" decoding=\"async\" width=\"1200\" height=\"630\" src=\"http:\/\/noticiasbahia360.com.br\/wp-content\/uploads\/2026\/04\/Card-V-MovieCom.jpg\" alt=\"Card V MovieCom\" class=\"wp-image-651040\" srcset=\"http:\/\/noticiasbahia360.com.br\/wp-content\/uploads\/2026\/04\/Card-V-MovieCom.jpg 1200w, https:\/\/uploads.acordacidade.com.br\/2026\/04\/Card-V-MovieCom-750x394.jpg 750w, https:\/\/uploads.acordacidade.com.br\/2026\/04\/Card-V-MovieCom-1000x525.jpg 1000w, https:\/\/uploads.acordacidade.com.br\/2026\/04\/Card-V-MovieCom-450x236.jpg 450w, https:\/\/uploads.acordacidade.com.br\/2026\/04\/Card-V-MovieCom-150x79.jpg 150w\" sizes=\"(max-width: 1200px) 100vw, 1200px\"><figcaption class=\"wp-element-caption\">Foto: Divulga\u00e7\u00e3o<\/figcaption><\/figure>\n<p>A abertura, no dia 26, traz a exibi\u00e7\u00e3o de filmes convidados e uma mesa de debates sobre territ\u00f3rio e produ\u00e7\u00e3o audiovisual, com nomes atuantes no cen\u00e1rio criativo. Nos dias 27 e 28, o p\u00fablico poder\u00e1 participar de oficinas formativas gratuitas, abordando temas como produ\u00e7\u00e3o audiovisual independente, fotografia, document\u00e1rio com smartphones, distribui\u00e7\u00e3o de curtas-metragens e uso de intelig\u00eancia artificial no audiovisual. A programa\u00e7\u00e3o tamb\u00e9m inclui o lan\u00e7amento da exposi\u00e7\u00e3o \u201cTecnologias da Imagem\u201d, destacando equipamentos que contam a hist\u00f3ria do \u201cfazer audiovisual\u201d.<\/p>\n<p>Um dos momentos mais aguardados \u00e9 a Mostra Retrospectiva, que celebra os 20 anos do curso de Comunica\u00e7\u00e3o Social da Uneb, em Concei\u00e7\u00e3o do Coit\u00e9, reunindo produ\u00e7\u00f5es marcantes feitas por estudantes do curso ao longo dessa trajet\u00f3ria. Tamb\u00e9m comemorando os 20 anos do curso, haver\u00e1 uma instala\u00e7\u00e3o art\u00edstica com exibi\u00e7\u00e3o de fotografias projetadas.<\/p>\n<p>Desde a edi\u00e7\u00e3o de 2024, a MovieCom fortalece o di\u00e1logo com as escolas locais com a realiza\u00e7\u00e3o da Mostra da Educa\u00e7\u00e3o B\u00e1sica, que exibe e premia, na tarde do dia 28\/5, produ\u00e7\u00f5es de estudantes da rede p\u00fablica de Concei\u00e7\u00e3o do Coit\u00e9 e regi\u00e3o, selecionadas pela curadoria do evento. No encerramento, a Mostra Universit\u00e1ria apresenta os curtas-metragens de estudantes universit\u00e1rios da Uneb, que ter\u00e3o a oportunidade de exibir seus trabalhos a um grande p\u00fablico. Selecionados por categorias, os filmes ser\u00e3o eleitos pela plateia.<\/p>\n<figure class=\"wp-block-image size-full\"><img decoding=\"async\" width=\"1200\" height=\"799\" src=\"http:\/\/noticiasbahia360.com.br\/wp-content\/uploads\/2026\/04\/MovieCom-Foto-Divulgacao-.jpg\" alt=\"MovieCom\" class=\"wp-image-651039\" srcset=\"http:\/\/noticiasbahia360.com.br\/wp-content\/uploads\/2026\/04\/MovieCom-Foto-Divulgacao-.jpg 1200w, https:\/\/uploads.acordacidade.com.br\/2026\/04\/MovieCom-Foto-Divulgacao--750x499.jpg 750w, https:\/\/uploads.acordacidade.com.br\/2026\/04\/MovieCom-Foto-Divulgacao--1000x666.jpg 1000w, https:\/\/uploads.acordacidade.com.br\/2026\/04\/MovieCom-Foto-Divulgacao--450x300.jpg 450w, https:\/\/uploads.acordacidade.com.br\/2026\/04\/MovieCom-Foto-Divulgacao--150x100.jpg 150w\" sizes=\"(max-width: 1200px) 100vw, 1200px\"><figcaption class=\"wp-element-caption\">Foto: Divulga\u00e7\u00e3o<\/figcaption><\/figure>\n<p>\u201cA MovieCom tem se consolidado como espa\u00e7o de forma\u00e7\u00e3o, experimenta\u00e7\u00e3o e incentivo \u00e0 produ\u00e7\u00e3o audiovisual independente na regi\u00e3o sisaleira e reafirma o compromisso da Uneb com o desenvolvimento cultural e social, incentivando a produ\u00e7\u00e3o audiovisual e a circula\u00e7\u00e3o de conte\u00fados visuais\u201d, destaca a coordenadora do evento, a professora da \u00e1rea de Imagem do curso, Carolina Ruiz.<\/p>\n<p>As inscri\u00e7\u00f5es de v\u00eddeos para as mostras foram prorrogadas at\u00e9 o dia 4 de maio, segunda-feira, e as inscri\u00e7\u00f5es para assistir ao evento e participar das oficinas ter\u00e3o in\u00edcio no dia 11 de maio. Interessados em participar podem obter mais informa\u00e7\u00f5es por meio do perfil oficial do evento no Instagram, @moviecomuneb, onde est\u00e3o dispon\u00edveis detalhes sobre as inscri\u00e7\u00f5es e a programa\u00e7\u00e3o.<\/p>\n<p><em>Siga o Acorda Cidade no\u00a0<\/em><a href=\"https:\/\/news.google.com\/search?q=acorda%20cidade&amp;hl=pt-BR&amp;gl=BR&amp;ceid=BR%3Apt-419\"><strong><em>Google Not\u00edcias<\/em><\/strong><\/a><em>\u00a0e receba os principais destaques do dia. Participe tamb\u00e9m dos nossos canais no\u00a0<\/em><a href=\"https:\/\/www.whatsapp.com\/channel\/0029Va6Rb4v3WHTNnsh8WI3N\"><strong><em>WhatsApp<\/em><\/strong><\/a><em>\u00a0e\u00a0<\/em><a href=\"https:\/\/www.youtube.com\/@acordacidadenoticias\/videos\"><strong>YouTube<\/strong><\/a><em>\u00a0e grupo de\u00a0<\/em><a href=\"https:\/\/t.me\/+sSz0khrgARA0ZmRh\"><strong><em>Telegram<\/em><\/strong><\/a><em>.<\/em><\/p>\n<\/div>\n","protected":false},"excerpt":{"rendered":"<div>A edi\u00e7\u00e3o da MovieCom deste ano ir\u00e1 nos levar a um mergulho nas hist\u00f3rias locais, que destacam a cultura da regi\u00e3o sisaleira.<\/div>\n","protected":false},"author":1,"featured_media":128897,"comment_status":"closed","ping_status":"closed","sticky":false,"template":"","format":"gallery","meta":{"footnotes":""},"categories":[8,9,6,57,56,10],"tags":[],"class_list":["post-128896","post","type-post","status-publish","format-gallery","has-post-thumbnail","hentry","category-bahia","category-brasil","category-feira-de-santana","category-mundo","category-policia","category-politica","post_format-post-format-gallery"],"featured_image_urls":{"full":["https:\/\/noticiasbahia360.com.br\/wp-content\/uploads\/2026\/04\/Card-V-MovieCom.jpg",1200,630,false],"thumbnail":["https:\/\/noticiasbahia360.com.br\/wp-content\/uploads\/2026\/04\/Card-V-MovieCom-150x150.jpg",150,150,true],"medium":["https:\/\/noticiasbahia360.com.br\/wp-content\/uploads\/2026\/04\/Card-V-MovieCom-300x158.jpg",300,158,true],"medium_large":["https:\/\/noticiasbahia360.com.br\/wp-content\/uploads\/2026\/04\/Card-V-MovieCom-768x403.jpg",640,336,true],"large":["https:\/\/noticiasbahia360.com.br\/wp-content\/uploads\/2026\/04\/Card-V-MovieCom-1024x538.jpg",640,336,true],"1536x1536":["https:\/\/noticiasbahia360.com.br\/wp-content\/uploads\/2026\/04\/Card-V-MovieCom.jpg",1200,630,false],"2048x2048":["https:\/\/noticiasbahia360.com.br\/wp-content\/uploads\/2026\/04\/Card-V-MovieCom.jpg",1200,630,false],"chromenews-featured":["https:\/\/noticiasbahia360.com.br\/wp-content\/uploads\/2026\/04\/Card-V-MovieCom-1024x538.jpg",1024,538,true],"chromenews-large":["https:\/\/noticiasbahia360.com.br\/wp-content\/uploads\/2026\/04\/Card-V-MovieCom-825x575.jpg",825,575,true],"chromenews-medium":["https:\/\/noticiasbahia360.com.br\/wp-content\/uploads\/2026\/04\/Card-V-MovieCom-590x410.jpg",590,410,true]},"author_info":{"display_name":"noticiasbahia360.com.br","author_link":"https:\/\/noticiasbahia360.com.br\/?author=1"},"category_info":"<a href=\"https:\/\/noticiasbahia360.com.br\/?cat=8\" rel=\"category\">Bahia<\/a> <a href=\"https:\/\/noticiasbahia360.com.br\/?cat=9\" rel=\"category\">Brasil<\/a> <a href=\"https:\/\/noticiasbahia360.com.br\/?cat=6\" rel=\"category\">Feira de Santana<\/a> <a href=\"https:\/\/noticiasbahia360.com.br\/?cat=57\" rel=\"category\">Mundo<\/a> <a href=\"https:\/\/noticiasbahia360.com.br\/?cat=56\" rel=\"category\">Pol\u00edcia<\/a> <a href=\"https:\/\/noticiasbahia360.com.br\/?cat=10\" rel=\"category\">Pol\u00edtica<\/a>","tag_info":"Pol\u00edtica","comment_count":"0","_links":{"self":[{"href":"https:\/\/noticiasbahia360.com.br\/index.php?rest_route=\/wp\/v2\/posts\/128896","targetHints":{"allow":["GET"]}}],"collection":[{"href":"https:\/\/noticiasbahia360.com.br\/index.php?rest_route=\/wp\/v2\/posts"}],"about":[{"href":"https:\/\/noticiasbahia360.com.br\/index.php?rest_route=\/wp\/v2\/types\/post"}],"author":[{"embeddable":true,"href":"https:\/\/noticiasbahia360.com.br\/index.php?rest_route=\/wp\/v2\/users\/1"}],"replies":[{"embeddable":true,"href":"https:\/\/noticiasbahia360.com.br\/index.php?rest_route=%2Fwp%2Fv2%2Fcomments&post=128896"}],"version-history":[{"count":0,"href":"https:\/\/noticiasbahia360.com.br\/index.php?rest_route=\/wp\/v2\/posts\/128896\/revisions"}],"wp:featuredmedia":[{"embeddable":true,"href":"https:\/\/noticiasbahia360.com.br\/index.php?rest_route=\/wp\/v2\/media\/128897"}],"wp:attachment":[{"href":"https:\/\/noticiasbahia360.com.br\/index.php?rest_route=%2Fwp%2Fv2%2Fmedia&parent=128896"}],"wp:term":[{"taxonomy":"category","embeddable":true,"href":"https:\/\/noticiasbahia360.com.br\/index.php?rest_route=%2Fwp%2Fv2%2Fcategories&post=128896"},{"taxonomy":"post_tag","embeddable":true,"href":"https:\/\/noticiasbahia360.com.br\/index.php?rest_route=%2Fwp%2Fv2%2Ftags&post=128896"}],"curies":[{"name":"wp","href":"https:\/\/api.w.org\/{rel}","templated":true}]}} 