{"id":128899,"date":"2026-04-29T11:41:19","date_gmt":"2026-04-29T14:41:19","guid":{"rendered":"https:\/\/noticiasbahia360.com.br\/?p=128899"},"modified":"2026-04-29T11:41:19","modified_gmt":"2026-04-29T14:41:19","slug":"cenario-de-2o-turno-na-bahia-mostra-acm-neto-com-41-e-jeronimo-com-38","status":"publish","type":"post","link":"https:\/\/noticiasbahia360.com.br\/?p=128899","title":{"rendered":"Cen\u00e1rio de 2\u00ba turno na Bahia mostra ACM Neto com 41% e Jer\u00f4nimo com 38%"},"content":{"rendered":"<div>\n<div>\n<figure><img decoding=\"async\" src=\"http:\/\/noticiasbahia360.com.br\/wp-content\/uploads\/2026\/04\/ACM-Neto-e-Jeronimo-Rodrigues.webp\" alt=\"ACM Neto e Jer\u00f4nimo Rodrigues\"><figcaption>Foto: Redes Sociais <\/figcaption><\/figure>\n<\/div>\n<p>O cen\u00e1rio de um poss\u00edvel segundo turno na corrida pelo Pal\u00e1cio de Ondina \u00e9 de um empate t\u00e9cnico. Ap\u00f3s os pr\u00e9-candidatos, ACM Neto (Uni\u00e3o Brasil) e Jer\u00f4nimo Rodrigues (PT),<a href=\"https:\/\/www.bahianoticias.com.br\/noticia\/316270-pesquisa-quaest-aponta-empate-tecnico-entre-jeronimo-e-acm-neto-nas-eleicoes-2026\" target=\"_blank\" rel=\"noreferrer noopener\">\u00a0empataram em diferentes cen\u00e1rios no primeiro turno<\/a>, ambos tamb\u00e9m aparecem tecnicamente empatados no 2\u00ba turno, como mostrou a Pesquisa Genial Quaest, divulgada pela TV Bahia, nesta quarta-feira (29).\u00a0<\/p>\n<p>O ex-prefeito tem 41% contra 38% do governador. J\u00e1 outros 12% se disseram indecisos, enquanto 9% disse votar em branco, nulo ou n\u00e3o votar.\u00a0Nos dados detalhados por diferentes perfis de eleitores, ACM Neto tem vantagem entre os homens (47% contra 39% de Jer\u00f4nimo), enquanto entre as mulheres h\u00e1 um empate t\u00e9cnico (38% de Neto contra 37% de Jer\u00f4nimo).<\/p>\n<p>J\u00e1 na divis\u00e3o por faixa et\u00e1ria, Neto lidera entre os jovens de 16 a 34 anos (49%), enquanto Jer\u00f4nimo Rodrigues tem melhor desempenho nas faixas de 35 a 59 anos (41%) e acima de 60 anos (42%). Em n\u00edvel de Escolaridade, Jer\u00f4nimo lidera entre eleitores com ensino fundamental (43%), mas perde para ACM Neto nos grupos de ensino m\u00e9dio (46%) e ensino superior (47%).<\/p>\n<p>Por Renda Domiciliar, No grupo que recebe at\u00e9 2 sal\u00e1rios m\u00ednimos, h\u00e1 um empate real com 39% para cada candidato. J\u00e1 na faixa de renda superior a 5 sal\u00e1rios m\u00ednimos, ACM Neto amplia a vantagem para 54% contra 29% de Jer\u00f4nimo.Na divis\u00e3o de religi\u00e3o, Jer\u00f4nimo Rodrigues lidera entre os cat\u00f3licos (43% contra 38% de Neto), enquanto ACM Neto tem uma vantagem expressiva entre os evang\u00e9licos (49% contra 31% de Jer\u00f4nimo).\u00a0<\/p>\n<p>O levantamento foi encomendado pela Genial Investimentos e ouviu 1.200 eleitores baianos entre os dias 23 e 27 de abril. A margem de erro \u00e9 de 3 pontos percentuais, e o n\u00edvel de confian\u00e7a das estimativas \u00e9 de 95 %. A pesquisa foi registrada no Tribunal Superior Eleitoral (TSE) sob o n\u00famero BA-03657\/2026.<\/p>\n<p><em>Fonte: <a href=\"https:\/\/www.bahianoticias.com.br\/noticia\/316274-acm-neto-tem-41-e-jeronimo-38-em-cenario-de-2o-turno-na-bahia\">Bahia Not\u00edcias,<\/a> parceiro do Acorda Cidade <\/em><\/p>\n<p><em>Siga o Acorda Cidade no\u00a0<\/em><a href=\"https:\/\/news.google.com\/search?q=acorda%20cidade&amp;hl=pt-BR&amp;gl=BR&amp;ceid=BR%3Apt-419\"><strong><em>Google Not\u00edcias<\/em><\/strong><\/a><em>\u00a0e receba os principais destaques do dia. Participe tamb\u00e9m dos nossos canais no\u00a0<\/em><a href=\"https:\/\/www.whatsapp.com\/channel\/0029Va6Rb4v3WHTNnsh8WI3N\"><strong><em>WhatsApp<\/em><\/strong><\/a><em>\u00a0e\u00a0<\/em><a href=\"https:\/\/www.youtube.com\/@acordacidadenoticias\/videos\"><strong>YouTube<\/strong><\/a><em>\u00a0e grupo de\u00a0<\/em><a href=\"https:\/\/t.me\/+sSz0khrgARA0ZmRh\"><strong><em>Telegram<\/em><\/strong><\/a><em>.<\/em><\/p>\n<\/div>\n","protected":false},"excerpt":{"rendered":"<div>\n<div>\n<figure><img decoding=\"async\" src=\"https:\/\/www.acordacidade.com.br\/wp-content\/uploads\/2025\/08\/ACM-Neto-e-Jeronimo-Rodrigues.webp\" alt=\"ACM Neto e Jer\u00f4nimo Rodrigues\"><figcaption>Foto: Redes Sociais <\/figcaption><\/figure>\n<\/div>\n<p>ACM Neto tem vantagem entre os homens (47% contra 39% de Jer\u00f4nimo), enquanto entre as mulheres h\u00e1 um empate t\u00e9cnico (38% a 37% de Jer\u00f4nimo).<\/p><\/div>\n","protected":false},"author":1,"featured_media":128900,"comment_status":"closed","ping_status":"closed","sticky":false,"template":"","format":"gallery","meta":{"footnotes":""},"categories":[8,9,6,57,56,10],"tags":[],"class_list":["post-128899","post","type-post","status-publish","format-gallery","has-post-thumbnail","hentry","category-bahia","category-brasil","category-feira-de-santana","category-mundo","category-policia","category-politica","post_format-post-format-gallery"],"featured_image_urls":{"full":["https:\/\/noticiasbahia360.com.br\/wp-content\/uploads\/2026\/04\/ACM-Neto-e-Jeronimo-Rodrigues.webp",1200,800,false],"thumbnail":["https:\/\/noticiasbahia360.com.br\/wp-content\/uploads\/2026\/04\/ACM-Neto-e-Jeronimo-Rodrigues-150x150.webp",150,150,true],"medium":["https:\/\/noticiasbahia360.com.br\/wp-content\/uploads\/2026\/04\/ACM-Neto-e-Jeronimo-Rodrigues-300x200.webp",300,200,true],"medium_large":["https:\/\/noticiasbahia360.com.br\/wp-content\/uploads\/2026\/04\/ACM-Neto-e-Jeronimo-Rodrigues-768x512.webp",640,427,true],"large":["https:\/\/noticiasbahia360.com.br\/wp-content\/uploads\/2026\/04\/ACM-Neto-e-Jeronimo-Rodrigues-1024x683.webp",640,427,true],"1536x1536":["https:\/\/noticiasbahia360.com.br\/wp-content\/uploads\/2026\/04\/ACM-Neto-e-Jeronimo-Rodrigues.webp",1200,800,false],"2048x2048":["https:\/\/noticiasbahia360.com.br\/wp-content\/uploads\/2026\/04\/ACM-Neto-e-Jeronimo-Rodrigues.webp",1200,800,false],"chromenews-featured":["https:\/\/noticiasbahia360.com.br\/wp-content\/uploads\/2026\/04\/ACM-Neto-e-Jeronimo-Rodrigues-1024x683.webp",1024,683,true],"chromenews-large":["https:\/\/noticiasbahia360.com.br\/wp-content\/uploads\/2026\/04\/ACM-Neto-e-Jeronimo-Rodrigues-825x575.webp",825,575,true],"chromenews-medium":["https:\/\/noticiasbahia360.com.br\/wp-content\/uploads\/2026\/04\/ACM-Neto-e-Jeronimo-Rodrigues-590x410.webp",590,410,true]},"author_info":{"display_name":"noticiasbahia360.com.br","author_link":"https:\/\/noticiasbahia360.com.br\/?author=1"},"category_info":"<a href=\"https:\/\/noticiasbahia360.com.br\/?cat=8\" rel=\"category\">Bahia<\/a> <a href=\"https:\/\/noticiasbahia360.com.br\/?cat=9\" rel=\"category\">Brasil<\/a> <a href=\"https:\/\/noticiasbahia360.com.br\/?cat=6\" rel=\"category\">Feira de Santana<\/a> <a href=\"https:\/\/noticiasbahia360.com.br\/?cat=57\" rel=\"category\">Mundo<\/a> <a href=\"https:\/\/noticiasbahia360.com.br\/?cat=56\" rel=\"category\">Pol\u00edcia<\/a> <a href=\"https:\/\/noticiasbahia360.com.br\/?cat=10\" rel=\"category\">Pol\u00edtica<\/a>","tag_info":"Pol\u00edtica","comment_count":"0","_links":{"self":[{"href":"https:\/\/noticiasbahia360.com.br\/index.php?rest_route=\/wp\/v2\/posts\/128899","targetHints":{"allow":["GET"]}}],"collection":[{"href":"https:\/\/noticiasbahia360.com.br\/index.php?rest_route=\/wp\/v2\/posts"}],"about":[{"href":"https:\/\/noticiasbahia360.com.br\/index.php?rest_route=\/wp\/v2\/types\/post"}],"author":[{"embeddable":true,"href":"https:\/\/noticiasbahia360.com.br\/index.php?rest_route=\/wp\/v2\/users\/1"}],"replies":[{"embeddable":true,"href":"https:\/\/noticiasbahia360.com.br\/index.php?rest_route=%2Fwp%2Fv2%2Fcomments&post=128899"}],"version-history":[{"count":0,"href":"https:\/\/noticiasbahia360.com.br\/index.php?rest_route=\/wp\/v2\/posts\/128899\/revisions"}],"wp:featuredmedia":[{"embeddable":true,"href":"https:\/\/noticiasbahia360.com.br\/index.php?rest_route=\/wp\/v2\/media\/128900"}],"wp:attachment":[{"href":"https:\/\/noticiasbahia360.com.br\/index.php?rest_route=%2Fwp%2Fv2%2Fmedia&parent=128899"}],"wp:term":[{"taxonomy":"category","embeddable":true,"href":"https:\/\/noticiasbahia360.com.br\/index.php?rest_route=%2Fwp%2Fv2%2Fcategories&post=128899"},{"taxonomy":"post_tag","embeddable":true,"href":"https:\/\/noticiasbahia360.com.br\/index.php?rest_route=%2Fwp%2Fv2%2Ftags&post=128899"}],"curies":[{"name":"wp","href":"https:\/\/api.w.org\/{rel}","templated":true}]}} 