{"id":128901,"date":"2026-04-29T11:41:20","date_gmt":"2026-04-29T14:41:20","guid":{"rendered":"https:\/\/noticiasbahia360.com.br\/?p=128901"},"modified":"2026-04-29T11:41:20","modified_gmt":"2026-04-29T14:41:20","slug":"suspeito-de-liderar-faccao-e-preso-em-salvador-durante-operacao-forca-total","status":"publish","type":"post","link":"https:\/\/noticiasbahia360.com.br\/?p=128901","title":{"rendered":"Suspeito de liderar fac\u00e7\u00e3o \u00e9 preso em Salvador durante Opera\u00e7\u00e3o For\u00e7a Total"},"content":{"rendered":"<div>\n<div>\n<figure><img decoding=\"async\" src=\"http:\/\/noticiasbahia360.com.br\/wp-content\/uploads\/2026\/04\/apreensao-1-4.webp\" alt=\"Suspeito de liderar fac\u00e7\u00e3o \u00e9 preso em Salvador durante Opera\u00e7\u00e3o For\u00e7a Total\"><figcaption>Foto: Divulga\u00e7\u00e3o<\/figcaption><\/figure>\n<\/div>\n<p>Um gerente do tr\u00e1fico, de 35 anos, foi capturado na Gamboa durante a Opera\u00e7\u00e3o For\u00e7a Total deflagrada nesta quarta-feira (29). O suspeito j\u00e1 tinha um mandado de pris\u00e3o em aberto e responde pelos crimes de tr\u00e1fico il\u00edcito de entorpecentes, associa\u00e7\u00e3o para o tr\u00e1fico e organiza\u00e7\u00e3o criminosa. Na a\u00e7\u00e3o, um segundo homem foi preso em flagrante.\u00a0Os suspeitos est\u00e3o ligados a uma fac\u00e7\u00e3o criminosa que domina a regi\u00e3o.<\/p>\n<p>Na manh\u00e3 desta quarta-feira, as guarni\u00e7\u00f5es do Batalh\u00e3o Apolo, em conjunto com o Bpatamo, intensificaram o patrulhamento na regi\u00e3o da Gamboa com foco na preven\u00e7\u00e3o a furtos e roubos de ve\u00edculos e no combate ao tr\u00e1fico de drogas. A ofensiva levou \u00e0 captura do suspeito. Segundo as investiga\u00e7\u00f5es, ele era respons\u00e1vel pela distribui\u00e7\u00e3o de drogas e gerenciava os pontos de venda da localidade. O homem tamb\u00e9m distribu\u00eda armamentos.<\/p>\n<p>Ao longo da opera\u00e7\u00e3o, os agentes capturaram tamb\u00e9m um segundo suspeito, preso em flagrante com entorpecentes. Os envolvidos s\u00e3o apontados pela pol\u00edcia como lideran\u00e7as da fac\u00e7\u00e3o na localidade.<\/p>\n<p><em>Fonte: <a href=\"https:\/\/www.bahianoticias.com.br\/noticia\/316279-lideranca-do-cv-e-capturada-na-gamboa-durante-operacao-forca-total\" type=\"link\" id=\"https:\/\/www.bahianoticias.com.br\/noticia\/316279-lideranca-do-cv-e-capturada-na-gamboa-durante-operacao-forca-total\" target=\"_blank\" rel=\"noreferrer noopener\">Bahia Not\u00edcias<\/a>, site parceiro do Acorda Cidade<\/em><\/p>\n<p><em>Siga o Acorda Cidade no<\/em><a href=\"https:\/\/news.google.com\/search?q=acorda%20cidade&amp;hl=pt-BR&amp;gl=BR&amp;ceid=BR%3Apt-419\"><strong><em>\u00a0Google Not\u00edcias<\/em><\/strong><\/a><em>\u00a0e receba os principais destaques do dia. Participe tamb\u00e9m dos nossos canais no\u00a0<\/em><a href=\"https:\/\/www.whatsapp.com\/channel\/0029Va6Rb4v3WHTNnsh8WI3N\"><strong><em>WhatsApp<\/em><\/strong><\/a><em>\u00a0e\u00a0<\/em><a href=\"https:\/\/www.youtube.com\/@acordacidadenoticias\/videos\"><strong>YouTube<\/strong><\/a><em>\u00a0e grupo de\u00a0<\/em><a href=\"https:\/\/t.me\/+sSz0khrgARA0ZmRh\"><strong><em>Telegram<\/em><\/strong><\/a><em>.<\/em><\/p>\n<\/div>\n","protected":false},"excerpt":{"rendered":"<div>\n<div>\n<figure><img decoding=\"async\" src=\"https:\/\/uploads.acordacidade.com.br\/2026\/04\/apreensao-1-4.webp\" alt=\"Suspeito de liderar fac\u00e7\u00e3o \u00e9 preso em Salvador durante Opera\u00e7\u00e3o For\u00e7a Total\"><figcaption>Foto: Divulga\u00e7\u00e3o<\/figcaption><\/figure>\n<\/div>\n<p>Ao longo da opera\u00e7\u00e3o, os agentes capturaram tamb\u00e9m um segundo suspeito, preso em flagrante com entorpecentes.<\/p><\/div>\n","protected":false},"author":1,"featured_media":128902,"comment_status":"closed","ping_status":"closed","sticky":false,"template":"","format":"gallery","meta":{"footnotes":""},"categories":[8,9,6,57,56,10],"tags":[],"class_list":["post-128901","post","type-post","status-publish","format-gallery","has-post-thumbnail","hentry","category-bahia","category-brasil","category-feira-de-santana","category-mundo","category-policia","category-politica","post_format-post-format-gallery"],"featured_image_urls":{"full":["https:\/\/noticiasbahia360.com.br\/wp-content\/uploads\/2026\/04\/apreensao-1-4.webp",1200,797,false],"thumbnail":["https:\/\/noticiasbahia360.com.br\/wp-content\/uploads\/2026\/04\/apreensao-1-4-150x150.webp",150,150,true],"medium":["https:\/\/noticiasbahia360.com.br\/wp-content\/uploads\/2026\/04\/apreensao-1-4-300x199.webp",300,199,true],"medium_large":["https:\/\/noticiasbahia360.com.br\/wp-content\/uploads\/2026\/04\/apreensao-1-4-768x510.webp",640,425,true],"large":["https:\/\/noticiasbahia360.com.br\/wp-content\/uploads\/2026\/04\/apreensao-1-4-1024x680.webp",640,425,true],"1536x1536":["https:\/\/noticiasbahia360.com.br\/wp-content\/uploads\/2026\/04\/apreensao-1-4.webp",1200,797,false],"2048x2048":["https:\/\/noticiasbahia360.com.br\/wp-content\/uploads\/2026\/04\/apreensao-1-4.webp",1200,797,false],"chromenews-featured":["https:\/\/noticiasbahia360.com.br\/wp-content\/uploads\/2026\/04\/apreensao-1-4-1024x680.webp",1024,680,true],"chromenews-large":["https:\/\/noticiasbahia360.com.br\/wp-content\/uploads\/2026\/04\/apreensao-1-4-825x575.webp",825,575,true],"chromenews-medium":["https:\/\/noticiasbahia360.com.br\/wp-content\/uploads\/2026\/04\/apreensao-1-4-590x410.webp",590,410,true]},"author_info":{"display_name":"noticiasbahia360.com.br","author_link":"https:\/\/noticiasbahia360.com.br\/?author=1"},"category_info":"<a href=\"https:\/\/noticiasbahia360.com.br\/?cat=8\" rel=\"category\">Bahia<\/a> <a href=\"https:\/\/noticiasbahia360.com.br\/?cat=9\" rel=\"category\">Brasil<\/a> <a href=\"https:\/\/noticiasbahia360.com.br\/?cat=6\" rel=\"category\">Feira de Santana<\/a> <a href=\"https:\/\/noticiasbahia360.com.br\/?cat=57\" rel=\"category\">Mundo<\/a> <a href=\"https:\/\/noticiasbahia360.com.br\/?cat=56\" rel=\"category\">Pol\u00edcia<\/a> <a href=\"https:\/\/noticiasbahia360.com.br\/?cat=10\" rel=\"category\">Pol\u00edtica<\/a>","tag_info":"Pol\u00edtica","comment_count":"0","_links":{"self":[{"href":"https:\/\/noticiasbahia360.com.br\/index.php?rest_route=\/wp\/v2\/posts\/128901","targetHints":{"allow":["GET"]}}],"collection":[{"href":"https:\/\/noticiasbahia360.com.br\/index.php?rest_route=\/wp\/v2\/posts"}],"about":[{"href":"https:\/\/noticiasbahia360.com.br\/index.php?rest_route=\/wp\/v2\/types\/post"}],"author":[{"embeddable":true,"href":"https:\/\/noticiasbahia360.com.br\/index.php?rest_route=\/wp\/v2\/users\/1"}],"replies":[{"embeddable":true,"href":"https:\/\/noticiasbahia360.com.br\/index.php?rest_route=%2Fwp%2Fv2%2Fcomments&post=128901"}],"version-history":[{"count":0,"href":"https:\/\/noticiasbahia360.com.br\/index.php?rest_route=\/wp\/v2\/posts\/128901\/revisions"}],"wp:featuredmedia":[{"embeddable":true,"href":"https:\/\/noticiasbahia360.com.br\/index.php?rest_route=\/wp\/v2\/media\/128902"}],"wp:attachment":[{"href":"https:\/\/noticiasbahia360.com.br\/index.php?rest_route=%2Fwp%2Fv2%2Fmedia&parent=128901"}],"wp:term":[{"taxonomy":"category","embeddable":true,"href":"https:\/\/noticiasbahia360.com.br\/index.php?rest_route=%2Fwp%2Fv2%2Fcategories&post=128901"},{"taxonomy":"post_tag","embeddable":true,"href":"https:\/\/noticiasbahia360.com.br\/index.php?rest_route=%2Fwp%2Fv2%2Ftags&post=128901"}],"curies":[{"name":"wp","href":"https:\/\/api.w.org\/{rel}","templated":true}]}}