{"id":128905,"date":"2026-04-29T12:10:57","date_gmt":"2026-04-29T15:10:57","guid":{"rendered":"https:\/\/noticiasbahia360.com.br\/?p=128905"},"modified":"2026-04-29T12:10:57","modified_gmt":"2026-04-29T15:10:57","slug":"joana-ricardina-a-vovo-barbie-morre-aos-109-anos-em-itirucu","status":"publish","type":"post","link":"https:\/\/noticiasbahia360.com.br\/?p=128905","title":{"rendered":"Joana Ricardina, a \u2018Vov\u00f3 Barbie\u2019, morre aos 109 anos em Itiru\u00e7u"},"content":{"rendered":"<div>\n<div>\n<figure><img decoding=\"async\" src=\"http:\/\/noticiasbahia360.com.br\/wp-content\/uploads\/2026\/04\/Vovo-Barbie-morre-aos-109-anos-Foto-Reproducao-Redes-Sociais.jpg\" alt=\"Vov\u00f3 Barbie morre aos 109 anos\"><figcaption>Foto: Reprodu\u00e7\u00e3o\/ Redes Sociais<\/figcaption><\/figure>\n<\/div>\n<p>Joana Ricardina, a idosa que ficou conhecida como \u201cvov\u00f3 Barbie\u201d ap\u00f3s ter comemorado um anivers\u00e1rio com tema da boneca em 2023, morreu aos 109 anos em Itiru\u00e7u, sudoeste da Bahia, na madrugada desta quarta-feira (29). <\/p>\n<p>Segundo informa\u00e7\u00f5es do g1, a not\u00edcia foi confirmada pela fam\u00edlia dela nas redes sociais, onde lamentaram a morte de Joana, que completaria 110 anos no dia 7 de maio. A causa da morte n\u00e3o foi divulgada. <\/p>\n<p>\u201cO painel de luto n\u00e3o ser\u00e1 preto, mas sim branco e rosa. Nossa vov\u00f3 Barbie partiu e a saudade dela j\u00e1 come\u00e7ou com for\u00e7a\u201d, escreveu a fam\u00edlia em publica\u00e7\u00e3o. <\/p>\n<p>Em 2023, a bisneta de Joana, Maria Luiza Nardes Santos contou, em entrevista ao g1, que a festa de anivers\u00e1rio era o momento do ano mais esperado pela bisav\u00f3. Todos os anos em Itiru\u00e7u, a festa com os amigos e familiares era organizada com a decora\u00e7\u00e3o rosa, cor preferida de Joana. <\/p>\n<p>No anivers\u00e1rio de 107 anos, que viralizou nas redes sociais, a fam\u00edlia uniu a cor rosa e as bonecas, duas paix\u00f5es da vov\u00f3 Barbie. Para a festa, foi confeccionada uma caixa da Barbie, onde Joana entrou para posar para as fotos. <\/p>\n<figure class=\"wp-block-image size-full\"><img fetchpriority=\"high\" fetchpriority=\"high\" decoding=\"async\" width=\"1200\" height=\"1033\" src=\"http:\/\/noticiasbahia360.com.br\/wp-content\/uploads\/2026\/04\/Vovo-Barbie-em-seu-aniversario-de-107-anos-Foto-Aqui-Bahia-Itirucu-Online.jpg\" alt=\"Vov\u00f3 Barbie em seu anivers\u00e1rio de 107 anos\" class=\"wp-image-651054\" srcset=\"http:\/\/noticiasbahia360.com.br\/wp-content\/uploads\/2026\/04\/Vovo-Barbie-em-seu-aniversario-de-107-anos-Foto-Aqui-Bahia-Itirucu-Online.jpg 1200w, https:\/\/uploads.acordacidade.com.br\/2026\/04\/Vovo-Barbie-em-seu-aniversario-de-107-anos-Foto-Aqui-Bahia-Itirucu-Online-750x646.jpg 750w, https:\/\/uploads.acordacidade.com.br\/2026\/04\/Vovo-Barbie-em-seu-aniversario-de-107-anos-Foto-Aqui-Bahia-Itirucu-Online-1000x861.jpg 1000w, https:\/\/uploads.acordacidade.com.br\/2026\/04\/Vovo-Barbie-em-seu-aniversario-de-107-anos-Foto-Aqui-Bahia-Itirucu-Online-450x387.jpg 450w, https:\/\/uploads.acordacidade.com.br\/2026\/04\/Vovo-Barbie-em-seu-aniversario-de-107-anos-Foto-Aqui-Bahia-Itirucu-Online-150x129.jpg 150w\" sizes=\"(max-width: 1200px) 100vw, 1200px\"><figcaption class=\"wp-element-caption\">Vov\u00f3 Barbie em seu anivers\u00e1rio de 107 anos | Foto: Aqui Bahia\/ Itiru\u00e7u Online<\/figcaption><\/figure>\n<p>\u201cConfeccionamos tudo de maneira personalizada, para que ela se sentisse ainda mais feliz. Ela \u00e9 a nossa bonequinha\u201d, disse a bisneta.<\/p>\n<p>No anivers\u00e1rio de 108 anos, a tem\u00e1tica seguiu na mesma linha: a festa de Joana foi da Pen\u00e9lope Charmosa, e contou com um carro da personagem.<\/p>\n<p><em>Siga o Acorda Cidade no\u00a0<\/em><a href=\"https:\/\/news.google.com\/search?q=acorda%20cidade&amp;hl=pt-BR&amp;gl=BR&amp;ceid=BR%3Apt-419\"><strong><em>Google Not\u00edcias<\/em><\/strong><\/a><em>\u00a0e receba os principais destaques do dia. Participe tamb\u00e9m dos nossos canais no\u00a0<\/em><a href=\"https:\/\/www.whatsapp.com\/channel\/0029Va6Rb4v3WHTNnsh8WI3N\"><strong><em>WhatsApp<\/em><\/strong><\/a><em>\u00a0e\u00a0<\/em><a href=\"https:\/\/www.youtube.com\/@acordacidadenoticias\/videos\"><strong>YouTube<\/strong><\/a><em>\u00a0e grupo de\u00a0<\/em><a href=\"https:\/\/t.me\/+sSz0khrgARA0ZmRh\"><strong><em>Telegram<\/em><\/strong><\/a><em>.<\/em><\/p>\n<\/div>\n","protected":false},"excerpt":{"rendered":"<div>\n<div>\n<figure><img decoding=\"async\" src=\"https:\/\/uploads.acordacidade.com.br\/2026\/04\/Vovo-Barbie-morre-aos-109-anos-Foto-Reproducao-Redes-Sociais.jpg\" alt=\"Vov\u00f3 Barbie morre aos 109 anos\"><figcaption>Foto: Reprodu\u00e7\u00e3o\/ Redes Sociais<\/figcaption><\/figure>\n<\/div>\n<p>A not\u00edcia foi confirmada pela fam\u00edlia dela nas redes sociais, onde lamentaram a morte de Joana, que completaria 110 anos no dia 7 de maio.<\/p><\/div>\n","protected":false},"author":1,"featured_media":128906,"comment_status":"closed","ping_status":"closed","sticky":false,"template":"","format":"gallery","meta":{"footnotes":""},"categories":[8,9,6,57,56,10],"tags":[],"class_list":["post-128905","post","type-post","status-publish","format-gallery","has-post-thumbnail","hentry","category-bahia","category-brasil","category-feira-de-santana","category-mundo","category-policia","category-politica","post_format-post-format-gallery"],"featured_image_urls":{"full":["https:\/\/noticiasbahia360.com.br\/wp-content\/uploads\/2026\/04\/Vovo-Barbie-morre-aos-109-anos-Foto-Reproducao-Redes-Sociais.jpg",1200,701,false],"thumbnail":["https:\/\/noticiasbahia360.com.br\/wp-content\/uploads\/2026\/04\/Vovo-Barbie-morre-aos-109-anos-Foto-Reproducao-Redes-Sociais-150x150.jpg",150,150,true],"medium":["https:\/\/noticiasbahia360.com.br\/wp-content\/uploads\/2026\/04\/Vovo-Barbie-morre-aos-109-anos-Foto-Reproducao-Redes-Sociais-300x175.jpg",300,175,true],"medium_large":["https:\/\/noticiasbahia360.com.br\/wp-content\/uploads\/2026\/04\/Vovo-Barbie-morre-aos-109-anos-Foto-Reproducao-Redes-Sociais-768x449.jpg",640,374,true],"large":["https:\/\/noticiasbahia360.com.br\/wp-content\/uploads\/2026\/04\/Vovo-Barbie-morre-aos-109-anos-Foto-Reproducao-Redes-Sociais-1024x598.jpg",640,374,true],"1536x1536":["https:\/\/noticiasbahia360.com.br\/wp-content\/uploads\/2026\/04\/Vovo-Barbie-morre-aos-109-anos-Foto-Reproducao-Redes-Sociais.jpg",1200,701,false],"2048x2048":["https:\/\/noticiasbahia360.com.br\/wp-content\/uploads\/2026\/04\/Vovo-Barbie-morre-aos-109-anos-Foto-Reproducao-Redes-Sociais.jpg",1200,701,false],"chromenews-featured":["https:\/\/noticiasbahia360.com.br\/wp-content\/uploads\/2026\/04\/Vovo-Barbie-morre-aos-109-anos-Foto-Reproducao-Redes-Sociais-1024x598.jpg",1024,598,true],"chromenews-large":["https:\/\/noticiasbahia360.com.br\/wp-content\/uploads\/2026\/04\/Vovo-Barbie-morre-aos-109-anos-Foto-Reproducao-Redes-Sociais-825x575.jpg",825,575,true],"chromenews-medium":["https:\/\/noticiasbahia360.com.br\/wp-content\/uploads\/2026\/04\/Vovo-Barbie-morre-aos-109-anos-Foto-Reproducao-Redes-Sociais-590x410.jpg",590,410,true]},"author_info":{"display_name":"noticiasbahia360.com.br","author_link":"https:\/\/noticiasbahia360.com.br\/?author=1"},"category_info":"<a href=\"https:\/\/noticiasbahia360.com.br\/?cat=8\" rel=\"category\">Bahia<\/a> <a href=\"https:\/\/noticiasbahia360.com.br\/?cat=9\" rel=\"category\">Brasil<\/a> <a href=\"https:\/\/noticiasbahia360.com.br\/?cat=6\" rel=\"category\">Feira de Santana<\/a> <a href=\"https:\/\/noticiasbahia360.com.br\/?cat=57\" rel=\"category\">Mundo<\/a> <a href=\"https:\/\/noticiasbahia360.com.br\/?cat=56\" rel=\"category\">Pol\u00edcia<\/a> <a href=\"https:\/\/noticiasbahia360.com.br\/?cat=10\" rel=\"category\">Pol\u00edtica<\/a>","tag_info":"Pol\u00edtica","comment_count":"0","_links":{"self":[{"href":"https:\/\/noticiasbahia360.com.br\/index.php?rest_route=\/wp\/v2\/posts\/128905","targetHints":{"allow":["GET"]}}],"collection":[{"href":"https:\/\/noticiasbahia360.com.br\/index.php?rest_route=\/wp\/v2\/posts"}],"about":[{"href":"https:\/\/noticiasbahia360.com.br\/index.php?rest_route=\/wp\/v2\/types\/post"}],"author":[{"embeddable":true,"href":"https:\/\/noticiasbahia360.com.br\/index.php?rest_route=\/wp\/v2\/users\/1"}],"replies":[{"embeddable":true,"href":"https:\/\/noticiasbahia360.com.br\/index.php?rest_route=%2Fwp%2Fv2%2Fcomments&post=128905"}],"version-history":[{"count":0,"href":"https:\/\/noticiasbahia360.com.br\/index.php?rest_route=\/wp\/v2\/posts\/128905\/revisions"}],"wp:featuredmedia":[{"embeddable":true,"href":"https:\/\/noticiasbahia360.com.br\/index.php?rest_route=\/wp\/v2\/media\/128906"}],"wp:attachment":[{"href":"https:\/\/noticiasbahia360.com.br\/index.php?rest_route=%2Fwp%2Fv2%2Fmedia&parent=128905"}],"wp:term":[{"taxonomy":"category","embeddable":true,"href":"https:\/\/noticiasbahia360.com.br\/index.php?rest_route=%2Fwp%2Fv2%2Fcategories&post=128905"},{"taxonomy":"post_tag","embeddable":true,"href":"https:\/\/noticiasbahia360.com.br\/index.php?rest_route=%2Fwp%2Fv2%2Ftags&post=128905"}],"curies":[{"name":"wp","href":"https:\/\/api.w.org\/{rel}","templated":true}]}}