{"id":128910,"date":"2026-04-29T12:26:16","date_gmt":"2026-04-29T15:26:16","guid":{"rendered":"https:\/\/noticiasbahia360.com.br\/?p=128910"},"modified":"2026-04-29T12:26:16","modified_gmt":"2026-04-29T15:26:16","slug":"vagas-de-emprego-e-servicos-gratuitos-governo-promove-dia-t-com-oferta-de-mais-de-3-300-oportunidades","status":"publish","type":"post","link":"https:\/\/noticiasbahia360.com.br\/?p=128910","title":{"rendered":"Vagas de emprego e servi\u00e7os gratuitos: governo promove \u2018Dia T\u2019 com oferta de mais de 3.300 oportunidades"},"content":{"rendered":"<div>\n<div>\n<figure><img decoding=\"async\" src=\"http:\/\/noticiasbahia360.com.br\/wp-content\/uploads\/2026\/04\/Sine-Bahia-.webp\" alt=\"Vagas de emprego e servi\u00e7os gratuitos: governo promove 'Dia T' com oferta de mais de 3.300 oportunidades\"><figcaption>Foto: Ricardo Filho<\/figcaption><\/figure>\n<\/div>\n<p>Na v\u00e9spera do Dia do Trabalhador, o Governo da Bahia promove uma grande a\u00e7\u00e3o de incentivo \u00e0 empregabilidade e gera\u00e7\u00e3o de renda. Nesta quinta-feira (30) a Secretaria do Trabalho, Emprego, Renda e Esporte realiza, em Salvador, a 2\u00aa edi\u00e7\u00e3o do Dia T \u2013 Encontro dos Trabalhadores, com a oferta de mais de 3.300 vagas de emprego e uma s\u00e9rie de servi\u00e7os gratuitos.<\/p>\n<p>Em Salvador, a iniciativa acontece a partir das 7h, na unidade do SineBahia Casa do Trabalhador, no Terminal Rodovi\u00e1rio de Pitua\u00e7u, pr\u00f3ximo a Esta\u00e7\u00e3o de Metr\u00f4 de Pitua\u00e7u, com a oferta de 1.247 vagas, dentre elas, 400 vagas para a BYD, de operador de produ\u00e7\u00e3o (265); operador de empilhadeira, transpaleteira e rebocadores (20 vagas); condutor interno (20); inspetor de qualidade (30); e operador log\u00edstico (65).<\/p>\n<p>\u201cO Dia T \u00e9 uma a\u00e7\u00e3o estrat\u00e9gica que reafirma o compromisso do Governo do Estado com a gera\u00e7\u00e3o de emprego. Estamos mobilizando empresas, ampliando a oferta de vagas e facilitando o acesso dos trabalhadores \u00e0s oportunidades, com servi\u00e7os que v\u00e3o desde a orienta\u00e7\u00e3o profissional a inser\u00e7\u00e3o ao mercado de trabalho\u201d, destaca o secret\u00e1rio do Trabalho, Emprego, Renda e Esporte, Augusto Vasconcelos.<\/p>\n<p>A a\u00e7\u00e3o tamb\u00e9m ser\u00e1 realizada simultaneamente em unidades da rede nos munic\u00edpios de <strong>Barreiras, Cama\u00e7ari, Cocos, Cris\u00f3polis, Cruz das Almas, Esplanada, Eun\u00e1polis, Feira de Santana, Ilh\u00e9us, Irec\u00ea, Itabuna, Itamaraju, Itapetinga, Jacobina, Jequi\u00e9, Juazeiro, Lauro de Freitas, Lu\u00eds Eduardo Magalh\u00e3es, Mata de S\u00e3o Jo\u00e3o, Paulo Afonso, Porto Seguro, Ribeira do Pombal, Santa Cruz Cabr\u00e1lia, Santo Ant\u00f4nio de Jesus, Santo Estev\u00e3o, Serrinha, Sim\u00f5es Filho, Teixeira de Freitas e Vit\u00f3ria da Conquista.<\/strong><\/p>\n<p>Durante o evento, o p\u00fablico ter\u00e1 acesso a diversos servi\u00e7os, como cadastramento e atualiza\u00e7\u00e3o no SineBahia, encaminhamento para vagas de emprego, orienta\u00e7\u00e3o sobre elabora\u00e7\u00e3o de curr\u00edculo e comportamento em entrevistas e inscri\u00e7\u00e3o para cursos de qualifica\u00e7\u00e3o profissional.<\/p>\n<p><strong>Servi\u00e7o<br \/>O qu\u00ea: 2\u00aa edi\u00e7\u00e3o do Dia T \u2013 Encontro dos Trabalhadores<br \/>Quando: 30 de abril de 2026, a partir das 7h<br \/>Onde: SineBahia Casa do Trabalhador \u2013 Terminal Rodovi\u00e1rio de Pitua\u00e7u \u2013 Paralela<br \/>P\u00fablico: trabalhadores em busca de emprego e qualifica\u00e7\u00e3o profissional<\/strong><\/p>\n<p><em>Siga o Acorda Cidade no<\/em><a href=\"https:\/\/news.google.com\/search?q=acorda%20cidade&amp;hl=pt-BR&amp;gl=BR&amp;ceid=BR%3Apt-419\"><strong><em>\u00a0Google Not\u00edcias<\/em><\/strong><\/a><em>\u00a0e receba os principais destaques do dia. Participe tamb\u00e9m dos nossos canais no\u00a0<\/em><a href=\"https:\/\/www.whatsapp.com\/channel\/0029Va6Rb4v3WHTNnsh8WI3N\"><strong><em>WhatsApp<\/em><\/strong><\/a><em>\u00a0e\u00a0<\/em><a href=\"https:\/\/www.youtube.com\/@acordacidadenoticias\/videos\"><strong>YouTube<\/strong><\/a><em>\u00a0e grupo de\u00a0<\/em><a href=\"https:\/\/t.me\/+sSz0khrgARA0ZmRh\"><strong><em>Telegram<\/em><\/strong><\/a><em>.<\/em><\/p>\n<\/div>\n","protected":false},"excerpt":{"rendered":"<div>\n<div>\n<figure><img decoding=\"async\" src=\"https:\/\/uploads.acordacidade.com.br\/2026\/04\/Sine-Bahia-.webp\" alt=\"Vagas de emprego e servi\u00e7os gratuitos: governo promove 'Dia T' com oferta de mais de 3.300 oportunidades\"><figcaption>Foto: Ricardo Filho<\/figcaption><\/figure>\n<\/div>\n<p>Durante o evento, o p\u00fablico ter\u00e1 acesso a diversos servi\u00e7os, como cadastramento e atualiza\u00e7\u00e3o no SineBahia.<\/p><\/div>\n","protected":false},"author":1,"featured_media":128911,"comment_status":"closed","ping_status":"closed","sticky":false,"template":"","format":"gallery","meta":{"footnotes":""},"categories":[8,9,6,57,56,10],"tags":[],"class_list":["post-128910","post","type-post","status-publish","format-gallery","has-post-thumbnail","hentry","category-bahia","category-brasil","category-feira-de-santana","category-mundo","category-policia","category-politica","post_format-post-format-gallery"],"featured_image_urls":{"full":["https:\/\/noticiasbahia360.com.br\/wp-content\/uploads\/2026\/04\/Sine-Bahia-.webp",1200,800,false],"thumbnail":["https:\/\/noticiasbahia360.com.br\/wp-content\/uploads\/2026\/04\/Sine-Bahia--150x150.webp",150,150,true],"medium":["https:\/\/noticiasbahia360.com.br\/wp-content\/uploads\/2026\/04\/Sine-Bahia--300x200.webp",300,200,true],"medium_large":["https:\/\/noticiasbahia360.com.br\/wp-content\/uploads\/2026\/04\/Sine-Bahia--768x512.webp",640,427,true],"large":["https:\/\/noticiasbahia360.com.br\/wp-content\/uploads\/2026\/04\/Sine-Bahia--1024x683.webp",640,427,true],"1536x1536":["https:\/\/noticiasbahia360.com.br\/wp-content\/uploads\/2026\/04\/Sine-Bahia-.webp",1200,800,false],"2048x2048":["https:\/\/noticiasbahia360.com.br\/wp-content\/uploads\/2026\/04\/Sine-Bahia-.webp",1200,800,false],"chromenews-featured":["https:\/\/noticiasbahia360.com.br\/wp-content\/uploads\/2026\/04\/Sine-Bahia--1024x683.webp",1024,683,true],"chromenews-large":["https:\/\/noticiasbahia360.com.br\/wp-content\/uploads\/2026\/04\/Sine-Bahia--825x575.webp",825,575,true],"chromenews-medium":["https:\/\/noticiasbahia360.com.br\/wp-content\/uploads\/2026\/04\/Sine-Bahia--590x410.webp",590,410,true]},"author_info":{"display_name":"noticiasbahia360.com.br","author_link":"https:\/\/noticiasbahia360.com.br\/?author=1"},"category_info":"<a href=\"https:\/\/noticiasbahia360.com.br\/?cat=8\" rel=\"category\">Bahia<\/a> <a href=\"https:\/\/noticiasbahia360.com.br\/?cat=9\" rel=\"category\">Brasil<\/a> <a href=\"https:\/\/noticiasbahia360.com.br\/?cat=6\" rel=\"category\">Feira de Santana<\/a> <a href=\"https:\/\/noticiasbahia360.com.br\/?cat=57\" rel=\"category\">Mundo<\/a> <a href=\"https:\/\/noticiasbahia360.com.br\/?cat=56\" rel=\"category\">Pol\u00edcia<\/a> <a href=\"https:\/\/noticiasbahia360.com.br\/?cat=10\" rel=\"category\">Pol\u00edtica<\/a>","tag_info":"Pol\u00edtica","comment_count":"0","_links":{"self":[{"href":"https:\/\/noticiasbahia360.com.br\/index.php?rest_route=\/wp\/v2\/posts\/128910","targetHints":{"allow":["GET"]}}],"collection":[{"href":"https:\/\/noticiasbahia360.com.br\/index.php?rest_route=\/wp\/v2\/posts"}],"about":[{"href":"https:\/\/noticiasbahia360.com.br\/index.php?rest_route=\/wp\/v2\/types\/post"}],"author":[{"embeddable":true,"href":"https:\/\/noticiasbahia360.com.br\/index.php?rest_route=\/wp\/v2\/users\/1"}],"replies":[{"embeddable":true,"href":"https:\/\/noticiasbahia360.com.br\/index.php?rest_route=%2Fwp%2Fv2%2Fcomments&post=128910"}],"version-history":[{"count":0,"href":"https:\/\/noticiasbahia360.com.br\/index.php?rest_route=\/wp\/v2\/posts\/128910\/revisions"}],"wp:featuredmedia":[{"embeddable":true,"href":"https:\/\/noticiasbahia360.com.br\/index.php?rest_route=\/wp\/v2\/media\/128911"}],"wp:attachment":[{"href":"https:\/\/noticiasbahia360.com.br\/index.php?rest_route=%2Fwp%2Fv2%2Fmedia&parent=128910"}],"wp:term":[{"taxonomy":"category","embeddable":true,"href":"https:\/\/noticiasbahia360.com.br\/index.php?rest_route=%2Fwp%2Fv2%2Fcategories&post=128910"},{"taxonomy":"post_tag","embeddable":true,"href":"https:\/\/noticiasbahia360.com.br\/index.php?rest_route=%2Fwp%2Fv2%2Ftags&post=128910"}],"curies":[{"name":"wp","href":"https:\/\/api.w.org\/{rel}","templated":true}]}} 