{"id":128921,"date":"2026-04-29T15:01:38","date_gmt":"2026-04-29T18:01:38","guid":{"rendered":"https:\/\/noticiasbahia360.com.br\/?p=128921"},"modified":"2026-04-29T15:01:38","modified_gmt":"2026-04-29T18:01:38","slug":"mais-de-125-km-de-rodovias-estaduais-devem-ser-pavimentados-na-bahia-confira-as-licitacoes-em-andamento","status":"publish","type":"post","link":"https:\/\/noticiasbahia360.com.br\/?p=128921","title":{"rendered":"Mais de 125 km de rodovias estaduais devem ser pavimentados na Bahia; confira as licita\u00e7\u00f5es em andamento"},"content":{"rendered":"<div>\n<div>\n<figure><img decoding=\"async\" src=\"http:\/\/noticiasbahia360.com.br\/wp-content\/uploads\/2026\/04\/BA-549_Entronc-da-BR-330_Distrito-de-Itaibo_Apuarema-01.jpg\" alt=\"Bahia Trecho da BA-549\"><figcaption>Trecho da BA-549 | Foto: Divulga\u00e7\u00e3o <\/figcaption><\/figure>\n<\/div>\n<p>Mais de 125 km de acessos e de rodovias baianas, em breve, ser\u00e3o pavimentadas pelo Governo da Bahia, atrav\u00e9s da Secretaria de Infraestrutura do Estado (Seinfra). <\/p>\n<p>Os processos licitat\u00f3rios para a execu\u00e7\u00e3o de um total de 10 obras j\u00e1 est\u00e3o em andamento ap\u00f3s a publica\u00e7\u00e3o dos avisos no Di\u00e1rio Oficial do Estado (<a href=\"https:\/\/www.acordacidade.com.br\/tag\/diario-oficial\/\" type=\"post_tag\" id=\"37531\">DOE<\/a>) e com a pr\u00f3xima etapa, que \u00e9 a abertura das propostas, previstas para ocorrer durante o m\u00eas de maio. <\/p>\n<p>Entre as a\u00e7\u00f5es em destaque, a pavimenta\u00e7\u00e3o dos 27,3 km da BA-549, que liga o entroncamento da BR-330 at\u00e9 Apuarema, passando pelo distrito de Itaib\u00f3, e dos 23,3 km da BA-351, em Mansid\u00e3o, da liga\u00e7\u00e3o da sede municipal com o povoado de Palestina.<\/p>\n<p>A import\u00e2ncia destas obras para o desenvolvimento econ\u00f4mico do estado \u00e9 analisada por Saulo Pontes, secret\u00e1rio de Infraestrutura. <\/p>\n<p>\u201cPara al\u00e9m de interligar as sedes municipais com os distritos e povoados, essas obras possibilitam o deslocamento de forma mais r\u00e1pida e segura dos moradores de localidades baianas para acesso \u00e0 sa\u00fade e educa\u00e7\u00e3o, facilitam o escoamento da produ\u00e7\u00e3o agr\u00edcola e da pecu\u00e1ria e ajudam na atra\u00e7\u00e3o de novos investimentos\u201d destaca Saulo Pontes. <\/p>\n<p><strong>Confira a lista com a rela\u00e7\u00e3o dos avisos de licita\u00e7\u00e3o j\u00e1 publicados no Di\u00e1rio Oficial do Estado (DOE) da \u00faltima semana:<\/strong><\/p>\n<p><strong>Avisos de licita\u00e7\u00e3o publicadas em 25\/04\/2026<\/strong><\/p>\n<p>\u2013 Pavimenta\u00e7\u00e3o da BA-549, que liga o entroncamento da BR-330 at\u00e9 Apuarema, passando pelo distrito de Itaib\u00f3. Extens\u00e3o Total: 27,3 km.<\/p>\n<p>\u2013 Pavimenta\u00e7\u00e3o da BA-283, em Guaratinga, que liga a sede municipal com o povoado de S\u00e3o Jo\u00e3o do Sul. Extens\u00e3o Total: 22,5 km.<\/p>\n<p>\u2013 Pavimenta\u00e7\u00e3o do acesso \u00e0 Vin\u00edcola Miolo, em Casa Nova, que faz a liga\u00e7\u00e3o com o entroncamento da BR-235 (KM 371). Extens\u00e3o Total: 4 km.<\/p>\n<p>\u2013 Concess\u00e3o de servi\u00e7o p\u00fablico para opera\u00e7\u00e3o, manuten\u00e7\u00e3o, administra\u00e7\u00e3o e explora\u00e7\u00e3o do Aeroporto Internacional de Porto Seguro e Aeroportos Regionais de Senhor do Bonfim e Cocos.<\/p>\n<p><strong>Avisos de licita\u00e7\u00e3o publicadas em 24\/04\/2026<\/strong><\/p>\n<p>\u2013 Pavimenta\u00e7\u00e3o da BA-351, em Mansid\u00e3o, da liga\u00e7\u00e3o da sede municipal com o povoado de Palestina. Extens\u00e3o Total: 23,3 km.<\/p>\n<p>\u2013 Pavimenta\u00e7\u00e3o da BA-245, entre Boninal, a localidade de Caldeir\u00e3o e o povoado de Cedro. Extens\u00e3o Total: 13,80 km.<\/p>\n<p>\u2013 Pavimenta\u00e7\u00e3o do acesso \u00e0 comunidade de Montevidinha, em Santa Maria da Vit\u00f3ria, que faz liga\u00e7\u00e3o com o entroncamento da BA-583. Extens\u00e3o Total: 8 km.<\/p>\n<p>\u2013 Pavimenta\u00e7\u00e3o e servi\u00e7os de melhoramento, incluindo a implanta\u00e7\u00e3o de ciclofaixas, das passagens urbanas de Canarana, que fazem liga\u00e7\u00e3o com as BAs 046 e 432, nas sa\u00eddas para Barro Alto (3,2 km) e Salobro (3 km). Extens\u00e3o Total: 6,2 km.<\/p>\n<p><strong>Avisos de licita\u00e7\u00e3o publicadas em 18\/04\/2026<\/strong><\/p>\n<p>\u2013 Pavimenta\u00e7\u00e3o do Contorno Vi\u00e1rio de Eun\u00e1polis, na liga\u00e7\u00e3o entre as BRs 101 e 367. Extens\u00e3o Total: 7 km.<\/p>\n<p>\u2013 Pavimenta\u00e7\u00e3o da BA-495, entre Castro Alves e o povoado de Morro, incluindo os acessos. Extens\u00e3o Total: 10,9 km.<\/p>\n<p>\u2013 Pavimenta\u00e7\u00e3o do acesso ao povoado de Goiabeira, Concei\u00e7\u00e3o do Coit\u00e9, que faz liga\u00e7\u00e3o com o entroncamento da BA-411 (KM 45). Extens\u00e3o Total: 2,6 km.<\/p>\n<p><em>Siga o Acorda Cidade no\u00a0<\/em><a href=\"https:\/\/news.google.com\/search?q=acorda%20cidade&amp;hl=pt-BR&amp;gl=BR&amp;ceid=BR%3Apt-419\"><strong><em>Google Not\u00edcias<\/em><\/strong><\/a><em>\u00a0e receba os principais destaques do dia. Participe tamb\u00e9m dos nossos canais no\u00a0<\/em><a href=\"https:\/\/www.whatsapp.com\/channel\/0029Va6Rb4v3WHTNnsh8WI3N\"><strong><em>WhatsApp<\/em><\/strong><\/a><em>\u00a0e\u00a0<\/em><a href=\"https:\/\/www.youtube.com\/@acordacidadenoticias\/videos\"><strong>YouTube<\/strong><\/a><em>\u00a0e grupo de\u00a0<\/em><a href=\"https:\/\/t.me\/+sSz0khrgARA0ZmRh\"><strong><em>Telegram<\/em><\/strong><\/a><em>.<\/em><\/p>\n<\/div>\n","protected":false},"excerpt":{"rendered":"<div>\n<div>\n<figure><img decoding=\"async\" src=\"https:\/\/uploads.acordacidade.com.br\/2026\/04\/BA-549_Entronc-da-BR-330_Distrito-de-Itaibo_Apuarema-01.jpg\" alt=\"Bahia Trecho da BA-549\"><figcaption>Trecho da BA-549 | Foto: Divulga\u00e7\u00e3o <\/figcaption><\/figure>\n<\/div>\n<p>Os processos licitat\u00f3rios para a execu\u00e7\u00e3o de um total de 10 obras j\u00e1 est\u00e3o em andamento ap\u00f3s a publica\u00e7\u00e3o dos avisos no Di\u00e1rio Oficia.<\/p><\/div>\n","protected":false},"author":1,"featured_media":128922,"comment_status":"closed","ping_status":"closed","sticky":false,"template":"","format":"gallery","meta":{"footnotes":""},"categories":[8,9,6,57,56,10],"tags":[],"class_list":["post-128921","post","type-post","status-publish","format-gallery","has-post-thumbnail","hentry","category-bahia","category-brasil","category-feira-de-santana","category-mundo","category-policia","category-politica","post_format-post-format-gallery"],"featured_image_urls":{"full":["https:\/\/noticiasbahia360.com.br\/wp-content\/uploads\/2026\/04\/BA-549_Entronc-da-BR-330_Distrito-de-Itaibo_Apuarema-01.jpg",1200,646,false],"thumbnail":["https:\/\/noticiasbahia360.com.br\/wp-content\/uploads\/2026\/04\/BA-549_Entronc-da-BR-330_Distrito-de-Itaibo_Apuarema-01-150x150.jpg",150,150,true],"medium":["https:\/\/noticiasbahia360.com.br\/wp-content\/uploads\/2026\/04\/BA-549_Entronc-da-BR-330_Distrito-de-Itaibo_Apuarema-01-300x162.jpg",300,162,true],"medium_large":["https:\/\/noticiasbahia360.com.br\/wp-content\/uploads\/2026\/04\/BA-549_Entronc-da-BR-330_Distrito-de-Itaibo_Apuarema-01-768x413.jpg",640,344,true],"large":["https:\/\/noticiasbahia360.com.br\/wp-content\/uploads\/2026\/04\/BA-549_Entronc-da-BR-330_Distrito-de-Itaibo_Apuarema-01-1024x551.jpg",640,344,true],"1536x1536":["https:\/\/noticiasbahia360.com.br\/wp-content\/uploads\/2026\/04\/BA-549_Entronc-da-BR-330_Distrito-de-Itaibo_Apuarema-01.jpg",1200,646,false],"2048x2048":["https:\/\/noticiasbahia360.com.br\/wp-content\/uploads\/2026\/04\/BA-549_Entronc-da-BR-330_Distrito-de-Itaibo_Apuarema-01.jpg",1200,646,false],"chromenews-featured":["https:\/\/noticiasbahia360.com.br\/wp-content\/uploads\/2026\/04\/BA-549_Entronc-da-BR-330_Distrito-de-Itaibo_Apuarema-01-1024x551.jpg",1024,551,true],"chromenews-large":["https:\/\/noticiasbahia360.com.br\/wp-content\/uploads\/2026\/04\/BA-549_Entronc-da-BR-330_Distrito-de-Itaibo_Apuarema-01-825x575.jpg",825,575,true],"chromenews-medium":["https:\/\/noticiasbahia360.com.br\/wp-content\/uploads\/2026\/04\/BA-549_Entronc-da-BR-330_Distrito-de-Itaibo_Apuarema-01-590x410.jpg",590,410,true]},"author_info":{"display_name":"noticiasbahia360.com.br","author_link":"https:\/\/noticiasbahia360.com.br\/?author=1"},"category_info":"<a href=\"https:\/\/noticiasbahia360.com.br\/?cat=8\" rel=\"category\">Bahia<\/a> <a href=\"https:\/\/noticiasbahia360.com.br\/?cat=9\" rel=\"category\">Brasil<\/a> <a href=\"https:\/\/noticiasbahia360.com.br\/?cat=6\" rel=\"category\">Feira de Santana<\/a> <a href=\"https:\/\/noticiasbahia360.com.br\/?cat=57\" rel=\"category\">Mundo<\/a> <a href=\"https:\/\/noticiasbahia360.com.br\/?cat=56\" rel=\"category\">Pol\u00edcia<\/a> <a href=\"https:\/\/noticiasbahia360.com.br\/?cat=10\" rel=\"category\">Pol\u00edtica<\/a>","tag_info":"Pol\u00edtica","comment_count":"0","_links":{"self":[{"href":"https:\/\/noticiasbahia360.com.br\/index.php?rest_route=\/wp\/v2\/posts\/128921","targetHints":{"allow":["GET"]}}],"collection":[{"href":"https:\/\/noticiasbahia360.com.br\/index.php?rest_route=\/wp\/v2\/posts"}],"about":[{"href":"https:\/\/noticiasbahia360.com.br\/index.php?rest_route=\/wp\/v2\/types\/post"}],"author":[{"embeddable":true,"href":"https:\/\/noticiasbahia360.com.br\/index.php?rest_route=\/wp\/v2\/users\/1"}],"replies":[{"embeddable":true,"href":"https:\/\/noticiasbahia360.com.br\/index.php?rest_route=%2Fwp%2Fv2%2Fcomments&post=128921"}],"version-history":[{"count":0,"href":"https:\/\/noticiasbahia360.com.br\/index.php?rest_route=\/wp\/v2\/posts\/128921\/revisions"}],"wp:featuredmedia":[{"embeddable":true,"href":"https:\/\/noticiasbahia360.com.br\/index.php?rest_route=\/wp\/v2\/media\/128922"}],"wp:attachment":[{"href":"https:\/\/noticiasbahia360.com.br\/index.php?rest_route=%2Fwp%2Fv2%2Fmedia&parent=128921"}],"wp:term":[{"taxonomy":"category","embeddable":true,"href":"https:\/\/noticiasbahia360.com.br\/index.php?rest_route=%2Fwp%2Fv2%2Fcategories&post=128921"},{"taxonomy":"post_tag","embeddable":true,"href":"https:\/\/noticiasbahia360.com.br\/index.php?rest_route=%2Fwp%2Fv2%2Ftags&post=128921"}],"curies":[{"name":"wp","href":"https:\/\/api.w.org\/{rel}","templated":true}]}}