{"id":128923,"date":"2026-04-29T15:26:30","date_gmt":"2026-04-29T18:26:30","guid":{"rendered":"https:\/\/noticiasbahia360.com.br\/?p=128923"},"modified":"2026-04-29T15:26:30","modified_gmt":"2026-04-29T18:26:30","slug":"funcionaria-e-flagrada-tentando-sair-de-supermercado-com-alimentos-escondidos-na-mochila","status":"publish","type":"post","link":"https:\/\/noticiasbahia360.com.br\/?p=128923","title":{"rendered":"Funcion\u00e1ria \u00e9 flagrada tentando sair de supermercado com alimentos escondidos na mochila"},"content":{"rendered":"<div>\n<div>\n<figure><img decoding=\"async\" src=\"http:\/\/noticiasbahia360.com.br\/wp-content\/uploads\/2026\/04\/Atakarejo-ft-acorda-cidade-2.webp\" alt=\"Com investimento de R$ 70 milh\u00f5es Rede Atakarejo abre mais uma loja em Feira de Santana\"><figcaption>Ilustrativa | Foto: Acorda Cidade<\/figcaption><\/figure>\n<\/div>\n<p>Uma funcion\u00e1ria de um supermercado atacadista foi conduzida \u00e0 delegacia na manh\u00e3 desta quarta-feira (29), ap\u00f3s ser flagrada com diversos alimentos escondidos na mochila, no bairro Bara\u00fanas, em Feira de Santana.<\/p>\n<p>De acordo com informa\u00e7\u00f5es da Pol\u00edcia Militar apuradas pelo Acorda Cidade, a ocorr\u00eancia foi registrada por volta das 9h, em um supermercado localizada na Avenida Jos\u00e9 Falc\u00e3o da Silva. A equipe policial foi acionada pelo Centro Integrado de Comunica\u00e7\u00e3o (Cicom) para verificar uma den\u00fancia de furto dentro do estabelecimento.<\/p>\n<p>No local, os policiais conversaram com a supervisora de preven\u00e7\u00e3o de perdas da empresa, que informou que a central de monitoramento identificou a funcion\u00e1ria colocando produtos aliment\u00edcios dentro de sua mochila pessoal.<\/p>\n<p>Segundo a supervisora, ao ser questionada pela equipe de seguran\u00e7a do supermercado, a mulher admitiu ter pego os produtos sem autoriza\u00e7\u00e3o. Ela tamb\u00e9m confirmou o fato aos policiais militares durante o atendimento da ocorr\u00eancia.<\/p>\n<p><strong>Entre os itens encontrados estavam:<\/strong><\/p>\n<ul class=\"wp-block-list\">\n<li>4 pacotes de camar\u00e3o<\/li>\n<li>1 pacote de salm\u00e3o<\/li>\n<li>2 pacotes de salame<\/li>\n<li>1 pacote de calabresa<\/li>\n<li>1 pacote de charque<\/li>\n<li>1 bandeja de mussarela<\/li>\n<li>1 por\u00e7\u00e3o de queijo reino<\/li>\n<li>1 bandeja de presunto<\/li>\n<li>1 pacote de azeitonas<\/li>\n<\/ul>\n<p>Ap\u00f3s a confirma\u00e7\u00e3o da situa\u00e7\u00e3o, a funcion\u00e1ria e a representante da empresa foram encaminhadas para a Central de Flagrantes, onde o caso foi registrado e ser\u00e3o adotadas as medidas cab\u00edveis.<\/p>\n<p>O valor total dos produtos n\u00e3o foi passado pelo supermercado.<\/p>\n<p><em>Siga o Acorda Cidade no\u00a0<\/em><a href=\"https:\/\/news.google.com\/search?q=acorda%20cidade&amp;hl=pt-BR&amp;gl=BR&amp;ceid=BR%3Apt-419\"><strong><em>Google Not\u00edcias<\/em><\/strong><\/a><em>\u00a0e receba os principais destaques do dia. Participe tamb\u00e9m dos nossos canais no\u00a0<\/em><a href=\"https:\/\/www.whatsapp.com\/channel\/0029Va6Rb4v3WHTNnsh8WI3N\"><strong><em>WhatsApp<\/em><\/strong><\/a><em>\u00a0e\u00a0<\/em><a href=\"https:\/\/www.youtube.com\/@acordacidadenoticias\/videos\"><strong>YouTube<\/strong><\/a><em>\u00a0e grupo de\u00a0<\/em><a href=\"https:\/\/t.me\/+sSz0khrgARA0ZmRh\"><strong><em>Telegram<\/em><\/strong><\/a><em>.<\/em><\/p>\n<\/div>\n","protected":false},"excerpt":{"rendered":"<div>\n<div>\n<figure><img decoding=\"async\" src=\"https:\/\/www.acordacidade.com.br\/wp-content\/uploads\/2025\/11\/Atakarejo-ft-acorda-cidade-2.webp\" alt=\"Com investimento de R$ 70 milh\u00f5es Rede Atakarejo abre mais uma loja em Feira de Santana\"><figcaption>Ilustrativa | Foto: Acorda Cidade<\/figcaption><\/figure>\n<\/div>\n<p>Segundo a supervisora do supermercado, ao ser questionada pela equipe de seguran\u00e7a, a mulher admitiu ter pego os produtos sem autoriza\u00e7\u00e3o.<\/p><\/div>\n","protected":false},"author":1,"featured_media":128924,"comment_status":"closed","ping_status":"closed","sticky":false,"template":"","format":"gallery","meta":{"footnotes":""},"categories":[8,9,6,57,56,10],"tags":[],"class_list":["post-128923","post","type-post","status-publish","format-gallery","has-post-thumbnail","hentry","category-bahia","category-brasil","category-feira-de-santana","category-mundo","category-policia","category-politica","post_format-post-format-gallery"],"featured_image_urls":{"full":["https:\/\/noticiasbahia360.com.br\/wp-content\/uploads\/2026\/04\/Atakarejo-ft-acorda-cidade-2.webp",1200,900,false],"thumbnail":["https:\/\/noticiasbahia360.com.br\/wp-content\/uploads\/2026\/04\/Atakarejo-ft-acorda-cidade-2-150x150.webp",150,150,true],"medium":["https:\/\/noticiasbahia360.com.br\/wp-content\/uploads\/2026\/04\/Atakarejo-ft-acorda-cidade-2-300x225.webp",300,225,true],"medium_large":["https:\/\/noticiasbahia360.com.br\/wp-content\/uploads\/2026\/04\/Atakarejo-ft-acorda-cidade-2-768x576.webp",640,480,true],"large":["https:\/\/noticiasbahia360.com.br\/wp-content\/uploads\/2026\/04\/Atakarejo-ft-acorda-cidade-2-1024x768.webp",640,480,true],"1536x1536":["https:\/\/noticiasbahia360.com.br\/wp-content\/uploads\/2026\/04\/Atakarejo-ft-acorda-cidade-2.webp",1200,900,false],"2048x2048":["https:\/\/noticiasbahia360.com.br\/wp-content\/uploads\/2026\/04\/Atakarejo-ft-acorda-cidade-2.webp",1200,900,false],"chromenews-featured":["https:\/\/noticiasbahia360.com.br\/wp-content\/uploads\/2026\/04\/Atakarejo-ft-acorda-cidade-2-1024x768.webp",1024,768,true],"chromenews-large":["https:\/\/noticiasbahia360.com.br\/wp-content\/uploads\/2026\/04\/Atakarejo-ft-acorda-cidade-2-825x575.webp",825,575,true],"chromenews-medium":["https:\/\/noticiasbahia360.com.br\/wp-content\/uploads\/2026\/04\/Atakarejo-ft-acorda-cidade-2-590x410.webp",590,410,true]},"author_info":{"display_name":"noticiasbahia360.com.br","author_link":"https:\/\/noticiasbahia360.com.br\/?author=1"},"category_info":"<a href=\"https:\/\/noticiasbahia360.com.br\/?cat=8\" rel=\"category\">Bahia<\/a> <a href=\"https:\/\/noticiasbahia360.com.br\/?cat=9\" rel=\"category\">Brasil<\/a> <a href=\"https:\/\/noticiasbahia360.com.br\/?cat=6\" rel=\"category\">Feira de Santana<\/a> <a href=\"https:\/\/noticiasbahia360.com.br\/?cat=57\" rel=\"category\">Mundo<\/a> <a href=\"https:\/\/noticiasbahia360.com.br\/?cat=56\" rel=\"category\">Pol\u00edcia<\/a> <a href=\"https:\/\/noticiasbahia360.com.br\/?cat=10\" rel=\"category\">Pol\u00edtica<\/a>","tag_info":"Pol\u00edtica","comment_count":"0","_links":{"self":[{"href":"https:\/\/noticiasbahia360.com.br\/index.php?rest_route=\/wp\/v2\/posts\/128923","targetHints":{"allow":["GET"]}}],"collection":[{"href":"https:\/\/noticiasbahia360.com.br\/index.php?rest_route=\/wp\/v2\/posts"}],"about":[{"href":"https:\/\/noticiasbahia360.com.br\/index.php?rest_route=\/wp\/v2\/types\/post"}],"author":[{"embeddable":true,"href":"https:\/\/noticiasbahia360.com.br\/index.php?rest_route=\/wp\/v2\/users\/1"}],"replies":[{"embeddable":true,"href":"https:\/\/noticiasbahia360.com.br\/index.php?rest_route=%2Fwp%2Fv2%2Fcomments&post=128923"}],"version-history":[{"count":0,"href":"https:\/\/noticiasbahia360.com.br\/index.php?rest_route=\/wp\/v2\/posts\/128923\/revisions"}],"wp:featuredmedia":[{"embeddable":true,"href":"https:\/\/noticiasbahia360.com.br\/index.php?rest_route=\/wp\/v2\/media\/128924"}],"wp:attachment":[{"href":"https:\/\/noticiasbahia360.com.br\/index.php?rest_route=%2Fwp%2Fv2%2Fmedia&parent=128923"}],"wp:term":[{"taxonomy":"category","embeddable":true,"href":"https:\/\/noticiasbahia360.com.br\/index.php?rest_route=%2Fwp%2Fv2%2Fcategories&post=128923"},{"taxonomy":"post_tag","embeddable":true,"href":"https:\/\/noticiasbahia360.com.br\/index.php?rest_route=%2Fwp%2Fv2%2Ftags&post=128923"}],"curies":[{"name":"wp","href":"https:\/\/api.w.org\/{rel}","templated":true}]}} 