{"id":128925,"date":"2026-04-29T15:42:30","date_gmt":"2026-04-29T18:42:30","guid":{"rendered":"https:\/\/noticiasbahia360.com.br\/?p=128925"},"modified":"2026-04-29T15:42:30","modified_gmt":"2026-04-29T18:42:30","slug":"prefeitura-de-conceicao-do-jacuipe-convoca-aprovados-em-processo-seletivo-veja-lista-completa","status":"publish","type":"post","link":"https:\/\/noticiasbahia360.com.br\/?p=128925","title":{"rendered":"Prefeitura de Concei\u00e7\u00e3o do Jacu\u00edpe convoca aprovados em processo seletivo; veja lista completa"},"content":{"rendered":"<div>\n<div>\n<figure><img decoding=\"async\" src=\"http:\/\/noticiasbahia360.com.br\/wp-content\/uploads\/2026\/04\/Prefeitura-de-Conceicao-do-Jacuipe-Foto-Jefferson-Araujo-Acorda-Cidade.jpg\" alt=\"Prefeitura de Concei\u00e7\u00e3o do Jacu\u00edpe\"><figcaption>Foto: Jefferson Ara\u00fajo\/Concei\u00e7\u00e3o do Jacu\u00edpe<\/figcaption><\/figure>\n<\/div>\n<p>A Prefeitura de Concei\u00e7\u00e3o do Jacu\u00edpe publicou na \u00faltima segunda-feira (27), a convoca\u00e7\u00e3o dos candidatos aprovados no Processo Seletivo Simplificado Edital n\u00ba 001\/2026, destinado \u00e0 contrata\u00e7\u00e3o tempor\u00e1ria de profissionais de n\u00edvel fundamental e m\u00e9dio. <\/p>\n<p><a href=\"https:\/\/diof.io.org.br\/api\/diario-oficial\/download\/2026_04_276039002031.pdf\" type=\"link\" id=\"https:\/\/diof.io.org.br\/api\/diario-oficial\/download\/2026_04_276039002031.pdf\" target=\"_blank\" rel=\"noreferrer noopener\">Veja a lista completa aqui. <\/a><\/p>\n<p>Os convocados devem comparecer at\u00e9 o dia 4 de maio de 2026, sem possibilidade de prorroga\u00e7\u00e3o, no Setor Pessoal da Prefeitura Municipal, para formalizar a contrata\u00e7\u00e3o.<\/p>\n<p>O atendimento ser\u00e1 realizado das 8h \u00e0s 13h, na sede da prefeitura.<\/p>\n<p><strong>Para garantir a contrata\u00e7\u00e3o, \u00e9 necess\u00e1rio apresentar os documentos originais e c\u00f3pias dos seguintes itens:<\/strong><\/p>\n<ul class=\"wp-block-list\">\n<li>Carteira de identidade<\/li>\n<li>Carteira de Trabalho e Previd\u00eancia Social (CTPS)<\/li>\n<li>CPF<\/li>\n<li>T\u00edtulo de eleitor e comprovante de quita\u00e7\u00e3o eleitoral<\/li>\n<li>PIS\/Pasep<\/li>\n<li>Certificado de reservista ou dispensa de incorpora\u00e7\u00e3o (para homens)<\/li>\n<li>Comprovante de resid\u00eancia<\/li>\n<li>Certid\u00e3o de casamento ou uni\u00e3o est\u00e1vel, se houver<\/li>\n<li>Relat\u00f3rio m\u00e9dico que comprove aptid\u00e3o f\u00edsica e mental para o cargo<\/li>\n<li>Certid\u00e3o de nascimento dos filhos, se houver<\/li>\n<li>Declara\u00e7\u00e3o de n\u00e3o acumula\u00e7\u00e3o de cargo ou fun\u00e7\u00e3o p\u00fablica<\/li>\n<li>Hist\u00f3rico escolar ou outro comprovante de escolaridade<\/li>\n<li>Laudo m\u00e9dico, no caso de pessoas com defici\u00eancia, comprovando compatibilidade com a fun\u00e7\u00e3o pretendida<\/li>\n<\/ul>\n<p>No momento da contrata\u00e7\u00e3o, o candidato tamb\u00e9m dever\u00e1 assinar a declara\u00e7\u00e3o de n\u00e3o ac\u00famulo de cargo p\u00fablico, exceto nos casos permitidos pela Constitui\u00e7\u00e3o Federal.<\/p>\n<p>A prefeitura alerta que \u00e9 de responsabilidade do candidato acompanhar todas as etapas do processo por meio do Di\u00e1rio Oficial do Munic\u00edpio. Quem n\u00e3o comparecer dentro do prazo ou deixar de apresentar qualquer documento exigido ser\u00e1 desclassificado.<\/p>\n<p><a href=\"https:\/\/diof.io.org.br\/api\/diario-oficial\/download\/2026_04_276039002031.pdf\" type=\"link\" id=\"https:\/\/diof.io.org.br\/api\/diario-oficial\/download\/2026_04_276039002031.pdf\" target=\"_blank\" rel=\"noreferrer noopener\">Veja a lista completa aqui. <\/a><\/p>\n<p><em>Siga o Acorda Cidade no<\/em><a href=\"https:\/\/news.google.com\/search?q=acorda%20cidade&amp;hl=pt-BR&amp;gl=BR&amp;ceid=BR%3Apt-419\"><strong><em>\u00a0Google Not\u00edcias<\/em><\/strong><\/a><em>\u00a0e receba os principais destaques do dia. Participe tamb\u00e9m dos nossos canais no\u00a0<\/em><a href=\"https:\/\/www.whatsapp.com\/channel\/0029Va6Rb4v3WHTNnsh8WI3N\"><strong><em>WhatsApp<\/em><\/strong><\/a><em>\u00a0e\u00a0<\/em><a href=\"https:\/\/www.youtube.com\/@acordacidadenoticias\/videos\"><strong>YouTube<\/strong><\/a><em>\u00a0e grupo de\u00a0<\/em><a href=\"https:\/\/t.me\/+sSz0khrgARA0ZmRh\"><strong><em>Telegram<\/em><\/strong><\/a><em>.<\/em><\/p>\n<\/div>\n","protected":false},"excerpt":{"rendered":"<div>\n<div>\n<figure><img decoding=\"async\" src=\"https:\/\/www.acordacidade.com.br\/wp-content\/uploads\/2025\/02\/Prefeitura-de-Conceicao-do-Jacuipe-Foto-Jefferson-Araujo-Acorda-Cidade.jpg\" alt=\"Prefeitura de Concei\u00e7\u00e3o do Jacu\u00edpe\"><figcaption>Foto: Jefferson Ara\u00fajo\/Concei\u00e7\u00e3o do Jacu\u00edpe<\/figcaption><\/figure>\n<\/div>\n<p>Para garantir a contrata\u00e7\u00e3o no processo seletivo, \u00e9 necess\u00e1rio apresentar alguns documentos (originais e c\u00f3pias).<\/p><\/div>\n","protected":false},"author":1,"featured_media":128926,"comment_status":"closed","ping_status":"closed","sticky":false,"template":"","format":"gallery","meta":{"footnotes":""},"categories":[8,9,6,57,56,10],"tags":[],"class_list":["post-128925","post","type-post","status-publish","format-gallery","has-post-thumbnail","hentry","category-bahia","category-brasil","category-feira-de-santana","category-mundo","category-policia","category-politica","post_format-post-format-gallery"],"featured_image_urls":{"full":["https:\/\/noticiasbahia360.com.br\/wp-content\/uploads\/2026\/04\/Prefeitura-de-Conceicao-do-Jacuipe-Foto-Jefferson-Araujo-Acorda-Cidade.jpg",640,482,false],"thumbnail":["https:\/\/noticiasbahia360.com.br\/wp-content\/uploads\/2026\/04\/Prefeitura-de-Conceicao-do-Jacuipe-Foto-Jefferson-Araujo-Acorda-Cidade-150x150.jpg",150,150,true],"medium":["https:\/\/noticiasbahia360.com.br\/wp-content\/uploads\/2026\/04\/Prefeitura-de-Conceicao-do-Jacuipe-Foto-Jefferson-Araujo-Acorda-Cidade-300x226.jpg",300,226,true],"medium_large":["https:\/\/noticiasbahia360.com.br\/wp-content\/uploads\/2026\/04\/Prefeitura-de-Conceicao-do-Jacuipe-Foto-Jefferson-Araujo-Acorda-Cidade.jpg",640,482,false],"large":["https:\/\/noticiasbahia360.com.br\/wp-content\/uploads\/2026\/04\/Prefeitura-de-Conceicao-do-Jacuipe-Foto-Jefferson-Araujo-Acorda-Cidade.jpg",640,482,false],"1536x1536":["https:\/\/noticiasbahia360.com.br\/wp-content\/uploads\/2026\/04\/Prefeitura-de-Conceicao-do-Jacuipe-Foto-Jefferson-Araujo-Acorda-Cidade.jpg",640,482,false],"2048x2048":["https:\/\/noticiasbahia360.com.br\/wp-content\/uploads\/2026\/04\/Prefeitura-de-Conceicao-do-Jacuipe-Foto-Jefferson-Araujo-Acorda-Cidade.jpg",640,482,false],"chromenews-featured":["https:\/\/noticiasbahia360.com.br\/wp-content\/uploads\/2026\/04\/Prefeitura-de-Conceicao-do-Jacuipe-Foto-Jefferson-Araujo-Acorda-Cidade.jpg",640,482,false],"chromenews-large":["https:\/\/noticiasbahia360.com.br\/wp-content\/uploads\/2026\/04\/Prefeitura-de-Conceicao-do-Jacuipe-Foto-Jefferson-Araujo-Acorda-Cidade.jpg",640,482,false],"chromenews-medium":["https:\/\/noticiasbahia360.com.br\/wp-content\/uploads\/2026\/04\/Prefeitura-de-Conceicao-do-Jacuipe-Foto-Jefferson-Araujo-Acorda-Cidade-590x410.jpg",590,410,true]},"author_info":{"display_name":"noticiasbahia360.com.br","author_link":"https:\/\/noticiasbahia360.com.br\/?author=1"},"category_info":"<a href=\"https:\/\/noticiasbahia360.com.br\/?cat=8\" rel=\"category\">Bahia<\/a> <a href=\"https:\/\/noticiasbahia360.com.br\/?cat=9\" rel=\"category\">Brasil<\/a> <a href=\"https:\/\/noticiasbahia360.com.br\/?cat=6\" rel=\"category\">Feira de Santana<\/a> <a href=\"https:\/\/noticiasbahia360.com.br\/?cat=57\" rel=\"category\">Mundo<\/a> <a href=\"https:\/\/noticiasbahia360.com.br\/?cat=56\" rel=\"category\">Pol\u00edcia<\/a> <a href=\"https:\/\/noticiasbahia360.com.br\/?cat=10\" rel=\"category\">Pol\u00edtica<\/a>","tag_info":"Pol\u00edtica","comment_count":"0","_links":{"self":[{"href":"https:\/\/noticiasbahia360.com.br\/index.php?rest_route=\/wp\/v2\/posts\/128925","targetHints":{"allow":["GET"]}}],"collection":[{"href":"https:\/\/noticiasbahia360.com.br\/index.php?rest_route=\/wp\/v2\/posts"}],"about":[{"href":"https:\/\/noticiasbahia360.com.br\/index.php?rest_route=\/wp\/v2\/types\/post"}],"author":[{"embeddable":true,"href":"https:\/\/noticiasbahia360.com.br\/index.php?rest_route=\/wp\/v2\/users\/1"}],"replies":[{"embeddable":true,"href":"https:\/\/noticiasbahia360.com.br\/index.php?rest_route=%2Fwp%2Fv2%2Fcomments&post=128925"}],"version-history":[{"count":0,"href":"https:\/\/noticiasbahia360.com.br\/index.php?rest_route=\/wp\/v2\/posts\/128925\/revisions"}],"wp:featuredmedia":[{"embeddable":true,"href":"https:\/\/noticiasbahia360.com.br\/index.php?rest_route=\/wp\/v2\/media\/128926"}],"wp:attachment":[{"href":"https:\/\/noticiasbahia360.com.br\/index.php?rest_route=%2Fwp%2Fv2%2Fmedia&parent=128925"}],"wp:term":[{"taxonomy":"category","embeddable":true,"href":"https:\/\/noticiasbahia360.com.br\/index.php?rest_route=%2Fwp%2Fv2%2Fcategories&post=128925"},{"taxonomy":"post_tag","embeddable":true,"href":"https:\/\/noticiasbahia360.com.br\/index.php?rest_route=%2Fwp%2Fv2%2Ftags&post=128925"}],"curies":[{"name":"wp","href":"https:\/\/api.w.org\/{rel}","templated":true}]}}