{"id":128927,"date":"2026-04-29T16:03:03","date_gmt":"2026-04-29T19:03:03","guid":{"rendered":"https:\/\/noticiasbahia360.com.br\/?p=128927"},"modified":"2026-04-29T16:03:03","modified_gmt":"2026-04-29T19:03:03","slug":"calcinha-preta-e-toque-dez-sao-confirmadas-no-sao-joao-de-coracao-de-maria","status":"publish","type":"post","link":"https:\/\/noticiasbahia360.com.br\/?p=128927","title":{"rendered":"Calcinha Preta e Toque Dez s\u00e3o confirmadas no S\u00e3o Jo\u00e3o de Cora\u00e7\u00e3o de Maria"},"content":{"rendered":"<div>\n<div>\n<figure><img decoding=\"async\" src=\"http:\/\/noticiasbahia360.com.br\/wp-content\/uploads\/2026\/04\/Sanju-de-coracao-de-maria.webp\" alt=\"Calcinha Preta e Toque Dez s\u00e3o confirmadas no S\u00e3o Jo\u00e3o de Cora\u00e7\u00e3o de Maria\"><figcaption>Foto: Reprodu\u00e7\u00e3o\/Redes Sociais <\/figcaption><\/figure>\n<\/div>\n<p><strong>As bandas Calcinha Preta e Toque Dez est\u00e3o confirmadas na programa\u00e7\u00e3o oficial do S\u00e3o Jo\u00e3o de Cora\u00e7\u00e3o de Maria e se apresentam no dia 22 de junho.<\/strong> O an\u00fancio foi feito pelo prefeito Kley Lima durante entrevista concedida ao radialista Valdir Moreira, da R\u00e1dio Princesa FM, na tarde desta ter\u00e7a-feira (29).<\/p>\n<p>A entrevista aconteceu no \u00c1ria Hall, em Feira de Santana, durante um evento promovido pela banda Toque Dez. O evento contou com a presen\u00e7a de amigos, parceiros e convidados, em um momento voltado \u00e0 apresenta\u00e7\u00e3o de novidades do grupo.<\/p>\n<div id=\"gallery_69f254c52d6a7\" class=\"seox-gallery-block template-gallery-grid my-5\">\n<div class=\"g-col-12 grid gap-1\">\n\t\t\t\t\t<a data-fancybox=\"gallery_69f254c52d6a7\" data-caption=\"Foto: Valdir Moreira\" class=\"g-col-12 lg:g-col-6 d-flex w-100 h-auto no-styled position-relative seox-gallery-item gallery-image-651102\" href=\"https:\/\/uploads.acordacidade.com.br\/2026\/04\/Lancamento-do-Sanju-na-Maxima-1-1.webp\"><\/p>\n<figure class=\"wp-caption alignnone img-fluid\"><img fetchpriority=\"high\" fetchpriority=\"high\" decoding=\"async\" width=\"1022\" height=\"720\" src=\"http:\/\/noticiasbahia360.com.br\/wp-content\/uploads\/2026\/04\/Lancamento-do-Sanju-na-Maxima-1-1-1000x704-1.webp\" class=\"aspect-16x9 lg:aspect-4x3 w-100 h-auto fit-cover\" alt=\"Calcinha Preta e Toque Dez s\u00e3o confirmadas no S\u00e3o Jo\u00e3o de Cora\u00e7\u00e3o de Maria\" title=\"Calcinha Preta e Toque Dez s\u00e3o confirmadas no S\u00e3o Jo\u00e3o de Cora\u00e7\u00e3o de Maria\" srcset=\"http:\/\/noticiasbahia360.com.br\/wp-content\/uploads\/2026\/04\/Lancamento-do-Sanju-na-Maxima-1-1-1000x704-1.webp 1200w\" sizes=\"100vw\"><figcaption class=\"wp-caption-text\">Foto: Valdir Moreira<\/figcaption><\/figure>\n<p>\t\t\t<\/a><br \/>\n\t\t\t\t\t\t<a data-fancybox=\"gallery_69f254c52d6a7\" data-caption=\"Foto: Valdir Moreira\" class=\"g-col-12 lg:g-col-6 d-flex w-100 h-auto no-styled position-relative seox-gallery-item gallery-image-651101\" href=\"https:\/\/uploads.acordacidade.com.br\/2026\/04\/Lancamento-do-Sanju-na-Maxima-.webp\"><\/p>\n<figure class=\"wp-caption alignnone img-fluid\"><img decoding=\"async\" width=\"1022\" height=\"720\" src=\"http:\/\/noticiasbahia360.com.br\/wp-content\/uploads\/2026\/04\/Lancamento-do-Sanju-na-Maxima-1000x704-1.webp\" class=\"aspect-16x9 lg:aspect-4x3 w-100 h-auto fit-cover\" alt=\"Calcinha Preta e Toque Dez s\u00e3o confirmadas no S\u00e3o Jo\u00e3o de Cora\u00e7\u00e3o de Maria\" title=\"Calcinha Preta e Toque Dez s\u00e3o confirmadas no S\u00e3o Jo\u00e3o de Cora\u00e7\u00e3o de Maria\" srcset=\"http:\/\/noticiasbahia360.com.br\/wp-content\/uploads\/2026\/04\/Lancamento-do-Sanju-na-Maxima-1000x704-1.webp 1200w\" sizes=\"100vw\"><figcaption class=\"wp-caption-text\">Foto: Valdir Moreira<\/figcaption><\/figure>\n<p>\t\t\t<\/a>\n\t\t\t\t<\/div>\n<\/div>\n<p>Durante a programa\u00e7\u00e3o, foram anunciados o projeto \u201cSanju na M\u00e1xima\u201d, al\u00e9m da agenda de shows para o S\u00e3o Jo\u00e3o e a nova etapa da turn\u00ea \u201cNa M\u00e1xima\u201d.<\/p>\n<p>Durante a entrevista, o prefeito destacou a tradi\u00e7\u00e3o junina do munic\u00edpio e confirmou as atra\u00e7\u00f5es principais do dia 22 de junho.<\/p>\n<p>\u201cCora\u00e7\u00e3o de Maria, dia 22, n\u00f3s vamos ter l\u00e1, Milsinho, o Toque Dez e Calcinha Preta. Ent\u00e3o, vai ser um dia de festa. Vamos ter v\u00e1rios dias l\u00e1 que vai ser como a gente anunciou. E outras bandas, eu vou anunciando a\u00ed ao longo do per\u00edodo a\u00ed, antes dos festejos\u201d, confirmou o prefeito.<\/p>\n<p>Segundo Kley Lima, o S\u00e3o Jo\u00e3o de Cora\u00e7\u00e3o de Maria vai al\u00e9m dos shows e envolve uma programa\u00e7\u00e3o cultural que se estende por quase 30 dias, com apresenta\u00e7\u00f5es escolares, quadrilhas, sanfoneiros, desfiles e eventos tradicionais que come\u00e7am no anivers\u00e1rio da cidade, em 1\u00ba de junho, e seguem at\u00e9 o S\u00e3o Pedro do Retiro, tamb\u00e9m bastante conhecido na regi\u00e3o.<\/p>\n<p><em>Siga o Acorda Cidade no<\/em><a href=\"https:\/\/news.google.com\/search?q=acorda%20cidade&amp;hl=pt-BR&amp;gl=BR&amp;ceid=BR%3Apt-419\"><strong><em>\u00a0Google Not\u00edcias<\/em><\/strong><\/a><em>\u00a0e receba os principais destaques do dia. Participe tamb\u00e9m dos nossos canais no\u00a0<\/em><a href=\"https:\/\/www.whatsapp.com\/channel\/0029Va6Rb4v3WHTNnsh8WI3N\"><strong><em>WhatsApp<\/em><\/strong><\/a><em>\u00a0e\u00a0<\/em><a href=\"https:\/\/www.youtube.com\/@acordacidadenoticias\/videos\"><strong>YouTube<\/strong><\/a><em>\u00a0e grupo de\u00a0<\/em><a href=\"https:\/\/t.me\/+sSz0khrgARA0ZmRh\"><strong><em>Telegram<\/em><\/strong><\/a><em>.<\/em><\/p>\n<\/div>\n","protected":false},"excerpt":{"rendered":"<div>\n<div>\n<figure><img decoding=\"async\" src=\"https:\/\/uploads.acordacidade.com.br\/2026\/04\/Sanju-de-coracao-de-maria.webp\" alt=\"Calcinha Preta e Toque Dez s\u00e3o confirmadas no S\u00e3o Jo\u00e3o de Cora\u00e7\u00e3o de Maria\"><figcaption>Foto: Reprodu\u00e7\u00e3o\/Redes Sociais <\/figcaption><\/figure>\n<\/div>\n<p>A confirma\u00e7\u00e3o foi feita pelo prefeito durante um evento promovido pela banda Toque Dez, realizado em Feira de Santana.<\/p><\/div>\n","protected":false},"author":1,"featured_media":128928,"comment_status":"closed","ping_status":"closed","sticky":false,"template":"","format":"gallery","meta":{"footnotes":""},"categories":[8,9,6,57,56,10],"tags":[],"class_list":["post-128927","post","type-post","status-publish","format-gallery","has-post-thumbnail","hentry","category-bahia","category-brasil","category-feira-de-santana","category-mundo","category-policia","category-politica","post_format-post-format-gallery"],"featured_image_urls":{"full":["https:\/\/noticiasbahia360.com.br\/wp-content\/uploads\/2026\/04\/Sanju-de-coracao-de-maria.webp",1200,800,false],"thumbnail":["https:\/\/noticiasbahia360.com.br\/wp-content\/uploads\/2026\/04\/Sanju-de-coracao-de-maria-150x150.webp",150,150,true],"medium":["https:\/\/noticiasbahia360.com.br\/wp-content\/uploads\/2026\/04\/Sanju-de-coracao-de-maria-300x200.webp",300,200,true],"medium_large":["https:\/\/noticiasbahia360.com.br\/wp-content\/uploads\/2026\/04\/Sanju-de-coracao-de-maria-768x512.webp",640,427,true],"large":["https:\/\/noticiasbahia360.com.br\/wp-content\/uploads\/2026\/04\/Sanju-de-coracao-de-maria-1024x683.webp",640,427,true],"1536x1536":["https:\/\/noticiasbahia360.com.br\/wp-content\/uploads\/2026\/04\/Sanju-de-coracao-de-maria.webp",1200,800,false],"2048x2048":["https:\/\/noticiasbahia360.com.br\/wp-content\/uploads\/2026\/04\/Sanju-de-coracao-de-maria.webp",1200,800,false],"chromenews-featured":["https:\/\/noticiasbahia360.com.br\/wp-content\/uploads\/2026\/04\/Sanju-de-coracao-de-maria-1024x683.webp",1024,683,true],"chromenews-large":["https:\/\/noticiasbahia360.com.br\/wp-content\/uploads\/2026\/04\/Sanju-de-coracao-de-maria-825x575.webp",825,575,true],"chromenews-medium":["https:\/\/noticiasbahia360.com.br\/wp-content\/uploads\/2026\/04\/Sanju-de-coracao-de-maria-590x410.webp",590,410,true]},"author_info":{"display_name":"noticiasbahia360.com.br","author_link":"https:\/\/noticiasbahia360.com.br\/?author=1"},"category_info":"<a href=\"https:\/\/noticiasbahia360.com.br\/?cat=8\" rel=\"category\">Bahia<\/a> <a href=\"https:\/\/noticiasbahia360.com.br\/?cat=9\" rel=\"category\">Brasil<\/a> <a href=\"https:\/\/noticiasbahia360.com.br\/?cat=6\" rel=\"category\">Feira de Santana<\/a> <a href=\"https:\/\/noticiasbahia360.com.br\/?cat=57\" rel=\"category\">Mundo<\/a> <a href=\"https:\/\/noticiasbahia360.com.br\/?cat=56\" rel=\"category\">Pol\u00edcia<\/a> <a href=\"https:\/\/noticiasbahia360.com.br\/?cat=10\" rel=\"category\">Pol\u00edtica<\/a>","tag_info":"Pol\u00edtica","comment_count":"0","_links":{"self":[{"href":"https:\/\/noticiasbahia360.com.br\/index.php?rest_route=\/wp\/v2\/posts\/128927","targetHints":{"allow":["GET"]}}],"collection":[{"href":"https:\/\/noticiasbahia360.com.br\/index.php?rest_route=\/wp\/v2\/posts"}],"about":[{"href":"https:\/\/noticiasbahia360.com.br\/index.php?rest_route=\/wp\/v2\/types\/post"}],"author":[{"embeddable":true,"href":"https:\/\/noticiasbahia360.com.br\/index.php?rest_route=\/wp\/v2\/users\/1"}],"replies":[{"embeddable":true,"href":"https:\/\/noticiasbahia360.com.br\/index.php?rest_route=%2Fwp%2Fv2%2Fcomments&post=128927"}],"version-history":[{"count":0,"href":"https:\/\/noticiasbahia360.com.br\/index.php?rest_route=\/wp\/v2\/posts\/128927\/revisions"}],"wp:featuredmedia":[{"embeddable":true,"href":"https:\/\/noticiasbahia360.com.br\/index.php?rest_route=\/wp\/v2\/media\/128928"}],"wp:attachment":[{"href":"https:\/\/noticiasbahia360.com.br\/index.php?rest_route=%2Fwp%2Fv2%2Fmedia&parent=128927"}],"wp:term":[{"taxonomy":"category","embeddable":true,"href":"https:\/\/noticiasbahia360.com.br\/index.php?rest_route=%2Fwp%2Fv2%2Fcategories&post=128927"},{"taxonomy":"post_tag","embeddable":true,"href":"https:\/\/noticiasbahia360.com.br\/index.php?rest_route=%2Fwp%2Fv2%2Ftags&post=128927"}],"curies":[{"name":"wp","href":"https:\/\/api.w.org\/{rel}","templated":true}]}} 