{"id":128931,"date":"2026-04-29T16:12:09","date_gmt":"2026-04-29T19:12:09","guid":{"rendered":"https:\/\/noticiasbahia360.com.br\/?p=128931"},"modified":"2026-04-29T16:12:09","modified_gmt":"2026-04-29T19:12:09","slug":"mais-de-1-milhao-de-familias-baianas-ainda-nao-recebem-gratuidade-na-conta-de-luz-saiba-como-aderir","status":"publish","type":"post","link":"https:\/\/noticiasbahia360.com.br\/?p=128931","title":{"rendered":"Mais de 1 milh\u00e3o de fam\u00edlias baianas ainda n\u00e3o recebem gratuidade na conta de luz; saiba como aderir"},"content":{"rendered":"<div>\n<div>\n<figure><img decoding=\"async\" src=\"http:\/\/noticiasbahia360.com.br\/wp-content\/uploads\/2026\/04\/Conta-de-luz-coelba.webp\" alt=\"Mais de 1 milh\u00e3o de fam\u00edlias baianas ainda n\u00e3o recebem gratuidade na conta de luz; saiba como aderir - Tarifa Social\"><figcaption>Foto: Divulga\u00e7\u00e3o\/Neoenergia Coelba<\/figcaption><\/figure>\n<\/div>\n<p>Mais de um milh\u00e3o de fam\u00edlias baianas deixam de receber gratuidade no consumo de energia por n\u00e3o estarem inscritas na <a href=\"https:\/\/www.acordacidade.com.br\/tag\/tarifa-social\/\" type=\"post_tag\" id=\"129747\">Tarifa Social de Energia El\u00e9trica.<\/a> O levantamento foi realizado pela distribuidora com base em dados fornecidos pelo Minist\u00e9rio da Cidadania e pela Ag\u00eancia Nacional de Energia El\u00e9trica (Aneel).<\/p>\n<p>Salvador \u00e9 a cidade com maior n\u00famero de fam\u00edlias aptas ao desconto: 182 mil. Esse n\u00famero representa mais que o dobro dos clientes que j\u00e1 recebem o benef\u00edcio atualmente, cerca de 86 mil. Feira de Santana \u00e9 a segunda cidade com mais benefici\u00e1rios potenciais (33 mil), seguida por Cama\u00e7ari (22 mil).<\/p>\n<p>Atualmente, a Neoenergia Coelba possui 1,8 milh\u00e3o de fam\u00edlias cadastradas na Tarifa Social. Ciente de que se trata de um direito dos consumidores, a concession\u00e1ria realiza mensalmente o cadastro proativo de fam\u00edlias. Os requisitos para a Tarifa Social n\u00e3o se restringem ao titular da conta de energia \u2014 valem para todos os moradores da resid\u00eancia. Quando o benefici\u00e1rio do programa social n\u00e3o \u00e9 o titular da fatura (como nos casos de aluguel ou resid\u00eancia cedida), \u00e9 necess\u00e1rio que o cliente entre em contato com a distribuidora e informe a situa\u00e7\u00e3o. Importante: o cliente cadastrado no programa n\u00e3o perde nenhum outro benef\u00edcio do governo federal.<\/p>\n<p><strong>Quem tem direito \u00e0 Tarifa Social<\/strong><\/p>\n<p>T\u00eam direito \u00e0 Tarifa Social as fam\u00edlias inscritas no Cad\u00danico e que possuam o N\u00famero de Identifica\u00e7\u00e3o Social (NIS) ou o N\u00famero do Benef\u00edcio (NB), com renda per capita de at\u00e9 meio sal\u00e1rio-m\u00ednimo, incluindo ind\u00edgenas e quilombolas; as fam\u00edlias de baixa renda que tenham idoso ou pessoa com defici\u00eancia que receba o Benef\u00edcio de Presta\u00e7\u00e3o Continuada da Assist\u00eancia Social (BPC); e aquelas cadastradas no Cad\u00danico com renda mensal de at\u00e9 tr\u00eas sal\u00e1rios-m\u00ednimos, que possuam algum membro com doen\u00e7a ou condi\u00e7\u00e3o de sa\u00fade que exija o uso cont\u00ednuo de aparelhos el\u00e9tricos essenciais \u00e0 vida.<\/p>\n<p><strong>Gratuidade no consumo de at\u00e9 80 kWh<\/strong><\/p>\n<p>A Tarifa Social garante 100% de desconto nos primeiros 80 kWh\/m\u00eas consumidos por fam\u00edlias classificadas como baixa renda. Se o consumo ultrapassar 80 kWh, o valor excedente \u00e9 cobrado normalmente. Por exemplo, uma fam\u00edlia que consome 100 kWh\/m\u00eas pagar\u00e1 apenas pelos 20 kWh adicionais.<\/p>\n<p>A inscri\u00e7\u00e3o na Tarifa Social \u00e9 simples e gratuita. O cliente pode fazer a solicita\u00e7\u00e3o pelos seguintes canais:<\/p>\n<ul class=\"wp-block-list\">\n<li>WhatsApp: (71) 3370-6350<\/li>\n<li>Site: www.neoenergia.com\/bahia\u2060<\/li>\n<li>Lojas de atendimento presencial<\/li>\n<\/ul>\n<p>\u00c9 necess\u00e1rio informar o n\u00famero do NIS ou NB. N\u00e3o h\u00e1 prazo limite para o pedido \u2014 o consumidor pode se cadastrar a qualquer momento, desde que atenda aos crit\u00e9rios exigidos e apresente a documenta\u00e7\u00e3o necess\u00e1ria.<\/p>\n<p><em>Siga o Acorda Cidade no\u00a0<\/em><a href=\"https:\/\/news.google.com\/search?q=acorda%20cidade&amp;hl=pt-BR&amp;gl=BR&amp;ceid=BR%3Apt-419\"><strong><em>Google Not\u00edcias<\/em><\/strong><\/a><em>\u00a0e receba os principais destaques do dia. Participe tamb\u00e9m dos nossos canais no\u00a0<\/em><a href=\"https:\/\/www.whatsapp.com\/channel\/0029Va6Rb4v3WHTNnsh8WI3N\"><strong><em>WhatsApp<\/em><\/strong><\/a><em>\u00a0e\u00a0<\/em><a href=\"https:\/\/www.youtube.com\/@acordacidadenoticias\/videos\"><strong>YouTube<\/strong><\/a><em>\u00a0e grupo de\u00a0<\/em><a href=\"https:\/\/t.me\/+sSz0khrgARA0ZmRh\"><strong><em>Telegram<\/em><\/strong><\/a><em>.<\/em><\/p>\n<\/div>\n","protected":false},"excerpt":{"rendered":"<div>\n<div>\n<figure><img decoding=\"async\" src=\"https:\/\/uploads.acordacidade.com.br\/2026\/04\/Conta-de-luz-coelba.webp\" alt=\"Mais de 1 milh\u00e3o de fam\u00edlias baianas ainda n\u00e3o recebem gratuidade na conta de luz; saiba como aderir - Tarifa Social\"><figcaption>Foto: Divulga\u00e7\u00e3o\/Neoenergia Coelba<\/figcaption><\/figure>\n<\/div>\n<p>A inscri\u00e7\u00e3o na Tarifa Social \u00e9 simples e gratuita. O cliente pode fazer a solicita\u00e7\u00e3o por alguns canais dispon\u00edveis. Veja na mat\u00e9ria.<\/p><\/div>\n","protected":false},"author":1,"featured_media":128932,"comment_status":"closed","ping_status":"closed","sticky":false,"template":"","format":"gallery","meta":{"footnotes":""},"categories":[8,9,6,57,56,10],"tags":[],"class_list":["post-128931","post","type-post","status-publish","format-gallery","has-post-thumbnail","hentry","category-bahia","category-brasil","category-feira-de-santana","category-mundo","category-policia","category-politica","post_format-post-format-gallery"],"featured_image_urls":{"full":["https:\/\/noticiasbahia360.com.br\/wp-content\/uploads\/2026\/04\/Conta-de-luz-coelba.webp",1200,800,false],"thumbnail":["https:\/\/noticiasbahia360.com.br\/wp-content\/uploads\/2026\/04\/Conta-de-luz-coelba-150x150.webp",150,150,true],"medium":["https:\/\/noticiasbahia360.com.br\/wp-content\/uploads\/2026\/04\/Conta-de-luz-coelba-300x200.webp",300,200,true],"medium_large":["https:\/\/noticiasbahia360.com.br\/wp-content\/uploads\/2026\/04\/Conta-de-luz-coelba-768x512.webp",640,427,true],"large":["https:\/\/noticiasbahia360.com.br\/wp-content\/uploads\/2026\/04\/Conta-de-luz-coelba-1024x683.webp",640,427,true],"1536x1536":["https:\/\/noticiasbahia360.com.br\/wp-content\/uploads\/2026\/04\/Conta-de-luz-coelba.webp",1200,800,false],"2048x2048":["https:\/\/noticiasbahia360.com.br\/wp-content\/uploads\/2026\/04\/Conta-de-luz-coelba.webp",1200,800,false],"chromenews-featured":["https:\/\/noticiasbahia360.com.br\/wp-content\/uploads\/2026\/04\/Conta-de-luz-coelba-1024x683.webp",1024,683,true],"chromenews-large":["https:\/\/noticiasbahia360.com.br\/wp-content\/uploads\/2026\/04\/Conta-de-luz-coelba-825x575.webp",825,575,true],"chromenews-medium":["https:\/\/noticiasbahia360.com.br\/wp-content\/uploads\/2026\/04\/Conta-de-luz-coelba-590x410.webp",590,410,true]},"author_info":{"display_name":"noticiasbahia360.com.br","author_link":"https:\/\/noticiasbahia360.com.br\/?author=1"},"category_info":"<a href=\"https:\/\/noticiasbahia360.com.br\/?cat=8\" rel=\"category\">Bahia<\/a> <a href=\"https:\/\/noticiasbahia360.com.br\/?cat=9\" rel=\"category\">Brasil<\/a> <a href=\"https:\/\/noticiasbahia360.com.br\/?cat=6\" rel=\"category\">Feira de Santana<\/a> <a href=\"https:\/\/noticiasbahia360.com.br\/?cat=57\" rel=\"category\">Mundo<\/a> <a href=\"https:\/\/noticiasbahia360.com.br\/?cat=56\" rel=\"category\">Pol\u00edcia<\/a> <a href=\"https:\/\/noticiasbahia360.com.br\/?cat=10\" rel=\"category\">Pol\u00edtica<\/a>","tag_info":"Pol\u00edtica","comment_count":"0","_links":{"self":[{"href":"https:\/\/noticiasbahia360.com.br\/index.php?rest_route=\/wp\/v2\/posts\/128931","targetHints":{"allow":["GET"]}}],"collection":[{"href":"https:\/\/noticiasbahia360.com.br\/index.php?rest_route=\/wp\/v2\/posts"}],"about":[{"href":"https:\/\/noticiasbahia360.com.br\/index.php?rest_route=\/wp\/v2\/types\/post"}],"author":[{"embeddable":true,"href":"https:\/\/noticiasbahia360.com.br\/index.php?rest_route=\/wp\/v2\/users\/1"}],"replies":[{"embeddable":true,"href":"https:\/\/noticiasbahia360.com.br\/index.php?rest_route=%2Fwp%2Fv2%2Fcomments&post=128931"}],"version-history":[{"count":0,"href":"https:\/\/noticiasbahia360.com.br\/index.php?rest_route=\/wp\/v2\/posts\/128931\/revisions"}],"wp:featuredmedia":[{"embeddable":true,"href":"https:\/\/noticiasbahia360.com.br\/index.php?rest_route=\/wp\/v2\/media\/128932"}],"wp:attachment":[{"href":"https:\/\/noticiasbahia360.com.br\/index.php?rest_route=%2Fwp%2Fv2%2Fmedia&parent=128931"}],"wp:term":[{"taxonomy":"category","embeddable":true,"href":"https:\/\/noticiasbahia360.com.br\/index.php?rest_route=%2Fwp%2Fv2%2Fcategories&post=128931"},{"taxonomy":"post_tag","embeddable":true,"href":"https:\/\/noticiasbahia360.com.br\/index.php?rest_route=%2Fwp%2Fv2%2Ftags&post=128931"}],"curies":[{"name":"wp","href":"https:\/\/api.w.org\/{rel}","templated":true}]}}