{"id":128935,"date":"2026-04-29T16:35:54","date_gmt":"2026-04-29T19:35:54","guid":{"rendered":"https:\/\/noticiasbahia360.com.br\/?p=128935"},"modified":"2026-04-29T16:35:54","modified_gmt":"2026-04-29T19:35:54","slug":"boulevard-shopping-lanca-promocao-de-dia-das-maes-com-brinde-exclusivo-da-farm","status":"publish","type":"post","link":"https:\/\/noticiasbahia360.com.br\/?p=128935","title":{"rendered":"Boulevard Shopping lan\u00e7a promo\u00e7\u00e3o de Dia das M\u00e3es com brinde exclusivo da Farm"},"content":{"rendered":"<div>\n<div>\n<figure><img decoding=\"async\" src=\"http:\/\/noticiasbahia360.com.br\/wp-content\/uploads\/2026\/04\/Shopping-Boulevard-Foto-Divulgacao-Boulevard-Shopping-Feira-de-Santana-1.jpg\" alt=\"Shopping Boulevard\"><figcaption>Foto: Divulga\u00e7\u00e3o\/ Boulevard Shopping Feira de Santana<\/figcaption><\/figure>\n<\/div>\n<p>Em comemora\u00e7\u00e3o ao Dia das M\u00e3es, o Boulevard Shopping Feira de Santana lan\u00e7a uma campanha especial para encantar as fam\u00edlias e os consumidores que buscam um item exclusivo para celebrar a data. Entre os dias 28 de abril e 10 de maio, ou enquanto durarem os estoques, a cada R$ 600 em compras nas lojas participantes, o cliente ganha uma sacola \u201cMe Leva\u201d, da Farm ETC, um item exclusivo que n\u00e3o ser\u00e1 comercializado nas lojas da marca.<\/p>\n<p>Para participar, \u00e9 necess\u00e1rio cadastrar as notas fiscais no site oficial do shopping ou diretamente no posto de trocas, localizado em frente \u00e0 loja Levi\u2019s. Ap\u00f3s a valida\u00e7\u00e3o dos comprovantes, o cliente poder\u00e1 retirar o brinde presencialmente. O brinde \u00e9 limitado a uma unidade por CPF.<\/p>\n<p>Para o gerente de marketing do shopping, Andr\u00e9 Serra, a campanha refor\u00e7a o cuidado com a experi\u00eancia do cliente: \u201cQuer\u00edamos um brinde que traduzisse afeto e exclusividade, trazendo mais significado para as compras de Dia das M\u00e3es, que \u00e9 uma data t\u00e3o afetiva\u201d, pontua.<\/p>\n<h2 class=\"wp-block-heading\" id=\"h-horario-especial-de-funcionamento\">Hor\u00e1rio especial de funcionamento<\/h2>\n<p>Pensando em uma melhor comodidade para os clientes realizarem as compras para presentear as mam\u00e3es, o Boulevard Shopping funcionar\u00e1 em hor\u00e1rio especial durante o per\u00edodo.<\/p>\n<p><strong>Na sexta-feira (08\/05) e no s\u00e1bado (09\/05), as lojas, quiosques e pra\u00e7a de alimenta\u00e7\u00e3o estar\u00e3o abertos das 09h \u00e0s 23h. No domingo (10\/05), quando \u00e9 celebrado o Dia das M\u00e3es, o shopping tamb\u00e9m estende o seu hor\u00e1rio com as lojas, quiosques e pra\u00e7a de alimenta\u00e7\u00e3o funcionando das 10h \u00e0s 21h.<\/strong><\/p>\n<p><em>Siga o Acorda Cidade no\u00a0<\/em><a href=\"https:\/\/news.google.com\/search?q=acorda%20cidade&amp;hl=pt-BR&amp;gl=BR&amp;ceid=BR%3Apt-419\"><strong><em>Google Not\u00edcias<\/em><\/strong><\/a><em>\u00a0e receba os principais destaques do dia. Participe tamb\u00e9m dos nossos canais no\u00a0<\/em><a href=\"https:\/\/www.whatsapp.com\/channel\/0029Va6Rb4v3WHTNnsh8WI3N\"><strong><em>WhatsApp<\/em><\/strong><\/a><em>\u00a0e\u00a0<\/em><a href=\"https:\/\/www.youtube.com\/@acordacidadenoticias\/videos\"><strong>YouTube<\/strong><\/a><em>\u00a0e grupo de\u00a0<\/em><a href=\"https:\/\/t.me\/+sSz0khrgARA0ZmRh\"><strong><em>Telegram<\/em><\/strong><\/a><em>.<\/em><\/p>\n<\/div>\n","protected":false},"excerpt":{"rendered":"<div>\n<div>\n<figure><img decoding=\"async\" src=\"https:\/\/uploads.acordacidade.com.br\/2026\/04\/Shopping-Boulevard-Foto-Divulgacao-Boulevard-Shopping-Feira-de-Santana.jpg\" alt=\"Shopping Boulevard\"><figcaption>Foto: Divulga\u00e7\u00e3o\/ Boulevard Shopping Feira de Santana<\/figcaption><\/figure>\n<\/div>\n<p>O  Boulevard Shopping funcionar\u00e1 em hor\u00e1rio especial durante o per\u00edodo do Dia das M\u00e3es; confira<\/p><\/div>\n","protected":false},"author":1,"featured_media":128936,"comment_status":"closed","ping_status":"closed","sticky":false,"template":"","format":"gallery","meta":{"footnotes":""},"categories":[8,9,6,57,56,10],"tags":[],"class_list":["post-128935","post","type-post","status-publish","format-gallery","has-post-thumbnail","hentry","category-bahia","category-brasil","category-feira-de-santana","category-mundo","category-policia","category-politica","post_format-post-format-gallery"],"featured_image_urls":{"full":["https:\/\/noticiasbahia360.com.br\/wp-content\/uploads\/2026\/04\/Shopping-Boulevard-Foto-Divulgacao-Boulevard-Shopping-Feira-de-Santana-1.jpg",1200,800,false],"thumbnail":["https:\/\/noticiasbahia360.com.br\/wp-content\/uploads\/2026\/04\/Shopping-Boulevard-Foto-Divulgacao-Boulevard-Shopping-Feira-de-Santana-1-150x150.jpg",150,150,true],"medium":["https:\/\/noticiasbahia360.com.br\/wp-content\/uploads\/2026\/04\/Shopping-Boulevard-Foto-Divulgacao-Boulevard-Shopping-Feira-de-Santana-1-300x200.jpg",300,200,true],"medium_large":["https:\/\/noticiasbahia360.com.br\/wp-content\/uploads\/2026\/04\/Shopping-Boulevard-Foto-Divulgacao-Boulevard-Shopping-Feira-de-Santana-1-768x512.jpg",640,427,true],"large":["https:\/\/noticiasbahia360.com.br\/wp-content\/uploads\/2026\/04\/Shopping-Boulevard-Foto-Divulgacao-Boulevard-Shopping-Feira-de-Santana-1-1024x683.jpg",640,427,true],"1536x1536":["https:\/\/noticiasbahia360.com.br\/wp-content\/uploads\/2026\/04\/Shopping-Boulevard-Foto-Divulgacao-Boulevard-Shopping-Feira-de-Santana-1.jpg",1200,800,false],"2048x2048":["https:\/\/noticiasbahia360.com.br\/wp-content\/uploads\/2026\/04\/Shopping-Boulevard-Foto-Divulgacao-Boulevard-Shopping-Feira-de-Santana-1.jpg",1200,800,false],"chromenews-featured":["https:\/\/noticiasbahia360.com.br\/wp-content\/uploads\/2026\/04\/Shopping-Boulevard-Foto-Divulgacao-Boulevard-Shopping-Feira-de-Santana-1-1024x683.jpg",1024,683,true],"chromenews-large":["https:\/\/noticiasbahia360.com.br\/wp-content\/uploads\/2026\/04\/Shopping-Boulevard-Foto-Divulgacao-Boulevard-Shopping-Feira-de-Santana-1-825x575.jpg",825,575,true],"chromenews-medium":["https:\/\/noticiasbahia360.com.br\/wp-content\/uploads\/2026\/04\/Shopping-Boulevard-Foto-Divulgacao-Boulevard-Shopping-Feira-de-Santana-1-590x410.jpg",590,410,true]},"author_info":{"display_name":"noticiasbahia360.com.br","author_link":"https:\/\/noticiasbahia360.com.br\/?author=1"},"category_info":"<a href=\"https:\/\/noticiasbahia360.com.br\/?cat=8\" rel=\"category\">Bahia<\/a> <a href=\"https:\/\/noticiasbahia360.com.br\/?cat=9\" rel=\"category\">Brasil<\/a> <a href=\"https:\/\/noticiasbahia360.com.br\/?cat=6\" rel=\"category\">Feira de Santana<\/a> <a href=\"https:\/\/noticiasbahia360.com.br\/?cat=57\" rel=\"category\">Mundo<\/a> <a href=\"https:\/\/noticiasbahia360.com.br\/?cat=56\" rel=\"category\">Pol\u00edcia<\/a> <a href=\"https:\/\/noticiasbahia360.com.br\/?cat=10\" rel=\"category\">Pol\u00edtica<\/a>","tag_info":"Pol\u00edtica","comment_count":"0","_links":{"self":[{"href":"https:\/\/noticiasbahia360.com.br\/index.php?rest_route=\/wp\/v2\/posts\/128935","targetHints":{"allow":["GET"]}}],"collection":[{"href":"https:\/\/noticiasbahia360.com.br\/index.php?rest_route=\/wp\/v2\/posts"}],"about":[{"href":"https:\/\/noticiasbahia360.com.br\/index.php?rest_route=\/wp\/v2\/types\/post"}],"author":[{"embeddable":true,"href":"https:\/\/noticiasbahia360.com.br\/index.php?rest_route=\/wp\/v2\/users\/1"}],"replies":[{"embeddable":true,"href":"https:\/\/noticiasbahia360.com.br\/index.php?rest_route=%2Fwp%2Fv2%2Fcomments&post=128935"}],"version-history":[{"count":0,"href":"https:\/\/noticiasbahia360.com.br\/index.php?rest_route=\/wp\/v2\/posts\/128935\/revisions"}],"wp:featuredmedia":[{"embeddable":true,"href":"https:\/\/noticiasbahia360.com.br\/index.php?rest_route=\/wp\/v2\/media\/128936"}],"wp:attachment":[{"href":"https:\/\/noticiasbahia360.com.br\/index.php?rest_route=%2Fwp%2Fv2%2Fmedia&parent=128935"}],"wp:term":[{"taxonomy":"category","embeddable":true,"href":"https:\/\/noticiasbahia360.com.br\/index.php?rest_route=%2Fwp%2Fv2%2Fcategories&post=128935"},{"taxonomy":"post_tag","embeddable":true,"href":"https:\/\/noticiasbahia360.com.br\/index.php?rest_route=%2Fwp%2Fv2%2Ftags&post=128935"}],"curies":[{"name":"wp","href":"https:\/\/api.w.org\/{rel}","templated":true}]}}