{"id":128937,"date":"2026-04-29T16:53:02","date_gmt":"2026-04-29T19:53:02","guid":{"rendered":"https:\/\/noticiasbahia360.com.br\/?p=128937"},"modified":"2026-04-29T16:53:02","modified_gmt":"2026-04-29T19:53:02","slug":"fim-da-escala-6x1-e-principal-bandeira-nos-atos-do-1-de-maio-no-pais","status":"publish","type":"post","link":"https:\/\/noticiasbahia360.com.br\/?p=128937","title":{"rendered":"Fim da escala 6\u00d71 \u00e9 principal bandeira nos atos do 1\u00b0 de Maio no pa\u00eds"},"content":{"rendered":"<div>\n<div>\n<figure><img decoding=\"async\" src=\"http:\/\/noticiasbahia360.com.br\/wp-content\/uploads\/2026\/04\/Manifestacao-pelo-fim-da-escala-6x1-ag-brasil.webp\" alt=\"Escala 6x1\"><figcaption>Foto: T\u00e2nia R\u00eago\/Ag\u00eancia Brasil <\/figcaption><\/figure>\n<\/div>\n<p>Ag\u00eancia Brasil \u2013 O fim da escala 6\u00d71 \u00e9 a principal bandeira a ser defendida pelas centrais sindicais nos atos descentralizados realizados em todo o pa\u00eds no 1\u00ba de maio, sexta-feira, data comemorativa do Dia do Trabalhador. A medida \u00e9 vista como essencial para garantir qualidade de vida e equil\u00edbrio entre trabalho e vida pessoal.<\/p>\n<p>Atualmente, v\u00e1rias propostas pelo fim da escala 6\u00d71 est\u00e3o em tramita\u00e7\u00e3o no Congresso Nacional. O <a href=\"https:\/\/www.acordacidade.com.br\/tag\/lula\/\" type=\"post_tag\" id=\"33984\">presidente Luiz In\u00e1cio Lula da Silva<\/a>, inclusive, enviou para a Casa Legislativa um projeto de lei (PL) com urg\u00eancia constitucional para acabar com a escala 6\u00d71 e reduzir a jornada de 44 para 40 horas semanais.<\/p>\n<h2 class=\"wp-block-heading\" id=\"h-atos-em-sao-paulo\">Atos em S\u00e3o Paulo<\/h2>\n<p>Na capital paulista, sem poder reunir os trabalhadores na Avenida Paulista devido a outras manifesta\u00e7\u00f5es marcadas previamente no local, as centrais ocupar\u00e3o outros espa\u00e7os de relev\u00e2ncia.<\/p>\n<p>A CUT (Central \u00danica dos Trabalhadores) come\u00e7a sua programa\u00e7\u00e3o com a\u00e7\u00f5es pol\u00edticas, culturais e de presta\u00e7\u00e3o de servi\u00e7os, \u00e0s 14h, no Pa\u00e7o Municipal de S\u00e3o Bernardo, com o lema \u201cNossa luta transforma vidas\u201d.<\/p>\n<p>O objetivo \u00e9 ampliar o di\u00e1logo com a popula\u00e7\u00e3o e fortalecer a organiza\u00e7\u00e3o da classe trabalhadora nos territ\u00f3rios. Nas subsedes, as atividades ser\u00e3o organizadas em parceria com sindicatos locais da grande S\u00e3o Paulo, interior e litoral. A proposta \u00e9 levar para bairros e munic\u00edpios iniciativas que combinem cidadania, cultura e mobiliza\u00e7\u00e3o social.<\/p>\n<p>Entre as pautas consideradas urgentes pela CUT neste 1\u00ba de Maio tamb\u00e9m est\u00e3o a redu\u00e7\u00e3o da jornada de trabalho sem redu\u00e7\u00e3o salarial, o combate ao feminic\u00eddio, o enfrentamento \u00e0 pejotiza\u00e7\u00e3o, fortalecimento das negocia\u00e7\u00f5es coletivas como instrumento fundamental para garantir avan\u00e7os concretos nas condi\u00e7\u00f5es de trabalho, a garantia de direitos para os servidores p\u00fablicos.<\/p>\n<p>Tamb\u00e9m integram a agenda a luta contra a reforma administrativa e a resist\u00eancia \u00e0s privatiza\u00e7\u00f5es, entendidas como medidas que comprometem servi\u00e7os p\u00fablicos essenciais e aprofundam desigualdades.<\/p>\n<p>Na programa\u00e7\u00e3o cultural est\u00e3o confirmados artistas como Gloria Groove, MC IG, Filho do Piseiro, Grupo Intimistas, Grupo Entre Elas, Marquinhos Sensa\u00e7\u00e3o, Grupo SP5, Grupo Raz\u00e3o, Don Ernesto, Samba de Luz, Samba e Amigos, Alex Rocha, Gordinho da Pisada, Kadu do Piseiro e Hyaguinho Vaqueiro.<\/p>\n<p>A Central dos Trabalhadores e Trabalhadoras do Brasil (CTB) far\u00e1 sua concentra\u00e7\u00e3o na Pra\u00e7a Franklin Roosevelt, a partir das 9h. \u201cO 1\u00ba de Maio deste ano vai al\u00e9m de uma celebra\u00e7\u00e3o simb\u00f3lica e se coloca como um espa\u00e7o de press\u00e3o social por mudan\u00e7as concretas. Entre os temas que devem ganhar destaque est\u00e3o o combate \u00e0 precariza\u00e7\u00e3o do trabalho, a necessidade de pol\u00edticas p\u00fablicas que fortale\u00e7am a economia e a defesa de direitos b\u00e1sicos que garantam dignidade \u00e0 popula\u00e7\u00e3o trabalhadora\u201d, diz a CTB.<\/p>\n<p>A Uni\u00e3o Geral dos Trabalhadores (UGT) far\u00e1 na sexta-feira, dia 1\u00ba, o lan\u00e7amento da 12\u00aa edi\u00e7\u00e3o da Expo Paulista, em comemora\u00e7\u00e3o ao Dia do Trabalhador, na Avenida Paulista. A exposi\u00e7\u00e3o ter\u00e1 30 pain\u00e9is com o tema \u201cIsto \u00c9 Conquista: Lutas e Vit\u00f3rias do Trabalhador Brasileiro\u201d, criados pelo estilista mineiro Ronaldo Fraga.<\/p>\n<p>Considerada a maior exposi\u00e7\u00e3o a c\u00e9u aberto da Am\u00e9rica Latina, ela ter\u00e1 seus pain\u00e9is expostos at\u00e9 31 de maio, com a expectativa de ser vista por 1,5 milh\u00e3o de pessoas por dia.<\/p>\n<p>\u201cA exposi\u00e7\u00e3o prop\u00f5e uma reflex\u00e3o visual sobre o universo do trabalho, suas transforma\u00e7\u00f5es e desafios que contam a hist\u00f3ria do trabalhador brasileiro\u201d. A cerim\u00f4nia ser\u00e1 realizada \u00e0s 9h, no Blue Note, localizado no Conjunto Nacional, na Avenida Paulista 2073.<\/p>\n<p>J\u00e1 a Central dos Sindicatos Brasileiros (CSB) realizar\u00e1 seus atos em diversas cidades do estado de S\u00e3o Paulo, como Ara\u00e7atuba, Itatiba, Ribeir\u00e3o Preto e Osasco.<\/p>\n<p>\u201cA nova determina\u00e7\u00e3o possibilita que os sindicatos, federa\u00e7\u00f5es e confedera\u00e7\u00f5es realizem eventos em seus bairros e regi\u00f5es de atua\u00e7\u00e3o. E permite mais visibilidade \u00e0s reivindica\u00e7\u00f5es dos movimentos e contato direto com trabalhadores, ampliando a mobiliza\u00e7\u00e3o das bases\u201d, explica a central.<\/p>\n<p><em>Siga o Acorda Cidade no\u00a0<\/em><a href=\"https:\/\/news.google.com\/search?q=acorda%20cidade&amp;hl=pt-BR&amp;gl=BR&amp;ceid=BR%3Apt-419\"><strong><em>Google Not\u00edcias<\/em><\/strong><\/a><em>\u00a0e receba os principais destaques do dia. Participe tamb\u00e9m dos nossos canais no\u00a0<\/em><a href=\"https:\/\/www.whatsapp.com\/channel\/0029Va6Rb4v3WHTNnsh8WI3N\"><strong><em>WhatsApp<\/em><\/strong><\/a><em>\u00a0e\u00a0<\/em><a href=\"https:\/\/www.youtube.com\/@acordacidadenoticias\/videos\"><strong>YouTube<\/strong><\/a><em>\u00a0e grupo de\u00a0<\/em><a href=\"https:\/\/t.me\/+sSz0khrgARA0ZmRh\"><strong><em>Telegram<\/em><\/strong><\/a><em>.<\/em><\/p>\n<\/div>\n","protected":false},"excerpt":{"rendered":"<div>\n<div>\n<figure><img decoding=\"async\" src=\"https:\/\/www.acordacidade.com.br\/wp-content\/uploads\/2025\/07\/Manifestacao-pelo-fim-da-escala-6x1-ag-brasil.webp\" alt=\"Escala 6x1\"><figcaption>Foto: T\u00e2nia R\u00eago\/Ag\u00eancia Brasil <\/figcaption><\/figure>\n<\/div>\n<p>Atualmente, v\u00e1rias propostas pelo fim da escala 6&#215;1 est\u00e3o em tramita\u00e7\u00e3o no Congresso Nacional.<\/p><\/div>\n","protected":false},"author":1,"featured_media":128938,"comment_status":"closed","ping_status":"closed","sticky":false,"template":"","format":"gallery","meta":{"footnotes":""},"categories":[8,9,6,57,56,10],"tags":[],"class_list":["post-128937","post","type-post","status-publish","format-gallery","has-post-thumbnail","hentry","category-bahia","category-brasil","category-feira-de-santana","category-mundo","category-policia","category-politica","post_format-post-format-gallery"],"featured_image_urls":{"full":["https:\/\/noticiasbahia360.com.br\/wp-content\/uploads\/2026\/04\/Manifestacao-pelo-fim-da-escala-6x1-ag-brasil.webp",1200,718,false],"thumbnail":["https:\/\/noticiasbahia360.com.br\/wp-content\/uploads\/2026\/04\/Manifestacao-pelo-fim-da-escala-6x1-ag-brasil-150x150.webp",150,150,true],"medium":["https:\/\/noticiasbahia360.com.br\/wp-content\/uploads\/2026\/04\/Manifestacao-pelo-fim-da-escala-6x1-ag-brasil-300x180.webp",300,180,true],"medium_large":["https:\/\/noticiasbahia360.com.br\/wp-content\/uploads\/2026\/04\/Manifestacao-pelo-fim-da-escala-6x1-ag-brasil-768x460.webp",640,383,true],"large":["https:\/\/noticiasbahia360.com.br\/wp-content\/uploads\/2026\/04\/Manifestacao-pelo-fim-da-escala-6x1-ag-brasil-1024x613.webp",640,383,true],"1536x1536":["https:\/\/noticiasbahia360.com.br\/wp-content\/uploads\/2026\/04\/Manifestacao-pelo-fim-da-escala-6x1-ag-brasil.webp",1200,718,false],"2048x2048":["https:\/\/noticiasbahia360.com.br\/wp-content\/uploads\/2026\/04\/Manifestacao-pelo-fim-da-escala-6x1-ag-brasil.webp",1200,718,false],"chromenews-featured":["https:\/\/noticiasbahia360.com.br\/wp-content\/uploads\/2026\/04\/Manifestacao-pelo-fim-da-escala-6x1-ag-brasil-1024x613.webp",1024,613,true],"chromenews-large":["https:\/\/noticiasbahia360.com.br\/wp-content\/uploads\/2026\/04\/Manifestacao-pelo-fim-da-escala-6x1-ag-brasil-825x575.webp",825,575,true],"chromenews-medium":["https:\/\/noticiasbahia360.com.br\/wp-content\/uploads\/2026\/04\/Manifestacao-pelo-fim-da-escala-6x1-ag-brasil-590x410.webp",590,410,true]},"author_info":{"display_name":"noticiasbahia360.com.br","author_link":"https:\/\/noticiasbahia360.com.br\/?author=1"},"category_info":"<a href=\"https:\/\/noticiasbahia360.com.br\/?cat=8\" rel=\"category\">Bahia<\/a> <a href=\"https:\/\/noticiasbahia360.com.br\/?cat=9\" rel=\"category\">Brasil<\/a> <a href=\"https:\/\/noticiasbahia360.com.br\/?cat=6\" rel=\"category\">Feira de Santana<\/a> <a href=\"https:\/\/noticiasbahia360.com.br\/?cat=57\" rel=\"category\">Mundo<\/a> <a href=\"https:\/\/noticiasbahia360.com.br\/?cat=56\" rel=\"category\">Pol\u00edcia<\/a> <a href=\"https:\/\/noticiasbahia360.com.br\/?cat=10\" rel=\"category\">Pol\u00edtica<\/a>","tag_info":"Pol\u00edtica","comment_count":"0","_links":{"self":[{"href":"https:\/\/noticiasbahia360.com.br\/index.php?rest_route=\/wp\/v2\/posts\/128937","targetHints":{"allow":["GET"]}}],"collection":[{"href":"https:\/\/noticiasbahia360.com.br\/index.php?rest_route=\/wp\/v2\/posts"}],"about":[{"href":"https:\/\/noticiasbahia360.com.br\/index.php?rest_route=\/wp\/v2\/types\/post"}],"author":[{"embeddable":true,"href":"https:\/\/noticiasbahia360.com.br\/index.php?rest_route=\/wp\/v2\/users\/1"}],"replies":[{"embeddable":true,"href":"https:\/\/noticiasbahia360.com.br\/index.php?rest_route=%2Fwp%2Fv2%2Fcomments&post=128937"}],"version-history":[{"count":0,"href":"https:\/\/noticiasbahia360.com.br\/index.php?rest_route=\/wp\/v2\/posts\/128937\/revisions"}],"wp:featuredmedia":[{"embeddable":true,"href":"https:\/\/noticiasbahia360.com.br\/index.php?rest_route=\/wp\/v2\/media\/128938"}],"wp:attachment":[{"href":"https:\/\/noticiasbahia360.com.br\/index.php?rest_route=%2Fwp%2Fv2%2Fmedia&parent=128937"}],"wp:term":[{"taxonomy":"category","embeddable":true,"href":"https:\/\/noticiasbahia360.com.br\/index.php?rest_route=%2Fwp%2Fv2%2Fcategories&post=128937"},{"taxonomy":"post_tag","embeddable":true,"href":"https:\/\/noticiasbahia360.com.br\/index.php?rest_route=%2Fwp%2Fv2%2Ftags&post=128937"}],"curies":[{"name":"wp","href":"https:\/\/api.w.org\/{rel}","templated":true}]}}