{"id":128939,"date":"2026-04-29T17:31:24","date_gmt":"2026-04-29T20:31:24","guid":{"rendered":"https:\/\/noticiasbahia360.com.br\/?p=128939"},"modified":"2026-04-29T17:31:24","modified_gmt":"2026-04-29T20:31:24","slug":"raca-negra-solange-e-flavio-jose-sao-atracoes-do-sao-joao-de-feira-de-santana-confira-a-programacao","status":"publish","type":"post","link":"https:\/\/noticiasbahia360.com.br\/?p=128939","title":{"rendered":"Ra\u00e7a Negra, Solange e Fl\u00e1vio Jos\u00e9 s\u00e3o atra\u00e7\u00f5es do S\u00e3o Jo\u00e3o de Feira de Santana; confira a programa\u00e7\u00e3o"},"content":{"rendered":"<div>\n<div>\n<figure><img decoding=\"async\" src=\"http:\/\/noticiasbahia360.com.br\/wp-content\/uploads\/2026\/04\/Sao-joao-em-Feira.webp\" alt=\"S\u00e3o jo\u00e3o em Feira\"><figcaption>Foto: Reprodu\u00e7\u00e3o\/Redes Sociais <\/figcaption><\/figure>\n<\/div>\n<p>O prefeito de Feira de Santana, Jos\u00e9 Ronaldo, anunciou na tarde desta quarta-feira (29), as atra\u00e7\u00f5es que v\u00e3o animar os festejos juninos da regi\u00e3o. A divulga\u00e7\u00e3o aconteceu no estacionamento Pa\u00e7o Municipal Maria Quit\u00e9ria e contou com a participa\u00e7\u00e3o da imprensa, secret\u00e1rios, vereadores e agentes culturais.<\/p>\n<p>O Arrai\u00e1 de Feira acontece em diversos distritos da regi\u00e3o de 20 a 4 de julho. Confira os dias de cada distrito:<\/p>\n<p><strong>S\u00c3O JO\u00c3O \u2013 DISTRITO MARIA QUIT\u00c9RIA<\/strong><br \/>20 a 23 de junho<br \/>20 de junho<\/p>\n<p>Ra\u00ed Saia Rodada<br \/>Caviar com Rapadura<\/p>\n<p>21 de junho<br \/>Paula Fernandes<br \/>Filho do Diseiro<\/p>\n<p>22 de junho<br \/>Alceu Valen\u00e7a<br \/>Forroz\u00e3o das Antigas<\/p>\n<p>23 de junho<\/p>\n<p>Lim\u00e3o com Mel<br \/>Caninana<\/p>\n<p><strong>S\u00c3O JO\u00c3O \u2013 DISTRITO TIQUARU\u00c7U<\/strong><br \/>20 e 21 de junho<\/p>\n<p>20 de junho<br \/>Banda Lua Cheia<\/p>\n<p>21 de junho<br \/>Camila Menina Faceira<\/p>\n<p><strong>S\u00c3O JO\u00c3O \u2013 DISTRITO JAGUARA<\/strong><br \/>20 e 21 de junho<\/p>\n<p>20 de junho<br \/>Acaraj\u00e9 com Camar\u00e3o<\/p>\n<p>21 de junho<br \/>Filomena Bagaceira<\/p>\n<p><strong>S\u00c3O PEDRO \u2013 DISTRITO HUMILDES<\/strong><br \/>26 a 28 de junho<\/p>\n<p>26 de junho<br \/>Luan Estilizado<br \/>Mastruz com Leite<\/p>\n<p>27 de junho<br \/>Unha Pintada<br \/>Adeilm\u00e1rio Coelho<\/p>\n<p>28 de junho<br \/>Ra\u00e7a Negra<br \/>Buscap\u00e9<br \/>Arreio de Ouro<\/p>\n<p><strong>S\u00c3O PEDRO \u2013 BONFIM DE FEIRA<\/strong><br \/>27 e 28 de junho<\/p>\n<p>27 de junho<br \/>Fl\u00e1vio Jos\u00e9<br \/>Raio da Silibrina<\/p>\n<p>28 de junho<br \/>Tayrone<br \/>Colher de Pau<\/p>\n<p><strong>S\u00c3O PEDRO \u2013 DISTRITO DE JA\u00cdBA<\/strong><br \/>3 e 4 de junho<\/p>\n<p>3 de julho<br \/>Alcymar Monteiro<\/p>\n<p>4 de julho<br \/>Solange Almeida<\/p>\n<p><em>Com informa\u00e7\u00f5es do rep\u00f3rter Paulo Jos\u00e9, do Acorda Cidade<\/em><\/p>\n<p><em>Siga o Acorda Cidade no<\/em><a href=\"https:\/\/news.google.com\/search?q=acorda%20cidade&amp;hl=pt-BR&amp;gl=BR&amp;ceid=BR%3Apt-419\"><strong><em>\u00a0Google Not\u00edcias<\/em><\/strong><\/a><em>\u00a0e receba os principais destaques do dia. Participe tamb\u00e9m dos nossos canais no\u00a0<\/em><a href=\"https:\/\/www.whatsapp.com\/channel\/0029Va6Rb4v3WHTNnsh8WI3N\"><strong><em>WhatsApp<\/em><\/strong><\/a><em>\u00a0e\u00a0<\/em><a href=\"https:\/\/www.youtube.com\/@acordacidadenoticias\/videos\"><strong>YouTube<\/strong><\/a><em>\u00a0e grupo de\u00a0<\/em><a href=\"https:\/\/t.me\/+sSz0khrgARA0ZmRh\"><strong><em>Telegram<\/em><\/strong><\/a><em>.<\/em><\/p>\n<\/div>\n","protected":false},"excerpt":{"rendered":"<div>\n<div>\n<figure><img decoding=\"async\" src=\"https:\/\/uploads.acordacidade.com.br\/2026\/04\/Sao-joao-em-Feira.webp\" alt=\"S\u00e3o jo\u00e3o em Feira\"><figcaption>Foto: Reprodu\u00e7\u00e3o\/Redes Sociais <\/figcaption><\/figure>\n<\/div>\n<p>O Arrai\u00e1 de Feira acontece em diversos distritos da regi\u00e3o de 20 a 4 de julho. Confira os dias de cada distrito.<\/p><\/div>\n","protected":false},"author":1,"featured_media":128940,"comment_status":"closed","ping_status":"closed","sticky":false,"template":"","format":"gallery","meta":{"footnotes":""},"categories":[8,9,6,57,56,10],"tags":[],"class_list":["post-128939","post","type-post","status-publish","format-gallery","has-post-thumbnail","hentry","category-bahia","category-brasil","category-feira-de-santana","category-mundo","category-policia","category-politica","post_format-post-format-gallery"],"featured_image_urls":{"full":["https:\/\/noticiasbahia360.com.br\/wp-content\/uploads\/2026\/04\/Sao-joao-em-Feira.webp",1200,800,false],"thumbnail":["https:\/\/noticiasbahia360.com.br\/wp-content\/uploads\/2026\/04\/Sao-joao-em-Feira-150x150.webp",150,150,true],"medium":["https:\/\/noticiasbahia360.com.br\/wp-content\/uploads\/2026\/04\/Sao-joao-em-Feira-300x200.webp",300,200,true],"medium_large":["https:\/\/noticiasbahia360.com.br\/wp-content\/uploads\/2026\/04\/Sao-joao-em-Feira-768x512.webp",640,427,true],"large":["https:\/\/noticiasbahia360.com.br\/wp-content\/uploads\/2026\/04\/Sao-joao-em-Feira-1024x683.webp",640,427,true],"1536x1536":["https:\/\/noticiasbahia360.com.br\/wp-content\/uploads\/2026\/04\/Sao-joao-em-Feira.webp",1200,800,false],"2048x2048":["https:\/\/noticiasbahia360.com.br\/wp-content\/uploads\/2026\/04\/Sao-joao-em-Feira.webp",1200,800,false],"chromenews-featured":["https:\/\/noticiasbahia360.com.br\/wp-content\/uploads\/2026\/04\/Sao-joao-em-Feira-1024x683.webp",1024,683,true],"chromenews-large":["https:\/\/noticiasbahia360.com.br\/wp-content\/uploads\/2026\/04\/Sao-joao-em-Feira-825x575.webp",825,575,true],"chromenews-medium":["https:\/\/noticiasbahia360.com.br\/wp-content\/uploads\/2026\/04\/Sao-joao-em-Feira-590x410.webp",590,410,true]},"author_info":{"display_name":"noticiasbahia360.com.br","author_link":"https:\/\/noticiasbahia360.com.br\/?author=1"},"category_info":"<a href=\"https:\/\/noticiasbahia360.com.br\/?cat=8\" rel=\"category\">Bahia<\/a> <a href=\"https:\/\/noticiasbahia360.com.br\/?cat=9\" rel=\"category\">Brasil<\/a> <a href=\"https:\/\/noticiasbahia360.com.br\/?cat=6\" rel=\"category\">Feira de Santana<\/a> <a href=\"https:\/\/noticiasbahia360.com.br\/?cat=57\" rel=\"category\">Mundo<\/a> <a href=\"https:\/\/noticiasbahia360.com.br\/?cat=56\" rel=\"category\">Pol\u00edcia<\/a> <a href=\"https:\/\/noticiasbahia360.com.br\/?cat=10\" rel=\"category\">Pol\u00edtica<\/a>","tag_info":"Pol\u00edtica","comment_count":"0","_links":{"self":[{"href":"https:\/\/noticiasbahia360.com.br\/index.php?rest_route=\/wp\/v2\/posts\/128939","targetHints":{"allow":["GET"]}}],"collection":[{"href":"https:\/\/noticiasbahia360.com.br\/index.php?rest_route=\/wp\/v2\/posts"}],"about":[{"href":"https:\/\/noticiasbahia360.com.br\/index.php?rest_route=\/wp\/v2\/types\/post"}],"author":[{"embeddable":true,"href":"https:\/\/noticiasbahia360.com.br\/index.php?rest_route=\/wp\/v2\/users\/1"}],"replies":[{"embeddable":true,"href":"https:\/\/noticiasbahia360.com.br\/index.php?rest_route=%2Fwp%2Fv2%2Fcomments&post=128939"}],"version-history":[{"count":0,"href":"https:\/\/noticiasbahia360.com.br\/index.php?rest_route=\/wp\/v2\/posts\/128939\/revisions"}],"wp:featuredmedia":[{"embeddable":true,"href":"https:\/\/noticiasbahia360.com.br\/index.php?rest_route=\/wp\/v2\/media\/128940"}],"wp:attachment":[{"href":"https:\/\/noticiasbahia360.com.br\/index.php?rest_route=%2Fwp%2Fv2%2Fmedia&parent=128939"}],"wp:term":[{"taxonomy":"category","embeddable":true,"href":"https:\/\/noticiasbahia360.com.br\/index.php?rest_route=%2Fwp%2Fv2%2Fcategories&post=128939"},{"taxonomy":"post_tag","embeddable":true,"href":"https:\/\/noticiasbahia360.com.br\/index.php?rest_route=%2Fwp%2Fv2%2Ftags&post=128939"}],"curies":[{"name":"wp","href":"https:\/\/api.w.org\/{rel}","templated":true}]}}