{"id":128941,"date":"2026-04-29T17:41:17","date_gmt":"2026-04-29T20:41:17","guid":{"rendered":"https:\/\/noticiasbahia360.com.br\/?p=128941"},"modified":"2026-04-29T17:41:17","modified_gmt":"2026-04-29T20:41:17","slug":"policia-identifica-dois-adolescentes-suspeitos-de-participacao-na-morte-de-estudante-de-15-anos","status":"publish","type":"post","link":"https:\/\/noticiasbahia360.com.br\/?p=128941","title":{"rendered":"Pol\u00edcia identifica dois adolescentes suspeitos de participa\u00e7\u00e3o na morte de estudante de 15 anos"},"content":{"rendered":"<div>\n<div>\n<figure><img decoding=\"async\" src=\"http:\/\/noticiasbahia360.com.br\/wp-content\/uploads\/2026\/04\/Complexo-de-Delegacias-Policia-Civil-ft-ed-santos-acorda-cidade.webp\" alt=\"Pol\u00edcia identifica dois adolescentes suspeitos de participa\u00e7\u00e3o na morte de estudante de 15 anos\"><figcaption>Foto: Ed Santos\/Acorda Cidade<\/figcaption><\/figure>\n<\/div>\n<p>A Pol\u00edcia Civil j\u00e1 identificou dois adolescentes suspeitos de envolvimento no homic\u00eddio de <a href=\"https:\/\/www.acordacidade.com.br\/policia\/estudante-de-15-anos-e-morto-em-feira-de-santana-outro-adolescente-foi-baleado\/\" type=\"link\" id=\"https:\/\/www.acordacidade.com.br\/policia\/estudante-de-15-anos-e-morto-em-feira-de-santana-outro-adolescente-foi-baleado\/\">Daniel L\u00f4bo de Jesus, de 15 anos<\/a>, adolescente morto a tiros na \u00faltima ter\u00e7a-feira (28), nas proximidades do Centro Educacional Assis Chateaubriand, no bairro Sobradinho, em Feira de Santana. Outro adolescente, tamb\u00e9m de 15 anos, foi baleado no pesco\u00e7o e segue internado no Hospital Estadual da Crian\u00e7a (HEC).<\/p>\n<figure class=\"wp-block-image size-full\"><img fetchpriority=\"high\" fetchpriority=\"high\" decoding=\"async\" width=\"1200\" height=\"753\" src=\"http:\/\/noticiasbahia360.com.br\/wp-content\/uploads\/2026\/04\/Daniel-Lobo-de-Jesus-Foto-Reproducao-280426-1.jpg\" alt=\"Daniel L\u00f4bo de Jesus\" class=\"wp-image-650765\" srcset=\"http:\/\/noticiasbahia360.com.br\/wp-content\/uploads\/2026\/04\/Daniel-Lobo-de-Jesus-Foto-Reproducao-280426-1.jpg 1200w, https:\/\/uploads.acordacidade.com.br\/2026\/04\/Daniel-Lobo-de-Jesus-Foto-Reproducao-280426-750x471.jpg 750w, https:\/\/uploads.acordacidade.com.br\/2026\/04\/Daniel-Lobo-de-Jesus-Foto-Reproducao-280426-1000x628.jpg 1000w, https:\/\/uploads.acordacidade.com.br\/2026\/04\/Daniel-Lobo-de-Jesus-Foto-Reproducao-280426-450x282.jpg 450w, https:\/\/uploads.acordacidade.com.br\/2026\/04\/Daniel-Lobo-de-Jesus-Foto-Reproducao-280426-150x94.jpg 150w\" sizes=\"(max-width: 1200px) 100vw, 1200px\"><figcaption class=\"wp-element-caption\">Daniel L\u00f4bo de Jesus | Foto: Reprodu\u00e7\u00e3o<\/figcaption><\/figure>\n<p>Em entrevista ao Acorda Cidade, a delegada Cl\u00e9cia Vasconcelos, titular da Delegacia para o Adolescente Infrator (DAE), afirmou que o crime foi motivado pela rivalidade entre grupos ligados a fac\u00e7\u00f5es criminosas.<\/p>\n<p>\u201cO fato se deu de uma forma em que os grupos que j\u00e1 tinham animosidades e a\u00ed partiram para o confronto. Eu chamo a aten\u00e7\u00e3o para esses jovens que muitas vezes nem fazem parte desses grupos faccionados, mas fazem quest\u00e3o, como eles dizem, levantar a bandeira, assumir uma notoriedade p\u00edfia e assim ser popular, ser destaque. Ent\u00e3o o que n\u00f3s apuramos at\u00e9 o momento \u00e9 que foram grupos rivais. H\u00e1 maior de idade e adolescente envolvido no fato.\u201d<\/p>\n<p>A delegada confirmou que as v\u00edtimas j\u00e1 se conheciam e tinham desentendimentos anteriores por defenderem grupos rivais.<\/p>\n<p>\u201cEles j\u00e1 se conheciam, j\u00e1 tinham tido esses desentendimentos porque um defende bandeira de um grupo, outro defende bandeira de outro. E a gente sabe que os bairros hoje t\u00eam essas restri\u00e7\u00f5es de circular, de andar. E, infelizmente, onde \u00e9 que isso explode? No ambiente mais vulner\u00e1vel, nas proximidades das escolas.\u201d<\/p>\n<figure class=\"wp-block-image size-full\"><img decoding=\"async\" width=\"1200\" height=\"675\" src=\"http:\/\/noticiasbahia360.com.br\/wp-content\/uploads\/2026\/04\/Estudante-de-15-anos-e-morto-em-Feira-de-Santana-Foto-Ed-Santos-Acorda-Cidade-280426-1.jpg\" alt=\"Estudante de 15 anos \u00e9 morto em Feira de Santana\" class=\"wp-image-650768\" srcset=\"http:\/\/noticiasbahia360.com.br\/wp-content\/uploads\/2026\/04\/Estudante-de-15-anos-e-morto-em-Feira-de-Santana-Foto-Ed-Santos-Acorda-Cidade-280426-1.jpg 1200w, https:\/\/uploads.acordacidade.com.br\/2026\/04\/Estudante-de-15-anos-e-morto-em-Feira-de-Santana-Foto-Ed-Santos-Acorda-Cidade-280426-750x422.jpg 750w, https:\/\/uploads.acordacidade.com.br\/2026\/04\/Estudante-de-15-anos-e-morto-em-Feira-de-Santana-Foto-Ed-Santos-Acorda-Cidade-280426-1000x563.jpg 1000w, https:\/\/uploads.acordacidade.com.br\/2026\/04\/Estudante-de-15-anos-e-morto-em-Feira-de-Santana-Foto-Ed-Santos-Acorda-Cidade-280426-450x253.jpg 450w, https:\/\/uploads.acordacidade.com.br\/2026\/04\/Estudante-de-15-anos-e-morto-em-Feira-de-Santana-Foto-Ed-Santos-Acorda-Cidade-280426-150x84.jpg 150w\" sizes=\"(max-width: 1200px) 100vw, 1200px\"><figcaption class=\"wp-element-caption\">Foto: Ed Santos\/ Acorda Cidade <\/figcaption><\/figure>\n<p>Ela explicou ainda que pelo menos quatro pessoas participaram da a\u00e7\u00e3o e confirmou que dois suspeitos j\u00e1 foram identificados.<\/p>\n<p>\u201cN\u00f3s temos informa\u00e7\u00e3o de que havia pelo menos quatro. Ent\u00e3o, pelo andar das investiga\u00e7\u00f5es, n\u00f3s temos quase certeza que havia mais de um adolescente. Dois j\u00e1 foram identificados. \u00c9 sempre nesse circuito: Gabriela, Rua Nova, Bara\u00fanas.\u201d<\/p>\n<p>A delegada informou que o adolescente sobrevivente j\u00e1 foi ouvido e confirmou o contexto de fac\u00e7\u00e3o.<\/p>\n<p>\u201cEle contou, dentro das limita\u00e7\u00f5es f\u00edsicas dele, afinal de contas ele tem um proj\u00e9til na regi\u00e3o cervical, ent\u00e3o ele pouco p\u00f4de contribuir. Estavam ent\u00e3o levantando bandeiras de fac\u00e7\u00e3o, isso? Isso, exatamente.\u201d<\/p>\n<p>Cl\u00e9cia Vasconcelos tamb\u00e9m fez um alerta sobre o envolvimento de jovens com o crime organizado e o papel do estado e da sociedade em geral.<\/p>\n<figure class=\"wp-block-image size-full\"><img decoding=\"async\" width=\"1200\" height=\"675\" src=\"http:\/\/noticiasbahia360.com.br\/wp-content\/uploads\/2026\/04\/Clecia-Vasconcelos-ft-ed-santos-acorda-cidade.webp\" alt=\"Pol\u00edcia identifica dois adolescentes suspeitos de participa\u00e7\u00e3o na morte de estudante de 15 anos\" class=\"wp-image-651127\" srcset=\"http:\/\/noticiasbahia360.com.br\/wp-content\/uploads\/2026\/04\/Clecia-Vasconcelos-ft-ed-santos-acorda-cidade.webp 1200w, https:\/\/uploads.acordacidade.com.br\/2026\/04\/Clecia-Vasconcelos-ft-ed-santos-acorda-cidade-750x422.webp 750w, https:\/\/uploads.acordacidade.com.br\/2026\/04\/Clecia-Vasconcelos-ft-ed-santos-acorda-cidade-1000x563.webp 1000w, https:\/\/uploads.acordacidade.com.br\/2026\/04\/Clecia-Vasconcelos-ft-ed-santos-acorda-cidade-450x253.webp 450w, https:\/\/uploads.acordacidade.com.br\/2026\/04\/Clecia-Vasconcelos-ft-ed-santos-acorda-cidade-150x84.webp 150w\" sizes=\"(max-width: 1200px) 100vw, 1200px\"><figcaption class=\"wp-element-caption\">Delegada Cl\u00e9cia Vasconcelos | Foto: Ed Santos\/Acorda Cidade<\/figcaption><\/figure>\n<p>\u201cO que est\u00e1 acontecendo? O que est\u00e1 mudando? Ser\u00e1 que s\u00e3o os princ\u00edpios, os valores que est\u00e3o mudando e est\u00e3o repercutindo nesses \u00e2mbitos? Porque a gente tem uma mania de tudo culpar o Estado. Ah, \u00e9 o Estado, \u00e9 a pol\u00edcia. Mas e n\u00f3s, enquanto cidad\u00e3os, enquanto pais, enquanto respons\u00e1veis? O que estamos fazendo pelos nossos filhos, pelos nossos jovens, para n\u00e3o serem cooptados por esses bandidos?\u201d, questionou.<\/p>\n<p>Sobre a apreens\u00e3o dos suspeitos, a delegada disse que \u00e9 apenas quest\u00e3o de tempo para serem apreendidos.<\/p>\n<p>O caso segue sendo investigado pela Delegacia de Homic\u00eddios, com apoio da DAE. A Pol\u00edcia Civil refor\u00e7a que den\u00fancias podem ser feitas anonimamente pelo 180 ou Disque 100.<\/p>\n<p>\u201cCaso algu\u00e9m queira contribuir, seja com essa investiga\u00e7\u00e3o ou com qualquer outra H\u00e1 canais que garantem o sigilo absoluto Porque a viol\u00eancia, a prote\u00e7\u00e3o aos jovens \u00e9 responsabilidade de toda a sociedade\u201d, refor\u00e7ou Cl\u00e9cia Vasconcelos.<\/p>\n<p><em>Com informa\u00e7\u00f5es do rep\u00f3rter Ed Santos, do Acorda Cidade<\/em><\/p>\n<p><strong>Leia tamb\u00e9m: <a href=\"https:\/\/www.acordacidade.com.br\/policia\/estudante-de-15-anos-e-morto-em-feira-de-santana-outro-adolescente-foi-baleado\/\" type=\"link\" id=\"https:\/\/www.acordacidade.com.br\/policia\/estudante-de-15-anos-e-morto-em-feira-de-santana-outro-adolescente-foi-baleado\/\">Estudante de 15 anos \u00e9 morto em Feira de Santana; outro adolescente foi baleado<\/a><\/strong><\/p>\n<p><em>Siga o Acorda Cidade no<\/em><a href=\"https:\/\/news.google.com\/search?q=acorda%20cidade&amp;hl=pt-BR&amp;gl=BR&amp;ceid=BR%3Apt-419\"><strong><em>\u00a0Google Not\u00edcias<\/em><\/strong><\/a><em>\u00a0e receba os principais destaques do dia. Participe tamb\u00e9m dos nossos canais no\u00a0<\/em><a href=\"https:\/\/www.whatsapp.com\/channel\/0029Va6Rb4v3WHTNnsh8WI3N\"><strong><em>WhatsApp<\/em><\/strong><\/a><em>\u00a0e\u00a0<\/em><a href=\"https:\/\/www.youtube.com\/@acordacidadenoticias\/videos\"><strong>YouTube<\/strong><\/a><em>\u00a0e grupo de\u00a0<\/em><a href=\"https:\/\/t.me\/+sSz0khrgARA0ZmRh\"><strong><em>Telegram<\/em><\/strong><\/a><em>.<\/em><\/p>\n<\/div>\n","protected":false},"excerpt":{"rendered":"<div>\n<div>\n<figure><img decoding=\"async\" src=\"https:\/\/uploads.acordacidade.com.br\/2026\/04\/Complexo-de-Delegacias-Policia-Civil-ft-ed-santos-acorda-cidade.webp\" alt=\"Pol\u00edcia identifica dois adolescentes suspeitos de participa\u00e7\u00e3o na morte de estudante de 15 anos\"><figcaption>Foto: Ed Santos\/Acorda Cidade<\/figcaption><\/figure>\n<\/div>\n<p>A delegada confirmou que as v\u00edtimas j\u00e1 se conheciam e tinham desentendimentos anteriores por defenderem grupos rivais.<\/p><\/div>\n","protected":false},"author":1,"featured_media":128942,"comment_status":"closed","ping_status":"closed","sticky":false,"template":"","format":"gallery","meta":{"footnotes":""},"categories":[8,9,6,57,56,10],"tags":[],"class_list":["post-128941","post","type-post","status-publish","format-gallery","has-post-thumbnail","hentry","category-bahia","category-brasil","category-feira-de-santana","category-mundo","category-policia","category-politica","post_format-post-format-gallery"],"featured_image_urls":{"full":["https:\/\/noticiasbahia360.com.br\/wp-content\/uploads\/2026\/04\/Complexo-de-Delegacias-Policia-Civil-ft-ed-santos-acorda-cidade.webp",1200,675,false],"thumbnail":["https:\/\/noticiasbahia360.com.br\/wp-content\/uploads\/2026\/04\/Complexo-de-Delegacias-Policia-Civil-ft-ed-santos-acorda-cidade-150x150.webp",150,150,true],"medium":["https:\/\/noticiasbahia360.com.br\/wp-content\/uploads\/2026\/04\/Complexo-de-Delegacias-Policia-Civil-ft-ed-santos-acorda-cidade-300x169.webp",300,169,true],"medium_large":["https:\/\/noticiasbahia360.com.br\/wp-content\/uploads\/2026\/04\/Complexo-de-Delegacias-Policia-Civil-ft-ed-santos-acorda-cidade-768x432.webp",640,360,true],"large":["https:\/\/noticiasbahia360.com.br\/wp-content\/uploads\/2026\/04\/Complexo-de-Delegacias-Policia-Civil-ft-ed-santos-acorda-cidade-1024x576.webp",640,360,true],"1536x1536":["https:\/\/noticiasbahia360.com.br\/wp-content\/uploads\/2026\/04\/Complexo-de-Delegacias-Policia-Civil-ft-ed-santos-acorda-cidade.webp",1200,675,false],"2048x2048":["https:\/\/noticiasbahia360.com.br\/wp-content\/uploads\/2026\/04\/Complexo-de-Delegacias-Policia-Civil-ft-ed-santos-acorda-cidade.webp",1200,675,false],"chromenews-featured":["https:\/\/noticiasbahia360.com.br\/wp-content\/uploads\/2026\/04\/Complexo-de-Delegacias-Policia-Civil-ft-ed-santos-acorda-cidade-1024x576.webp",1024,576,true],"chromenews-large":["https:\/\/noticiasbahia360.com.br\/wp-content\/uploads\/2026\/04\/Complexo-de-Delegacias-Policia-Civil-ft-ed-santos-acorda-cidade-825x575.webp",825,575,true],"chromenews-medium":["https:\/\/noticiasbahia360.com.br\/wp-content\/uploads\/2026\/04\/Complexo-de-Delegacias-Policia-Civil-ft-ed-santos-acorda-cidade-590x410.webp",590,410,true]},"author_info":{"display_name":"noticiasbahia360.com.br","author_link":"https:\/\/noticiasbahia360.com.br\/?author=1"},"category_info":"<a href=\"https:\/\/noticiasbahia360.com.br\/?cat=8\" rel=\"category\">Bahia<\/a> <a href=\"https:\/\/noticiasbahia360.com.br\/?cat=9\" rel=\"category\">Brasil<\/a> <a href=\"https:\/\/noticiasbahia360.com.br\/?cat=6\" rel=\"category\">Feira de Santana<\/a> <a href=\"https:\/\/noticiasbahia360.com.br\/?cat=57\" rel=\"category\">Mundo<\/a> <a href=\"https:\/\/noticiasbahia360.com.br\/?cat=56\" rel=\"category\">Pol\u00edcia<\/a> <a href=\"https:\/\/noticiasbahia360.com.br\/?cat=10\" rel=\"category\">Pol\u00edtica<\/a>","tag_info":"Pol\u00edtica","comment_count":"0","_links":{"self":[{"href":"https:\/\/noticiasbahia360.com.br\/index.php?rest_route=\/wp\/v2\/posts\/128941","targetHints":{"allow":["GET"]}}],"collection":[{"href":"https:\/\/noticiasbahia360.com.br\/index.php?rest_route=\/wp\/v2\/posts"}],"about":[{"href":"https:\/\/noticiasbahia360.com.br\/index.php?rest_route=\/wp\/v2\/types\/post"}],"author":[{"embeddable":true,"href":"https:\/\/noticiasbahia360.com.br\/index.php?rest_route=\/wp\/v2\/users\/1"}],"replies":[{"embeddable":true,"href":"https:\/\/noticiasbahia360.com.br\/index.php?rest_route=%2Fwp%2Fv2%2Fcomments&post=128941"}],"version-history":[{"count":0,"href":"https:\/\/noticiasbahia360.com.br\/index.php?rest_route=\/wp\/v2\/posts\/128941\/revisions"}],"wp:featuredmedia":[{"embeddable":true,"href":"https:\/\/noticiasbahia360.com.br\/index.php?rest_route=\/wp\/v2\/media\/128942"}],"wp:attachment":[{"href":"https:\/\/noticiasbahia360.com.br\/index.php?rest_route=%2Fwp%2Fv2%2Fmedia&parent=128941"}],"wp:term":[{"taxonomy":"category","embeddable":true,"href":"https:\/\/noticiasbahia360.com.br\/index.php?rest_route=%2Fwp%2Fv2%2Fcategories&post=128941"},{"taxonomy":"post_tag","embeddable":true,"href":"https:\/\/noticiasbahia360.com.br\/index.php?rest_route=%2Fwp%2Fv2%2Ftags&post=128941"}],"curies":[{"name":"wp","href":"https:\/\/api.w.org\/{rel}","templated":true}]}} 