{"id":128946,"date":"2026-04-29T18:41:05","date_gmt":"2026-04-29T21:41:05","guid":{"rendered":"https:\/\/noticiasbahia360.com.br\/?p=128946"},"modified":"2026-04-29T18:41:05","modified_gmt":"2026-04-29T21:41:05","slug":"jorge-messias-e-aprovado-para-o-stf-pelo-ccj-do-senado","status":"publish","type":"post","link":"https:\/\/noticiasbahia360.com.br\/?p=128946","title":{"rendered":"Jorge Messias \u00e9 aprovado para o STF pelo CCJ do Senado"},"content":{"rendered":"<div>\n<div>\n<figure><img decoding=\"async\" src=\"http:\/\/noticiasbahia360.com.br\/wp-content\/uploads\/2026\/04\/Jorge-Messias-1.webp\" alt=\"Jorge Messias \u00e9 aprovado para o STF pelo CCJ do Senado\"><figcaption>Jorge Messias | Foto: Lula Marques\/Ag\u00eancia Brasil<\/figcaption><\/figure>\n<\/div>\n<p>Ag\u00eancia Brasil \u2013 <strong>A Comiss\u00e3o de Constitui\u00e7\u00e3o e Justi\u00e7a (CCJ) do Senado aprovou nesta quarta-feira (29) a indica\u00e7\u00e3o de Jorge Rodrigo Ara\u00fajo Messias para o cargo de ministro do Supremo Tribunal Federal (STF). Foram 16 votos favor\u00e1veis\u00a0e 11 contr\u00e1rios.\u00a0<\/strong>Com a aprova\u00e7\u00e3o, a indica\u00e7\u00e3o segue para vota\u00e7\u00e3o no plen\u00e1rio do Senado, onde precisa obter o voto favor\u00e1vel de pelo menos 41 dos 81 senadores.<img decoding=\"async\" src=\"https:\/\/agenciabrasil.ebc.com.br\/ebc.png?id=1687715&amp;o=node\"><img decoding=\"async\" src=\"https:\/\/agenciabrasil.ebc.com.br\/ebc.gif?id=1687715&amp;o=node\"><\/p>\n<p>A CCJ aprovou ainda um pedido de urg\u00eancia para a vota\u00e7\u00e3o da indica\u00e7\u00e3o no plen\u00e1rio.\u00a0<strong>De acordo com o presidente do Senado, Davi Alcolumbre (Uni\u00e3o-AP), a indica\u00e7\u00e3o de Jorge Messias ser\u00e1 levada para vota\u00e7\u00e3o em plen\u00e1rio ainda hoje<\/strong>.<\/p>\n<p>A sabatina do advogado-geral da Uni\u00e3o no colegiado teve in\u00edcio por volta das 9h. Pouco depois das 12h, o painel de vota\u00e7\u00e3o foi aberto. A vota\u00e7\u00e3o foi encerrada perto das 18h. Durante a sabatina, Messias respondeu a perguntas de senadores da base governista e da oposi\u00e7\u00e3o.<\/p>\n<p><strong>O indicado \u00e0\u00a0mais alta Corte do pa\u00eds defendeu que \u00e9 dever do Supremo se aprimorar e\u00a0exercer a autoconten\u00e7\u00e3o\u00a0em pautas que dividem a sociedade<\/strong>.<\/p>\n<blockquote class=\"wp-block-quote is-layout-flow wp-block-quote-is-layout-flow\">\n<p>\u201cPrecisamos, por sua import\u00e2ncia, de que o STF se mantenha aberto permanentemente ao aperfei\u00e7oamento. A percep\u00e7\u00e3o p\u00fablica de que cortes supremas resistem \u00e0 autocr\u00edtica e ao aperfei\u00e7oamento institucional tende a pressionar a rela\u00e7\u00e3o entre a jurisdi\u00e7\u00e3o e a nossa democracia\u201d, disse Messias em sua fala inicial \u00e0 CCJ.<\/p>\n<\/blockquote>\n<p>Declarando-se evang\u00e9lico,\u00a0<strong>Messias manifestou-se a favor do Estado laico<\/strong>.<\/p>\n<blockquote class=\"wp-block-quote is-layout-flow wp-block-quote-is-layout-flow\">\n<p>\u201cA minha identidade \u00e9 evang\u00e9lica. Todavia, o Estado constitucional \u00e9 laico. Uma laicidade clara, mas colaborativa, que fomenta o di\u00e1logo construtivo entre o Estado e todas as religi\u00f5es\u201d, destacou o indicado ao Supremo.<\/p>\n<\/blockquote>\n<p><strong>Ele tamb\u00e9m defendeu que o\u00a0Judici\u00e1rio atue por meio da concilia\u00e7\u00e3o\u00a0para pacificar conflitos por terra no campo brasileiro<\/strong>.\u00a0\u201cA melhor forma que n\u00f3s temos de compor os conflitos de interesse desse pa\u00eds, principalmente conflitos fundi\u00e1rios, \u00e9 a concilia\u00e7\u00e3o, o di\u00e1logo, a pacifica\u00e7\u00e3o\u201d, disse.<\/p>\n<p>Sobre os conflitos em torno do marco temporal para a demarca\u00e7\u00e3o de terras ind\u00edgenas, o indicado ao STF destacou que n\u00e3o \u00e9 poss\u00edvel \u201ctransigir naquilo que a Constitui\u00e7\u00e3o estabelece\u201d.<\/p>\n<p>\u201cMas n\u00f3s tamb\u00e9m n\u00e3o podemos retirar do propriet\u00e1rio de terra leg\u00edtimo um direito \u00e0 justa indeniza\u00e7\u00e3o ou uma pacifica\u00e7\u00e3o\u201d, completou, acrescentando que o melhor caminho para a \u201cpaz social\u201d \u00e9\u00a0conciliar o direito \u00e0 propriedade privada com o direito dos povos ind\u00edgenas..<\/p>\n<p><strong>Jorge Messias destacou ainda, durante a sabatina, que \u00e9 \u201ctotalmente contra o aborto\u201d.<\/strong><\/p>\n<blockquote class=\"wp-block-quote is-layout-flow wp-block-quote-is-layout-flow\">\n<p>\u201cDa minha parte n\u00e3o haver\u00e1 qualquer tipo de a\u00e7\u00e3o, de ativismo em rela\u00e7\u00e3o ao tema aborto, na minha jurisdi\u00e7\u00e3o constitucional. Eu quero deixar absolutamente vossas excel\u00eancias tranquilas quanto a isso\u201d, disse.<\/p>\n<\/blockquote>\n<p>Messias ponderou que essa \u00e9 uma concep\u00e7\u00e3o \u201cpessoal, filos\u00f3fica e crist\u00e3\u201d dele, n\u00e3o sendo esse um tema para o Judici\u00e1rio, por ser de compet\u00eancia privativa do Congresso Nacional.<\/p>\n<p>Questionado sobre os atos golpistas de 8 de janeiro de 2023, Messias disse que a Advocacia-Geral da Uni\u00e3o (AGU) n\u00e3o foi omissa na repara\u00e7\u00e3o dos danos.\u00a0<strong>Ele informou aos senadores que o \u00f3rg\u00e3o entrou com 26 a\u00e7\u00f5es cobrando repara\u00e7\u00e3o, tendo obtido R$ 26 milh\u00f5es para bancar os reparos.<\/strong><\/p>\n<p>Sobre sua idade, Messias, que tem 46 anos, lembrou que em 2021 o agora ministro do STF\u00a0Andr\u00e9 Mendon\u00e7a\u00a0foi sabatinado pelo Senado com a mesma faixa et\u00e1ria que ele (tinha 48 anos) e ocupava o mesmo cargo de advogado-geral da Uni\u00e3o.<\/p>\n<p>A indica\u00e7\u00e3o de Jorge Messias foi anunciada pelo presidente Luiz In\u00e1cio Lula da Silva\u00a0h\u00e1 cerca de cinco meses, mas a mensagem oficial com a indica\u00e7\u00e3o (MSF 7\/2026) s\u00f3\u00a0chegou ao Senado no in\u00edcio de abril.<\/p>\n<p>Ele foi indicado pelo governo federal\u00a0para assumir a vaga deixada pelo ministro Lu\u00eds Roberto Barroso, que anunciou\u00a0aposentadoria\u00a0antecipada da Corte e deixou o tribunal em outubro de 2025.\u00a0<\/p>\n<p><em>Siga o Acorda Cidade no<\/em><a href=\"https:\/\/news.google.com\/search?q=acorda%20cidade&amp;hl=pt-BR&amp;gl=BR&amp;ceid=BR%3Apt-419\"><strong><em>\u00a0Google Not\u00edcias<\/em><\/strong><\/a><em>\u00a0e receba os principais destaques do dia. Participe tamb\u00e9m dos nossos canais no\u00a0<\/em><a href=\"https:\/\/www.whatsapp.com\/channel\/0029Va6Rb4v3WHTNnsh8WI3N\"><strong><em>WhatsApp<\/em><\/strong><\/a><em>\u00a0e\u00a0<\/em><a href=\"https:\/\/www.youtube.com\/@acordacidadenoticias\/videos\"><strong>YouTube<\/strong><\/a><em>\u00a0e grupo de\u00a0<\/em><a href=\"https:\/\/t.me\/+sSz0khrgARA0ZmRh\"><strong><em>Telegram<\/em><\/strong><\/a><em>.<\/em><\/p>\n<\/div>\n","protected":false},"excerpt":{"rendered":"<div>\n<div>\n<figure><img decoding=\"async\" src=\"https:\/\/uploads.acordacidade.com.br\/2026\/04\/Jorge-Messias-1.webp\" alt=\"Jorge Messias \u00e9 aprovado para o STF pelo CCJ do Senado\"><figcaption>Jorge Messias | Foto: Lula Marques\/Ag\u00eancia Brasil<\/figcaption><\/figure>\n<\/div>\n<p>\u00a0De acordo com o presidente do Senado, Davi Alcolumbre, a indica\u00e7\u00e3o de Jorge Messias ser\u00e1 levada para vota\u00e7\u00e3o em plen\u00e1rio ainda hoje.<\/p><\/div>\n","protected":false},"author":1,"featured_media":128947,"comment_status":"closed","ping_status":"closed","sticky":false,"template":"","format":"gallery","meta":{"footnotes":""},"categories":[8,9,6,57,56,10],"tags":[],"class_list":["post-128946","post","type-post","status-publish","format-gallery","has-post-thumbnail","hentry","category-bahia","category-brasil","category-feira-de-santana","category-mundo","category-policia","category-politica","post_format-post-format-gallery"],"featured_image_urls":{"full":["https:\/\/noticiasbahia360.com.br\/wp-content\/uploads\/2026\/04\/Jorge-Messias-1.webp",1200,718,false],"thumbnail":["https:\/\/noticiasbahia360.com.br\/wp-content\/uploads\/2026\/04\/Jorge-Messias-1-150x150.webp",150,150,true],"medium":["https:\/\/noticiasbahia360.com.br\/wp-content\/uploads\/2026\/04\/Jorge-Messias-1-300x180.webp",300,180,true],"medium_large":["https:\/\/noticiasbahia360.com.br\/wp-content\/uploads\/2026\/04\/Jorge-Messias-1-768x460.webp",640,383,true],"large":["https:\/\/noticiasbahia360.com.br\/wp-content\/uploads\/2026\/04\/Jorge-Messias-1-1024x613.webp",640,383,true],"1536x1536":["https:\/\/noticiasbahia360.com.br\/wp-content\/uploads\/2026\/04\/Jorge-Messias-1.webp",1200,718,false],"2048x2048":["https:\/\/noticiasbahia360.com.br\/wp-content\/uploads\/2026\/04\/Jorge-Messias-1.webp",1200,718,false],"chromenews-featured":["https:\/\/noticiasbahia360.com.br\/wp-content\/uploads\/2026\/04\/Jorge-Messias-1-1024x613.webp",1024,613,true],"chromenews-large":["https:\/\/noticiasbahia360.com.br\/wp-content\/uploads\/2026\/04\/Jorge-Messias-1-825x575.webp",825,575,true],"chromenews-medium":["https:\/\/noticiasbahia360.com.br\/wp-content\/uploads\/2026\/04\/Jorge-Messias-1-590x410.webp",590,410,true]},"author_info":{"display_name":"noticiasbahia360.com.br","author_link":"https:\/\/noticiasbahia360.com.br\/?author=1"},"category_info":"<a href=\"https:\/\/noticiasbahia360.com.br\/?cat=8\" rel=\"category\">Bahia<\/a> <a href=\"https:\/\/noticiasbahia360.com.br\/?cat=9\" rel=\"category\">Brasil<\/a> <a href=\"https:\/\/noticiasbahia360.com.br\/?cat=6\" rel=\"category\">Feira de Santana<\/a> <a href=\"https:\/\/noticiasbahia360.com.br\/?cat=57\" rel=\"category\">Mundo<\/a> <a href=\"https:\/\/noticiasbahia360.com.br\/?cat=56\" rel=\"category\">Pol\u00edcia<\/a> <a href=\"https:\/\/noticiasbahia360.com.br\/?cat=10\" rel=\"category\">Pol\u00edtica<\/a>","tag_info":"Pol\u00edtica","comment_count":"0","_links":{"self":[{"href":"https:\/\/noticiasbahia360.com.br\/index.php?rest_route=\/wp\/v2\/posts\/128946","targetHints":{"allow":["GET"]}}],"collection":[{"href":"https:\/\/noticiasbahia360.com.br\/index.php?rest_route=\/wp\/v2\/posts"}],"about":[{"href":"https:\/\/noticiasbahia360.com.br\/index.php?rest_route=\/wp\/v2\/types\/post"}],"author":[{"embeddable":true,"href":"https:\/\/noticiasbahia360.com.br\/index.php?rest_route=\/wp\/v2\/users\/1"}],"replies":[{"embeddable":true,"href":"https:\/\/noticiasbahia360.com.br\/index.php?rest_route=%2Fwp%2Fv2%2Fcomments&post=128946"}],"version-history":[{"count":0,"href":"https:\/\/noticiasbahia360.com.br\/index.php?rest_route=\/wp\/v2\/posts\/128946\/revisions"}],"wp:featuredmedia":[{"embeddable":true,"href":"https:\/\/noticiasbahia360.com.br\/index.php?rest_route=\/wp\/v2\/media\/128947"}],"wp:attachment":[{"href":"https:\/\/noticiasbahia360.com.br\/index.php?rest_route=%2Fwp%2Fv2%2Fmedia&parent=128946"}],"wp:term":[{"taxonomy":"category","embeddable":true,"href":"https:\/\/noticiasbahia360.com.br\/index.php?rest_route=%2Fwp%2Fv2%2Fcategories&post=128946"},{"taxonomy":"post_tag","embeddable":true,"href":"https:\/\/noticiasbahia360.com.br\/index.php?rest_route=%2Fwp%2Fv2%2Ftags&post=128946"}],"curies":[{"name":"wp","href":"https:\/\/api.w.org\/{rel}","templated":true}]}}