{"id":128948,"date":"2026-04-29T19:36:14","date_gmt":"2026-04-29T22:36:14","guid":{"rendered":"https:\/\/noticiasbahia360.com.br\/?p=128948"},"modified":"2026-04-29T19:36:14","modified_gmt":"2026-04-29T22:36:14","slug":"psirico-tony-salles-timbalada-e-muito-mais-confira-programacao-da-coite-folia-2026","status":"publish","type":"post","link":"https:\/\/noticiasbahia360.com.br\/?p=128948","title":{"rendered":"Psirico, Tony Salles, Timbalada e muito mais; confira programa\u00e7\u00e3o da Coit\u00e9 Folia 2026"},"content":{"rendered":"<div>\n<div>\n<figure><img decoding=\"async\" src=\"http:\/\/noticiasbahia360.com.br\/wp-content\/uploads\/2026\/04\/Coite-Folia-Foto-Divulgacao.jpg\" alt=\"Coit\u00e9 Folia\"><figcaption>Foto: Divulga\u00e7\u00e3o<\/figcaption><\/figure>\n<\/div>\n<p>A espera acabou, come\u00e7ou oficialmente a contagem regressiva para o in\u00edcio da Coit\u00e9 Folia 2026, e Concei\u00e7\u00e3o do Coit\u00e9 j\u00e1 entra no clima de uma das maiores e mais aguardadas micaretas do interior da Bahia. A festa come\u00e7a nesta quinta-feira (30) e promete quatro dias de muita m\u00fasica, energia e grandes encontros no circuito.<\/p>\n<p>Com uma grade diversificada e nomes de peso da m\u00fasica baiana e nacional, o evento reafirma sua for\u00e7a e tradi\u00e7\u00e3o, reunindo artistas consagrados e talentos que movimentam multid\u00f5es.<\/p>\n<p>Entre as atra\u00e7\u00f5es, M\u00e1rcio Victor, l\u00edder da Psirico, j\u00e1 deixou um recado e elevou a expectativa para o evento: \u201cEu estou muito empolgado pra gente fazer hist\u00f3ria mais uma vez na Coit\u00e9 Folia. Uma das micaretas mais bonitas do Brasil. Muita energia, muita empolga\u00e7\u00e3o. Mais um ano que estarei voltando para animar essa galera e fazer uma festa no n\u00edvel que Coit\u00e9 merece\u201d.<\/p>\n<figure class=\"wp-block-image size-full\"><img fetchpriority=\"high\" fetchpriority=\"high\" decoding=\"async\" width=\"1200\" height=\"800\" src=\"http:\/\/noticiasbahia360.com.br\/wp-content\/uploads\/2026\/04\/Marcio-Victor-lider-da-Psirico-Foto-Divulgacao-Psirico.jpg\" alt=\"M\u00e1rcio Victor, l\u00edder da Psirico\" class=\"wp-image-651167\" srcset=\"http:\/\/noticiasbahia360.com.br\/wp-content\/uploads\/2026\/04\/Marcio-Victor-lider-da-Psirico-Foto-Divulgacao-Psirico.jpg 1200w, https:\/\/uploads.acordacidade.com.br\/2026\/04\/Marcio-Victor-lider-da-Psirico-Foto-Divulgacao-Psirico-750x500.jpg 750w, https:\/\/uploads.acordacidade.com.br\/2026\/04\/Marcio-Victor-lider-da-Psirico-Foto-Divulgacao-Psirico-1000x667.jpg 1000w, https:\/\/uploads.acordacidade.com.br\/2026\/04\/Marcio-Victor-lider-da-Psirico-Foto-Divulgacao-Psirico-450x300.jpg 450w, https:\/\/uploads.acordacidade.com.br\/2026\/04\/Marcio-Victor-lider-da-Psirico-Foto-Divulgacao-Psirico-150x100.jpg 150w\" sizes=\"(max-width: 1200px) 100vw, 1200px\"><figcaption class=\"wp-element-caption\">M\u00e1rcio Victor, l\u00edder da Psirico | Foto: Divulga\u00e7\u00e3o\/ Psirico<\/figcaption><\/figure>\n<h2 class=\"wp-block-heading\" id=\"h-confira-a-programacao-completa\">Confira a programa\u00e7\u00e3o completa<\/h2>\n<p><strong>Quinta-feira (30\/04)<\/strong><\/p>\n<p>Tomate, Kann\u00e1rio, Guga Meyra, Jairo Guittar, Vailson Lion, Pagode do Dell, Sedutorry, Eug\u00eanio Brasil e Quixanayah.<\/p>\n<p><strong>Sexta-feira (01\/05)<\/strong><\/p>\n<p>Psirico, Timbalada, Tony Salles, Batuque Social, Helder Ricardo, Gabriel Chaonda, Mandinho Ax\u00e9 Retr\u00f4 e Bruka Brukutu.<\/p>\n<p><strong>S\u00e1bado (02\/05)<\/strong><\/p>\n<p>Filhos de Jorge, Claudia Leitte, Xanddy Harmonia, Os Metais, Samba da Gente, Bloco Revolution (Edy Vox), Tico Menezes, Batuker\u00ea, M\u00fasica Baiana e Dyl Lima.<\/p>\n<p><strong>Domingo (03\/05)<\/strong><\/p>\n<p>Isaque e Edson Gomes, Durval L\u00e9lys, Robyss\u00e3o, Bloco Trem da Alegria, Bloco da Paz, Ki-Pegada, Na Madrugada, Fred Nunes, Hot Sound, O Clandestino e Jamaica Moreno.<\/p>\n<p>E quem n\u00e3o puder aproveitar presencialmente vai ter a possibilidade de acompanhar tudo ao vivo. A Coit\u00e9 Folia 2026 contar\u00e1 com uma cobertura especial, com mais de 20 horas de transmiss\u00e3o pelo canal oficial do YouTube da Prefeitura. Ser\u00e3o c\u00e2meras exclusivas espalhadas pelo circuito, VTs especiais, reportagens direto da rua e toda a energia da festa chegando em tempo real para o p\u00fablico.<\/p>\n<p>A cidade j\u00e1 est\u00e1 pronta. Agora \u00e9 s\u00f3 contar os dias e se preparar: a Coit\u00e9 Folia 2026 vem a\u00ed para fazer com muita diversidade e alegria para todos os gostos e idades.<\/p>\n<p><em>Siga o Acorda Cidade no <\/em><a href=\"https:\/\/news.google.com\/search?q=acorda%20cidade&amp;hl=pt-BR&amp;gl=BR&amp;ceid=BR%3Apt-419\"><strong><em>Google Not\u00edcias<\/em><\/strong><\/a><em>\u00a0e receba os principais destaques do dia. Participe tamb\u00e9m dos nossos canais no\u00a0<\/em><a href=\"https:\/\/www.whatsapp.com\/channel\/0029Va6Rb4v3WHTNnsh8WI3N\"><strong><em>WhatsApp<\/em><\/strong><\/a><em>\u00a0e\u00a0<\/em><a href=\"https:\/\/www.youtube.com\/@acordacidadenoticias\/videos\"><strong>YouTube<\/strong><\/a><em>\u00a0e grupo de\u00a0<\/em><a href=\"https:\/\/t.me\/+sSz0khrgARA0ZmRh\"><strong><em>Telegram<\/em><\/strong><\/a><em>.<\/em><\/p>\n<\/div>\n","protected":false},"excerpt":{"rendered":"<div>\n<div>\n<figure><img decoding=\"async\" src=\"https:\/\/uploads.acordacidade.com.br\/2026\/04\/Coite-Folia-Foto-Divulgacao.jpg\" alt=\"Coit\u00e9 Folia\"><figcaption>Foto: Divulga\u00e7\u00e3o<\/figcaption><\/figure>\n<\/div>\n<p>O evento ter\u00e1 transmiss\u00e3o ao vivo pelo YouTube da Prefeitura, garantindo que ningu\u00e9m perca os quatro dias de festa em Concei\u00e7\u00e3o do Coit\u00e9.<\/p><\/div>\n","protected":false},"author":1,"featured_media":128949,"comment_status":"closed","ping_status":"closed","sticky":false,"template":"","format":"gallery","meta":{"footnotes":""},"categories":[8,9,6,57,56,10],"tags":[],"class_list":["post-128948","post","type-post","status-publish","format-gallery","has-post-thumbnail","hentry","category-bahia","category-brasil","category-feira-de-santana","category-mundo","category-policia","category-politica","post_format-post-format-gallery"],"featured_image_urls":{"full":["https:\/\/noticiasbahia360.com.br\/wp-content\/uploads\/2026\/04\/Coite-Folia-Foto-Divulgacao.jpg",1200,630,false],"thumbnail":["https:\/\/noticiasbahia360.com.br\/wp-content\/uploads\/2026\/04\/Coite-Folia-Foto-Divulgacao-150x150.jpg",150,150,true],"medium":["https:\/\/noticiasbahia360.com.br\/wp-content\/uploads\/2026\/04\/Coite-Folia-Foto-Divulgacao-300x158.jpg",300,158,true],"medium_large":["https:\/\/noticiasbahia360.com.br\/wp-content\/uploads\/2026\/04\/Coite-Folia-Foto-Divulgacao-768x403.jpg",640,336,true],"large":["https:\/\/noticiasbahia360.com.br\/wp-content\/uploads\/2026\/04\/Coite-Folia-Foto-Divulgacao-1024x538.jpg",640,336,true],"1536x1536":["https:\/\/noticiasbahia360.com.br\/wp-content\/uploads\/2026\/04\/Coite-Folia-Foto-Divulgacao.jpg",1200,630,false],"2048x2048":["https:\/\/noticiasbahia360.com.br\/wp-content\/uploads\/2026\/04\/Coite-Folia-Foto-Divulgacao.jpg",1200,630,false],"chromenews-featured":["https:\/\/noticiasbahia360.com.br\/wp-content\/uploads\/2026\/04\/Coite-Folia-Foto-Divulgacao-1024x538.jpg",1024,538,true],"chromenews-large":["https:\/\/noticiasbahia360.com.br\/wp-content\/uploads\/2026\/04\/Coite-Folia-Foto-Divulgacao-825x575.jpg",825,575,true],"chromenews-medium":["https:\/\/noticiasbahia360.com.br\/wp-content\/uploads\/2026\/04\/Coite-Folia-Foto-Divulgacao-590x410.jpg",590,410,true]},"author_info":{"display_name":"noticiasbahia360.com.br","author_link":"https:\/\/noticiasbahia360.com.br\/?author=1"},"category_info":"<a href=\"https:\/\/noticiasbahia360.com.br\/?cat=8\" rel=\"category\">Bahia<\/a> <a href=\"https:\/\/noticiasbahia360.com.br\/?cat=9\" rel=\"category\">Brasil<\/a> <a href=\"https:\/\/noticiasbahia360.com.br\/?cat=6\" rel=\"category\">Feira de Santana<\/a> <a href=\"https:\/\/noticiasbahia360.com.br\/?cat=57\" rel=\"category\">Mundo<\/a> <a href=\"https:\/\/noticiasbahia360.com.br\/?cat=56\" rel=\"category\">Pol\u00edcia<\/a> <a href=\"https:\/\/noticiasbahia360.com.br\/?cat=10\" rel=\"category\">Pol\u00edtica<\/a>","tag_info":"Pol\u00edtica","comment_count":"0","_links":{"self":[{"href":"https:\/\/noticiasbahia360.com.br\/index.php?rest_route=\/wp\/v2\/posts\/128948","targetHints":{"allow":["GET"]}}],"collection":[{"href":"https:\/\/noticiasbahia360.com.br\/index.php?rest_route=\/wp\/v2\/posts"}],"about":[{"href":"https:\/\/noticiasbahia360.com.br\/index.php?rest_route=\/wp\/v2\/types\/post"}],"author":[{"embeddable":true,"href":"https:\/\/noticiasbahia360.com.br\/index.php?rest_route=\/wp\/v2\/users\/1"}],"replies":[{"embeddable":true,"href":"https:\/\/noticiasbahia360.com.br\/index.php?rest_route=%2Fwp%2Fv2%2Fcomments&post=128948"}],"version-history":[{"count":0,"href":"https:\/\/noticiasbahia360.com.br\/index.php?rest_route=\/wp\/v2\/posts\/128948\/revisions"}],"wp:featuredmedia":[{"embeddable":true,"href":"https:\/\/noticiasbahia360.com.br\/index.php?rest_route=\/wp\/v2\/media\/128949"}],"wp:attachment":[{"href":"https:\/\/noticiasbahia360.com.br\/index.php?rest_route=%2Fwp%2Fv2%2Fmedia&parent=128948"}],"wp:term":[{"taxonomy":"category","embeddable":true,"href":"https:\/\/noticiasbahia360.com.br\/index.php?rest_route=%2Fwp%2Fv2%2Fcategories&post=128948"},{"taxonomy":"post_tag","embeddable":true,"href":"https:\/\/noticiasbahia360.com.br\/index.php?rest_route=%2Fwp%2Fv2%2Ftags&post=128948"}],"curies":[{"name":"wp","href":"https:\/\/api.w.org\/{rel}","templated":true}]}}