{"id":128951,"date":"2026-04-29T19:46:10","date_gmt":"2026-04-29T22:46:10","guid":{"rendered":"https:\/\/noticiasbahia360.com.br\/?p=128951"},"modified":"2026-04-29T19:46:10","modified_gmt":"2026-04-29T22:46:10","slug":"feira-de-santana-adere-ao-projeto-municipio-seguro-e-recebe-selo-do-mpba","status":"publish","type":"post","link":"https:\/\/noticiasbahia360.com.br\/?p=128951","title":{"rendered":"Feira de Santana adere ao projeto Munic\u00edpio Seguro e recebe selo do MPBA"},"content":{"rendered":"<div>\n<div>\n<figure><img decoding=\"async\" src=\"http:\/\/noticiasbahia360.com.br\/wp-content\/uploads\/2026\/04\/entrega-do-selo-Municipio-seguro-Luziel-Andrade-secretario-de-Prevencao-a-Violencia-de-Feira-de-Santana-foto-Ney-Silva-Acorda-Cidade-1-1.jpg\" alt=\"selo\"><figcaption>Foto: Ney Silva \/ Acorda Cidade <\/figcaption><\/figure>\n<\/div>\n<div class=\"wp-block-group\">\n<div class=\"wp-block-group__inner-container is-layout-constrained wp-block-group-is-layout-constrained\">\n<p>Feira de Santana recebeu o selo \u201c<strong>Munic\u00edpio Seguro<\/strong>\u201d durante um evento realizado pelo Minist\u00e9rio P\u00fablico da Bahia (MPBA). O encontro, que ocorreu na noite de ter\u00e7a-feira (28), com a participa\u00e7\u00e3o de mais de 70 prefeitos, discutiu estrat\u00e9gias para a redu\u00e7\u00e3o da viol\u00eancia nas cidades.<\/p>\n<p>Na pr\u00e1tica, a certifica\u00e7\u00e3o concedida pelo MPBA indica que as prefeituras aderiram a um projeto mais amplo de enfrentamento \u00e0 viol\u00eancia, que leva o mesmo nome do selo, e est\u00e3o comprometidas em implementar pol\u00edticas p\u00fablicas eficazes de seguran\u00e7a preventiva.<\/p>\n<p>O coronel Luziel Andrade, secret\u00e1rio de Preven\u00e7\u00e3o \u00e0 Viol\u00eancia no munic\u00edpio conhecido tamb\u00e9m como Princesa do Sert\u00e3o, afirmou que o evento foi muito positivo e serviu para evidenciar que Feira de Santana est\u00e1 muito \u00e0 frente em rela\u00e7\u00e3o \u00e0 implementa\u00e7\u00e3o de a\u00e7\u00f5es de combate \u00e0 viol\u00eancia.<\/p>\n<figure class=\"wp-block-image size-full\"><img fetchpriority=\"high\" decoding=\"async\" width=\"1200\" height=\"675\" src=\"http:\/\/noticiasbahia360.com.br\/wp-content\/uploads\/2026\/04\/Luziel-Andrade-secretario-de-Prevencao-a-Violencia-de-Feira-de-Santana-foto-Ney-Silva-Acorda-Cidade-.jpg\" alt=\"coronel Luziel Andrade, secret\u00e1rio de Preven\u00e7\u00e3o \u00e0 Viol\u00eancia\" class=\"wp-image-651081\" srcset=\"http:\/\/noticiasbahia360.com.br\/wp-content\/uploads\/2026\/04\/Luziel-Andrade-secretario-de-Prevencao-a-Violencia-de-Feira-de-Santana-foto-Ney-Silva-Acorda-Cidade-.jpg 1200w, https:\/\/uploads.acordacidade.com.br\/2026\/04\/Luziel-Andrade-secretario-de-Prevencao-a-Violencia-de-Feira-de-Santana-foto-Ney-Silva-Acorda-Cidade--750x422.jpg 750w, https:\/\/uploads.acordacidade.com.br\/2026\/04\/Luziel-Andrade-secretario-de-Prevencao-a-Violencia-de-Feira-de-Santana-foto-Ney-Silva-Acorda-Cidade--1000x563.jpg 1000w, https:\/\/uploads.acordacidade.com.br\/2026\/04\/Luziel-Andrade-secretario-de-Prevencao-a-Violencia-de-Feira-de-Santana-foto-Ney-Silva-Acorda-Cidade--450x253.jpg 450w, https:\/\/uploads.acordacidade.com.br\/2026\/04\/Luziel-Andrade-secretario-de-Prevencao-a-Violencia-de-Feira-de-Santana-foto-Ney-Silva-Acorda-Cidade--150x84.jpg 150w\" sizes=\"(max-width: 1200px) 100vw, 1200px\"><figcaption class=\"wp-element-caption\">Coronel Luziel Andrade, secret\u00e1rio de Preven\u00e7\u00e3o \u00e0 Viol\u00eancia | Foto: Ney Silva \/ Acorda Cidade <\/figcaption><\/figure>\n<p>\u201cO detalhe \u00e9: a cidade adere ao plano porque j\u00e1 est\u00e1 fazendo as a\u00e7\u00f5es ou porque ele se v\u00ea na obriga\u00e7\u00e3o de assinar um <strong>Termo de Ajustamento de Conduta<\/strong> (TAC) com o MPBA, comprometendo-se a cumprir aquelas exig\u00eancias para fazer parte. Ent\u00e3o, Feira de Santana j\u00e1 cumpriu todas as etapas e j\u00e1 entrou agora na fase de come\u00e7ar a trabalhar\u201d, disse o secret\u00e1rio.<\/p>\n<\/div>\n<\/div>\n<div class=\"wp-block-group\">\n<div class=\"wp-block-group__inner-container is-layout-constrained wp-block-group-is-layout-constrained\">\n<h3 class=\"wp-block-heading\" id=\"h-meio-caminho-andado\">Meio caminho andado<\/h3>\n<p>Segundo Luziel, fazer parte do programa <strong>Munic\u00edpio Seguro<\/strong> traz uma s\u00e9rie de vantagens aos integrantes. O principal benef\u00edcio \u00e9 a possibilidade de cria\u00e7\u00e3o de um fundo administrado pelo pr\u00f3prio munic\u00edpio, com a destina\u00e7\u00e3o dos recursos para a \u00e1rea de seguran\u00e7a p\u00fablica.<\/p>\n<p>Para a reportagem do <a href=\"https:\/\/www.acordacidade.com.br\/\">Acorda Cidade<\/a>, o secret\u00e1rio explicou que est\u00e1 muito feliz em saber que boa parte das diretrizes que o Minist\u00e9rio P\u00fablico institui como cl\u00e1usulas essenciais para a concess\u00e3o do selo j\u00e1 foram implementadas de forma antecipada pelo munic\u00edpio.<\/p>\n<p>\u201cA primeira exig\u00eancia \u00e9 o Plano Municipal de Seguran\u00e7a P\u00fablica, e Feira de Santana tem a oportunidade de ser a primeira cidade do Nordeste a ter esse plano aprovado, porque n\u00f3s j\u00e1 encaminhamos o texto para a C\u00e2mara de Vereadores. Sendo aprovado, eu acredito que tem tudo para ser o primeiro do Nordeste\u201d, disse.<\/p>\n<figure class=\"wp-block-image size-full\"><img decoding=\"async\" width=\"1200\" height=\"675\" src=\"http:\/\/noticiasbahia360.com.br\/wp-content\/uploads\/2026\/04\/Secretaria-de-Prevencao-a-Violencia-de-Feira-de-Santana-foto-Ney-Silva-Acorda-Cidade-.jpg\" alt=\"Pr\u00e9dio da Secretaria de Preven\u00e7\u00e3o \u00e0 Viol\u00eancia de Feira de Santana\" class=\"wp-image-651079\" srcset=\"http:\/\/noticiasbahia360.com.br\/wp-content\/uploads\/2026\/04\/Secretaria-de-Prevencao-a-Violencia-de-Feira-de-Santana-foto-Ney-Silva-Acorda-Cidade-.jpg 1200w, https:\/\/uploads.acordacidade.com.br\/2026\/04\/Secretaria-de-Prevencao-a-Violencia-de-Feira-de-Santana-foto-Ney-Silva-Acorda-Cidade--750x422.jpg 750w, https:\/\/uploads.acordacidade.com.br\/2026\/04\/Secretaria-de-Prevencao-a-Violencia-de-Feira-de-Santana-foto-Ney-Silva-Acorda-Cidade--1000x563.jpg 1000w, https:\/\/uploads.acordacidade.com.br\/2026\/04\/Secretaria-de-Prevencao-a-Violencia-de-Feira-de-Santana-foto-Ney-Silva-Acorda-Cidade--450x253.jpg 450w, https:\/\/uploads.acordacidade.com.br\/2026\/04\/Secretaria-de-Prevencao-a-Violencia-de-Feira-de-Santana-foto-Ney-Silva-Acorda-Cidade--150x84.jpg 150w\" sizes=\"(max-width: 1200px) 100vw, 1200px\"><figcaption class=\"wp-element-caption\">Pr\u00e9dio da Secretaria de Preven\u00e7\u00e3o \u00e0 Viol\u00eancia de Feira de Santana | Foto: Ney Silva Acorda Cidade<\/figcaption><\/figure>\n<p>O secret\u00e1rio afirmou que ficou ainda mais animado ap\u00f3s assistir \u00e0 apresenta\u00e7\u00e3o do plano, que foi elaborado pelo departamento jur\u00eddico da prefeitura, e constatar, segundo ele, que grande parte do texto est\u00e1 de acordo com o que foi exigido pelo MPBA.<\/p>\n<p>\u201cMod\u00e9stia \u00e0 parte, o plano de seguran\u00e7a de Feira de Santana foi feito de uma forma bastante criteriosa e de uma forma que atendeu a todo aquele questionamento que \u00e9 necess\u00e1rio no plano nacional. Ent\u00e3o, esperamos que a <a href=\"https:\/\/www.acordacidade.com.br\/tag\/camara-municipal\/\" type=\"post_tag\" id=\"70205\">C\u00e2mara <\/a>possa fazer essa an\u00e1lise e vota\u00e7\u00e3o o mais r\u00e1pido poss\u00edvel, porque realmente o plano \u00e9 muito importante\u201d, disse.<\/p>\n<p>O secret\u00e1rio aproveitou a oportunidade para listar para a reportagem do <a href=\"https:\/\/www.acordacidade.com.br\/\">Acorda Cidade <\/a>uma s\u00e9rie de a\u00e7\u00f5es concretas que ajudaram o munic\u00edpio na conquista do selo, como, por exemplo, a cria\u00e7\u00e3o de conselhos especiais e a nomea\u00e7\u00e3o de seus respectivos conselheiros, e a institui\u00e7\u00e3o dos telefones para contato 153, 156 e 199.<\/p>\n<p>\u201cTudo isso teve que ser institu\u00eddo para fazer parte desse plano, e o plano est\u00e1 pronto. Ent\u00e3o, para entrar em vigor, s\u00f3 falta essa an\u00e1lise da C\u00e2mara de Vereadores. Estamos aptos a participar desse projeto de uma forma bastante tranquila. tanto que o munic\u00edpio de Feira de Santana, eu acredito que seja o \u00fanico que n\u00e3o precisou fazer TAC com o MP\u201d, disse.<\/p>\n<\/div>\n<\/div>\n<div class=\"wp-block-group\">\n<div class=\"wp-block-group__inner-container is-layout-constrained wp-block-group-is-layout-constrained\">\n<h3 class=\"wp-block-heading\" id=\"h-a-guarda-municipal\">A guarda municipal<\/h3>\n<p>Ao ser questionado sobre o papel da Guarda Municipal no plano de seguran\u00e7a que est\u00e1 sob an\u00e1lise do Legislativo e a rela\u00e7\u00e3o do efetivo com a Pol\u00edcia Militar (<a href=\"https:\/\/www.acordacidade.com.br\/tag\/pm\/\" type=\"post_tag\" id=\"33791\">PM<\/a>), o secret\u00e1rio foi categ\u00f3rico ao afirmar que cada entidade desempenha uma fun\u00e7\u00e3o essencial no combate \u00e0 viol\u00eancia.<\/p>\n<figure class=\"wp-block-image size-full is-resized\"><img decoding=\"async\" width=\"640\" height=\"324\" src=\"https:\/\/www.acordacidade.com.br\/wp-content\/uploads\/2024\/06\/Novas-Viaturas-da-Guarda-Municipal-CAPA-1-foto-Jorge-Magalhaes-1-jpg.avif\" alt=\"Guarda Municipal\" class=\"wp-image-401988\" style=\"width:836px;height:auto\"><figcaption class=\"wp-element-caption\">Foto: Jorge Magalh\u00e3es\/Secom<\/figcaption><\/figure>\n<p>\u201cSeguran\u00e7a p\u00fablica \u00e9 dever de todos, tanto que cada cidad\u00e3o \u00e9 uma autoridade quando prende algu\u00e9m em flagrante ou evita um crime. O papel do munic\u00edpio n\u00e3o se confunde com o Estado. O Estado tem a miss\u00e3o dele a n\u00edvel estadual. Ele vai continuar com responsabilidade dentro dos munic\u00edpios da mesma forma como est\u00e1 na Constitui\u00e7\u00e3o\u201d, disse.<\/p>\n<p>\u201cN\u00f3s estamos formando mais cinco guardas. \u00c9 um n\u00famero que pode ser considerado pequeno, mas tudo \u00e9 um planejamento. Esse planejamento, que vai ser feito a partir da aprova\u00e7\u00e3o desse plano, vai nos permitir fazer, inclusive, uma reestrutura\u00e7\u00e3o da guarda atual, que tem 133 anos\u201d, finalizou o secret\u00e1rio.<\/p>\n<\/div>\n<\/div>\n<p><em>Com informa\u00e7\u00f5es do rep\u00f3rter Ney Silva, do Acorda Cidade<\/em><\/p>\n<p><em>Siga o Acorda Cidade no\u00a0<\/em><a href=\"https:\/\/news.google.com\/search?q=acorda%20cidade&amp;hl=pt-BR&amp;gl=BR&amp;ceid=BR%3Apt-419\"><strong><em>Google Not\u00edcias<\/em><\/strong><\/a><em>\u00a0e receba os principais destaques do dia. Participe tamb\u00e9m dos nossos canais no\u00a0<\/em><a href=\"https:\/\/www.whatsapp.com\/channel\/0029Va6Rb4v3WHTNnsh8WI3N\"><strong><em>WhatsApp<\/em><\/strong><\/a><em>\u00a0e\u00a0<\/em><a href=\"https:\/\/www.youtube.com\/@acordacidadenoticias\/videos\"><strong>YouTube<\/strong><\/a><em>\u00a0e grupo de\u00a0<\/em><a href=\"https:\/\/t.me\/+sSz0khrgARA0ZmRh\"><strong><em>Telegram<\/em><\/strong><\/a><em>.<\/em><\/p>\n<\/div>\n","protected":false},"excerpt":{"rendered":"<div>\n<div>\n<figure><img decoding=\"async\" src=\"https:\/\/uploads.acordacidade.com.br\/2026\/04\/entrega-do-selo-Municipio-seguro-Luziel-Andrade-secretario-de-Prevencao-a-Violencia-de-Feira-de-Santana-foto-Ney-Silva-Acorda-Cidade-1-1.jpg\" alt=\"selo\"><figcaption>Foto: Ney Silva \/ Acorda Cidade <\/figcaption><\/figure>\n<\/div>\n<p>Na pr\u00e1tica, a certifica\u00e7\u00e3o concedida pelo MPBA indica que as prefeituras aderiram a um projeto mais amplo de enfrentamento \u00e0 viol\u00eancia.<\/p><\/div>\n","protected":false},"author":1,"featured_media":128952,"comment_status":"closed","ping_status":"closed","sticky":false,"template":"","format":"gallery","meta":{"footnotes":""},"categories":[8,9,6,57,56,10],"tags":[],"class_list":["post-128951","post","type-post","status-publish","format-gallery","has-post-thumbnail","hentry","category-bahia","category-brasil","category-feira-de-santana","category-mundo","category-policia","category-politica","post_format-post-format-gallery"],"featured_image_urls":{"full":["https:\/\/noticiasbahia360.com.br\/wp-content\/uploads\/2026\/04\/entrega-do-selo-Municipio-seguro-Luziel-Andrade-secretario-de-Prevencao-a-Violencia-de-Feira-de-Santana-foto-Ney-Silva-Acorda-Cidade-1-1.jpg",1200,675,false],"thumbnail":["https:\/\/noticiasbahia360.com.br\/wp-content\/uploads\/2026\/04\/entrega-do-selo-Municipio-seguro-Luziel-Andrade-secretario-de-Prevencao-a-Violencia-de-Feira-de-Santana-foto-Ney-Silva-Acorda-Cidade-1-1-150x150.jpg",150,150,true],"medium":["https:\/\/noticiasbahia360.com.br\/wp-content\/uploads\/2026\/04\/entrega-do-selo-Municipio-seguro-Luziel-Andrade-secretario-de-Prevencao-a-Violencia-de-Feira-de-Santana-foto-Ney-Silva-Acorda-Cidade-1-1-300x169.jpg",300,169,true],"medium_large":["https:\/\/noticiasbahia360.com.br\/wp-content\/uploads\/2026\/04\/entrega-do-selo-Municipio-seguro-Luziel-Andrade-secretario-de-Prevencao-a-Violencia-de-Feira-de-Santana-foto-Ney-Silva-Acorda-Cidade-1-1-768x432.jpg",640,360,true],"large":["https:\/\/noticiasbahia360.com.br\/wp-content\/uploads\/2026\/04\/entrega-do-selo-Municipio-seguro-Luziel-Andrade-secretario-de-Prevencao-a-Violencia-de-Feira-de-Santana-foto-Ney-Silva-Acorda-Cidade-1-1-1024x576.jpg",640,360,true],"1536x1536":["https:\/\/noticiasbahia360.com.br\/wp-content\/uploads\/2026\/04\/entrega-do-selo-Municipio-seguro-Luziel-Andrade-secretario-de-Prevencao-a-Violencia-de-Feira-de-Santana-foto-Ney-Silva-Acorda-Cidade-1-1.jpg",1200,675,false],"2048x2048":["https:\/\/noticiasbahia360.com.br\/wp-content\/uploads\/2026\/04\/entrega-do-selo-Municipio-seguro-Luziel-Andrade-secretario-de-Prevencao-a-Violencia-de-Feira-de-Santana-foto-Ney-Silva-Acorda-Cidade-1-1.jpg",1200,675,false],"chromenews-featured":["https:\/\/noticiasbahia360.com.br\/wp-content\/uploads\/2026\/04\/entrega-do-selo-Municipio-seguro-Luziel-Andrade-secretario-de-Prevencao-a-Violencia-de-Feira-de-Santana-foto-Ney-Silva-Acorda-Cidade-1-1-1024x576.jpg",1024,576,true],"chromenews-large":["https:\/\/noticiasbahia360.com.br\/wp-content\/uploads\/2026\/04\/entrega-do-selo-Municipio-seguro-Luziel-Andrade-secretario-de-Prevencao-a-Violencia-de-Feira-de-Santana-foto-Ney-Silva-Acorda-Cidade-1-1-825x575.jpg",825,575,true],"chromenews-medium":["https:\/\/noticiasbahia360.com.br\/wp-content\/uploads\/2026\/04\/entrega-do-selo-Municipio-seguro-Luziel-Andrade-secretario-de-Prevencao-a-Violencia-de-Feira-de-Santana-foto-Ney-Silva-Acorda-Cidade-1-1-590x410.jpg",590,410,true]},"author_info":{"display_name":"noticiasbahia360.com.br","author_link":"https:\/\/noticiasbahia360.com.br\/?author=1"},"category_info":"<a href=\"https:\/\/noticiasbahia360.com.br\/?cat=8\" rel=\"category\">Bahia<\/a> <a href=\"https:\/\/noticiasbahia360.com.br\/?cat=9\" rel=\"category\">Brasil<\/a> <a href=\"https:\/\/noticiasbahia360.com.br\/?cat=6\" rel=\"category\">Feira de Santana<\/a> <a href=\"https:\/\/noticiasbahia360.com.br\/?cat=57\" rel=\"category\">Mundo<\/a> <a href=\"https:\/\/noticiasbahia360.com.br\/?cat=56\" rel=\"category\">Pol\u00edcia<\/a> <a href=\"https:\/\/noticiasbahia360.com.br\/?cat=10\" rel=\"category\">Pol\u00edtica<\/a>","tag_info":"Pol\u00edtica","comment_count":"0","_links":{"self":[{"href":"https:\/\/noticiasbahia360.com.br\/index.php?rest_route=\/wp\/v2\/posts\/128951","targetHints":{"allow":["GET"]}}],"collection":[{"href":"https:\/\/noticiasbahia360.com.br\/index.php?rest_route=\/wp\/v2\/posts"}],"about":[{"href":"https:\/\/noticiasbahia360.com.br\/index.php?rest_route=\/wp\/v2\/types\/post"}],"author":[{"embeddable":true,"href":"https:\/\/noticiasbahia360.com.br\/index.php?rest_route=\/wp\/v2\/users\/1"}],"replies":[{"embeddable":true,"href":"https:\/\/noticiasbahia360.com.br\/index.php?rest_route=%2Fwp%2Fv2%2Fcomments&post=128951"}],"version-history":[{"count":0,"href":"https:\/\/noticiasbahia360.com.br\/index.php?rest_route=\/wp\/v2\/posts\/128951\/revisions"}],"wp:featuredmedia":[{"embeddable":true,"href":"https:\/\/noticiasbahia360.com.br\/index.php?rest_route=\/wp\/v2\/media\/128952"}],"wp:attachment":[{"href":"https:\/\/noticiasbahia360.com.br\/index.php?rest_route=%2Fwp%2Fv2%2Fmedia&parent=128951"}],"wp:term":[{"taxonomy":"category","embeddable":true,"href":"https:\/\/noticiasbahia360.com.br\/index.php?rest_route=%2Fwp%2Fv2%2Fcategories&post=128951"},{"taxonomy":"post_tag","embeddable":true,"href":"https:\/\/noticiasbahia360.com.br\/index.php?rest_route=%2Fwp%2Fv2%2Ftags&post=128951"}],"curies":[{"name":"wp","href":"https:\/\/api.w.org\/{rel}","templated":true}]}}