{"id":128955,"date":"2026-04-29T19:46:12","date_gmt":"2026-04-29T22:46:12","guid":{"rendered":"https:\/\/noticiasbahia360.com.br\/?p=128955"},"modified":"2026-04-29T19:46:12","modified_gmt":"2026-04-29T22:46:12","slug":"embasa-tera-limite-de-15-minutos-em-filas-apos-lei-promulgada-em-feira-de-santana","status":"publish","type":"post","link":"https:\/\/noticiasbahia360.com.br\/?p=128955","title":{"rendered":"Embasa ter\u00e1 limite de 15 minutos em filas ap\u00f3s lei promulgada em Feira de Santana"},"content":{"rendered":"<div>\n<div>\n<figure><img decoding=\"async\" src=\"http:\/\/noticiasbahia360.com.br\/wp-content\/uploads\/2026\/04\/embasa-feira-de-santana-foto-ney-silva-acorda-cidade.jpg\" alt=\"Embasa - Feira de Santana\"><figcaption>Foto: Ney Silva\/Acorda Cidade<\/figcaption><\/figure>\n<\/div>\n<p>A C\u00e2mara Municipal de Feira de Santana promulgou, nesta quarta-feira (29), um projeto de lei que estabelece tempo m\u00e1ximo de espera no atendimento para clientes da Empresa Baiana de \u00c1guas e Saneamento (<strong>Embasa<\/strong>). A proposta, de autoria do vereador <a href=\"https:\/\/www.acordacidade.com.br\/tag\/jorge-oliveira\/\" type=\"post_tag\" id=\"136910\">Jorge Oliveira<\/a>, foi aprovada por unanimidade pelos parlamentares.<\/p>\n<p><strong>Pela nova lei, os consumidores dever\u00e3o ser atendidos em at\u00e9 15 minutos nas unidades da Embasa, que ter\u00e1 um prazo de 120 dias para se adequar \u00e0s regras, sob pena de san\u00e7\u00f5es e multas.<\/strong><\/p>\n<p>Vale ressaltar que o prefeito de Jos\u00e9 Ronaldo de Carvalho j\u00e1 havia sancionado e publicado no Di\u00e1rio Oficial do Munic\u00edpio, no dia 12 de mar\u00e7o, a Lei n\u00ba 4.354, que define o <a href=\"https:\/\/www.acordacidade.com.br\/feira-de-santana\/lei-estabelece-tempo-maximo-de-espera-para-atendimento-presencial-nas-unidades-da-coelba-em-feira-de-santana\/\" type=\"link\" id=\"https:\/\/www.acordacidade.com.br\/feira-de-santana\/lei-estabelece-tempo-maximo-de-espera-para-atendimento-presencial-nas-unidades-da-coelba-em-feira-de-santana\/\">tempo m\u00e1ximo de espera para atendimento presencial nas unidades da Neoenergia Coelba<\/a> em Feira de Santana.<\/p>\n<p>A fiscaliza\u00e7\u00e3o ser\u00e1 feita a partir do controle de senhas, que registram o hor\u00e1rio de chegada e de atendimento do cliente. Caso o tempo de espera seja ultrapassado, o cliente poder\u00e1 recorrer ao Procon para a ado\u00e7\u00e3o das medidas cab\u00edveis.<\/p>\n<p>\u201cCada cliente que chegar l\u00e1 vai ter aquela maquininha, tipo uma senha, dizendo o hor\u00e1rio que ela entrou e o hor\u00e1rio que saiu. Se ela julgar que foi prejudicada, vai ao Procon com o hor\u00e1rio que chegou e o hor\u00e1rio que saiu, e o Procon entra em atividade para que possa fazer com que a lei seja cumprida, e com certeza as penalidades vir\u00e3o\u201d, afirmou Jorge Oliveira.<\/p>\n<figure class=\"wp-block-image size-full\"><img fetchpriority=\"high\" fetchpriority=\"high\" decoding=\"async\" width=\"1200\" height=\"900\" src=\"http:\/\/noticiasbahia360.com.br\/wp-content\/uploads\/2026\/04\/Vereador-Jorge-Oliveira.jpg\" alt=\"Vereador Jorge Oliveira\" class=\"wp-image-651091\" srcset=\"http:\/\/noticiasbahia360.com.br\/wp-content\/uploads\/2026\/04\/Vereador-Jorge-Oliveira.jpg 1200w, https:\/\/uploads.acordacidade.com.br\/2026\/04\/Vereador-Jorge-Oliveira-750x563.jpg 750w, https:\/\/uploads.acordacidade.com.br\/2026\/04\/Vereador-Jorge-Oliveira-1000x750.jpg 1000w, https:\/\/uploads.acordacidade.com.br\/2026\/04\/Vereador-Jorge-Oliveira-450x338.jpg 450w, https:\/\/uploads.acordacidade.com.br\/2026\/04\/Vereador-Jorge-Oliveira-150x113.jpg 150w\" sizes=\"(max-width: 1200px) 100vw, 1200px\"><figcaption class=\"wp-element-caption\">Vereador Jorge Oliveira | Foto: Paulo Jos\u00e9\/ Acorda Cidade<\/figcaption><\/figure>\n<p>De acordo com o vereador, \u00e9 dever do legislador criar leis justas para o povo. Os \u00f3rg\u00e3os competentes tamb\u00e9m devem garantir que a norma seja respeitada.<\/p>\n<p>\u201cMeu dever eu estou fazendo, que \u00e9 de, como legislador, criar leis, leis justas para o povo. Agora, se a Embasa n\u00e3o cumprir, j\u00e1 tem um outro setor, um outro segmento, um outro compartimento da administra\u00e7\u00e3o p\u00fablica que aplicar\u00e1 a penalidade para ela. Afinal de contas, elas s\u00e3o concession\u00e1rias do munic\u00edpio.\u201d<\/p>\n<p><em>Com informa\u00e7\u00f5es do rep\u00f3rter Paulo Jos\u00e9, do Acorda Cidade<\/em><\/p>\n<p><strong>Leia tamb\u00e9m:<\/strong><\/p>\n<p><a href=\"https:\/\/www.acordacidade.com.br\/feira-de-santana\/lei-estabelece-tempo-maximo-de-espera-para-atendimento-presencial-nas-unidades-da-coelba-em-feira-de-santana\/\" type=\"link\" id=\"https:\/\/www.acordacidade.com.br\/feira-de-santana\/lei-estabelece-tempo-maximo-de-espera-para-atendimento-presencial-nas-unidades-da-coelba-em-feira-de-santana\/\">Lei estabelece tempo m\u00e1ximo de espera para atendimento presencial nas unidades da Coelba em Feira de Santana<\/a><\/p>\n<p><a href=\"https:\/\/www.acordacidade.com.br\/feira-de-santana\/procon-fiscaliza-regra-dos-15-minutos-de-espera-em-agencia-da-coelba-em-feira-de-santana\/\" type=\"link\" id=\"https:\/\/www.acordacidade.com.br\/feira-de-santana\/procon-fiscaliza-regra-dos-15-minutos-de-espera-em-agencia-da-coelba-em-feira-de-santana\/\">Procon fiscaliza regra dos 15 minutos de espera em ag\u00eancia da Coelba em Feira de Santana<\/a><\/p>\n<p><em>Siga o Acorda Cidade no<\/em><a href=\"https:\/\/news.google.com\/search?q=acorda%20cidade&amp;hl=pt-BR&amp;gl=BR&amp;ceid=BR%3Apt-419\"><strong><em>\u00a0Google Not\u00edcias<\/em><\/strong><\/a><em>\u00a0e receba os principais destaques do dia. Participe tamb\u00e9m dos nossos canais no\u00a0<\/em><a href=\"https:\/\/www.whatsapp.com\/channel\/0029Va6Rb4v3WHTNnsh8WI3N\"><strong><em>WhatsApp<\/em><\/strong><\/a><em>\u00a0e\u00a0<\/em><a href=\"https:\/\/www.youtube.com\/@acordacidadenoticias\/videos\"><strong>YouTube<\/strong><\/a><em>\u00a0e grupo de\u00a0<\/em><a href=\"https:\/\/t.me\/+sSz0khrgARA0ZmRh\"><strong><em>Telegram<\/em><\/strong><\/a><em>.<\/em><\/p>\n<\/div>\n","protected":false},"excerpt":{"rendered":"<div>\n<div>\n<figure><img decoding=\"async\" src=\"https:\/\/www.acordacidade.com.br\/wp-content\/uploads\/2025\/11\/embasa-feira-de-santana-foto-ney-silva-acorda-cidade.jpg\" alt=\"Embasa - Feira de Santana\"><figcaption>Foto: Ney Silva\/Acorda Cidade<\/figcaption><\/figure>\n<\/div>\n<p>A fiscaliza\u00e7\u00e3o ser\u00e1 feita a partir do controle de senhas, que registram o hor\u00e1rio de chegada e de atendimento do cliente.<\/p><\/div>\n","protected":false},"author":1,"featured_media":128956,"comment_status":"closed","ping_status":"closed","sticky":false,"template":"","format":"gallery","meta":{"footnotes":""},"categories":[8,9,6,57,56,10],"tags":[],"class_list":["post-128955","post","type-post","status-publish","format-gallery","has-post-thumbnail","hentry","category-bahia","category-brasil","category-feira-de-santana","category-mundo","category-policia","category-politica","post_format-post-format-gallery"],"featured_image_urls":{"full":["https:\/\/noticiasbahia360.com.br\/wp-content\/uploads\/2026\/04\/embasa-feira-de-santana-foto-ney-silva-acorda-cidade.jpg",1200,799,false],"thumbnail":["https:\/\/noticiasbahia360.com.br\/wp-content\/uploads\/2026\/04\/embasa-feira-de-santana-foto-ney-silva-acorda-cidade-150x150.jpg",150,150,true],"medium":["https:\/\/noticiasbahia360.com.br\/wp-content\/uploads\/2026\/04\/embasa-feira-de-santana-foto-ney-silva-acorda-cidade-300x200.jpg",300,200,true],"medium_large":["https:\/\/noticiasbahia360.com.br\/wp-content\/uploads\/2026\/04\/embasa-feira-de-santana-foto-ney-silva-acorda-cidade-768x511.jpg",640,426,true],"large":["https:\/\/noticiasbahia360.com.br\/wp-content\/uploads\/2026\/04\/embasa-feira-de-santana-foto-ney-silva-acorda-cidade-1024x682.jpg",640,426,true],"1536x1536":["https:\/\/noticiasbahia360.com.br\/wp-content\/uploads\/2026\/04\/embasa-feira-de-santana-foto-ney-silva-acorda-cidade.jpg",1200,799,false],"2048x2048":["https:\/\/noticiasbahia360.com.br\/wp-content\/uploads\/2026\/04\/embasa-feira-de-santana-foto-ney-silva-acorda-cidade.jpg",1200,799,false],"chromenews-featured":["https:\/\/noticiasbahia360.com.br\/wp-content\/uploads\/2026\/04\/embasa-feira-de-santana-foto-ney-silva-acorda-cidade-1024x682.jpg",1024,682,true],"chromenews-large":["https:\/\/noticiasbahia360.com.br\/wp-content\/uploads\/2026\/04\/embasa-feira-de-santana-foto-ney-silva-acorda-cidade-825x575.jpg",825,575,true],"chromenews-medium":["https:\/\/noticiasbahia360.com.br\/wp-content\/uploads\/2026\/04\/embasa-feira-de-santana-foto-ney-silva-acorda-cidade-590x410.jpg",590,410,true]},"author_info":{"display_name":"noticiasbahia360.com.br","author_link":"https:\/\/noticiasbahia360.com.br\/?author=1"},"category_info":"<a href=\"https:\/\/noticiasbahia360.com.br\/?cat=8\" rel=\"category\">Bahia<\/a> <a href=\"https:\/\/noticiasbahia360.com.br\/?cat=9\" rel=\"category\">Brasil<\/a> <a href=\"https:\/\/noticiasbahia360.com.br\/?cat=6\" rel=\"category\">Feira de Santana<\/a> <a href=\"https:\/\/noticiasbahia360.com.br\/?cat=57\" rel=\"category\">Mundo<\/a> <a href=\"https:\/\/noticiasbahia360.com.br\/?cat=56\" rel=\"category\">Pol\u00edcia<\/a> <a href=\"https:\/\/noticiasbahia360.com.br\/?cat=10\" rel=\"category\">Pol\u00edtica<\/a>","tag_info":"Pol\u00edtica","comment_count":"0","_links":{"self":[{"href":"https:\/\/noticiasbahia360.com.br\/index.php?rest_route=\/wp\/v2\/posts\/128955","targetHints":{"allow":["GET"]}}],"collection":[{"href":"https:\/\/noticiasbahia360.com.br\/index.php?rest_route=\/wp\/v2\/posts"}],"about":[{"href":"https:\/\/noticiasbahia360.com.br\/index.php?rest_route=\/wp\/v2\/types\/post"}],"author":[{"embeddable":true,"href":"https:\/\/noticiasbahia360.com.br\/index.php?rest_route=\/wp\/v2\/users\/1"}],"replies":[{"embeddable":true,"href":"https:\/\/noticiasbahia360.com.br\/index.php?rest_route=%2Fwp%2Fv2%2Fcomments&post=128955"}],"version-history":[{"count":0,"href":"https:\/\/noticiasbahia360.com.br\/index.php?rest_route=\/wp\/v2\/posts\/128955\/revisions"}],"wp:featuredmedia":[{"embeddable":true,"href":"https:\/\/noticiasbahia360.com.br\/index.php?rest_route=\/wp\/v2\/media\/128956"}],"wp:attachment":[{"href":"https:\/\/noticiasbahia360.com.br\/index.php?rest_route=%2Fwp%2Fv2%2Fmedia&parent=128955"}],"wp:term":[{"taxonomy":"category","embeddable":true,"href":"https:\/\/noticiasbahia360.com.br\/index.php?rest_route=%2Fwp%2Fv2%2Fcategories&post=128955"},{"taxonomy":"post_tag","embeddable":true,"href":"https:\/\/noticiasbahia360.com.br\/index.php?rest_route=%2Fwp%2Fv2%2Ftags&post=128955"}],"curies":[{"name":"wp","href":"https:\/\/api.w.org\/{rel}","templated":true}]}}