{"id":128958,"date":"2026-04-29T20:26:32","date_gmt":"2026-04-29T23:26:32","guid":{"rendered":"https:\/\/noticiasbahia360.com.br\/?p=128958"},"modified":"2026-04-29T20:26:32","modified_gmt":"2026-04-29T23:26:32","slug":"apos-fala-polemica-daniela-mercury-pede-desculpas-a-edson-gomes","status":"publish","type":"post","link":"https:\/\/noticiasbahia360.com.br\/?p=128958","title":{"rendered":"Ap\u00f3s fala pol\u00eamica, Daniela Mercury pede desculpas a Edson Gomes"},"content":{"rendered":"<div>\n<div>\n<figure><img decoding=\"async\" src=\"http:\/\/noticiasbahia360.com.br\/wp-content\/uploads\/2026\/04\/Daniela-Mercury-e-Edson-Gomes-1.jpg\" alt=\"Daniela Mercury e Edson Gomes\"><figcaption>Foto: Reprodu\u00e7\u00e3o\/YouTube\/Band Bahia<\/figcaption><\/figure>\n<\/div>\n<p>Daniela Mercury pediu desculpas publicamente ao cantor Edson Gomes ap\u00f3s a pol\u00eamica <a href=\"https:\/\/www.acordacidade.com.br\/entretenimento\/video-daniela-mercury-insinua-acusacao-contra-edson-gomes-e-cantor-nega-em-publico-quero-que-voce-prove\/\">criada durante a cerim\u00f4nia<\/a> de premia\u00e7\u00e3o do Trof\u00e9u Armandinho &amp; Irm\u00e3os Mac\u00eado, realizado na \u00faltima ter\u00e7a (28), no Teatro Sesc Casa do Com\u00e9rcio.<\/p>\n<p>Ap\u00f3s a repercuss\u00e3o do discurso feito em cima do palco,\u00a0no qual o p\u00fablico interpretou como uma acusa\u00e7\u00e3o de agress\u00e3o contra Edson Gomes, a cantora se pronunciou por meio de nota e afirmou lamentar toda cena causada pela sua declara\u00e7\u00e3o.<\/p>\n<p>A artista ainda afirmou que deseja conversar pessoalmente com o cantor para esclarecer toda a situa\u00e7\u00e3o. \u201cDaniela Mercury lamenta que sua manifesta\u00e7\u00e3o tenha gerado interpreta\u00e7\u00e3o diferente da pretendida e pede desculpas a Edson Gomes por qualquer constrangimento causado. Reitera, ainda, o desejo de conversar pessoalmente com o artista em momento oportuno\u201d.<\/p>\n<p>Segundo a equipe, a inten\u00e7\u00e3o de Daniela ao pedir para que ele fosse mais carinhoso era uma forma de alertar a toda popula\u00e7\u00e3o, e n\u00e3o acusa-lo de algo.<\/p>\n<p>\u201cAo mencionar Edson Gomes, falando que ele deveria ser carinhoso com a companheira, sua fala tinha car\u00e1ter amplo e simb\u00f3lico, dirigida a todos os homens brasileiros, como defesa de rela\u00e7\u00f5es baseadas no afeto, no respeito e na dignidade \u00e0 vida de mulheres.\u201d<\/p>\n<p><strong>Confira a nota completa:\u00a0<\/strong><\/p>\n<p><em>Historicamente, a artista Daniela Mercury sempre se posicionou em defesa dos direitos das mulheres, como cidad\u00e3, artista e ativista. Ao longo de sua trajet\u00f3ria, Daniela construiu uma atua\u00e7\u00e3o reconhecida tanto nas artes quanto nas causas sociais, voltada \u00e0 prote\u00e7\u00e3o das popula\u00e7\u00f5es mais vulner\u00e1veis e \u00e0 promo\u00e7\u00e3o dos direitos humanos.<\/em><\/p>\n<p><em>Durante a cerim\u00f4nia do Trof\u00e9u Armandinho &amp; Irm\u00e3os Mac\u00eado, realizada nesta ter\u00e7a-feira, Daniela fez um discurso de rep\u00fadio \u00e0s diversas formas de viol\u00eancia sofridas por mulheres, incentivando o engajamento coletivo nessa luta. Ao mencionar Edson Gomes, falando que ele deveria ser carinhoso com a companheira, sua fala tinha car\u00e1ter amplo e simb\u00f3lico, dirigida a todos os homens brasileiros, como defesa de rela\u00e7\u00f5es baseadas no afeto, no respeito e na dignidade \u00e0 vida de mulheres.\u00a0<\/em><\/p>\n<p><em>Daniela Mercury lamenta que sua manifesta\u00e7\u00e3o tenha gerado interpreta\u00e7\u00e3o diferente da pretendida e pede desculpas a Edson Gomes por qualquer constrangimento causado. Reitera, ainda, o desejo de conversar pessoalmente com o artista em momento oportuno.<\/em><\/p>\n<p><em>Fonte: <a href=\"https:\/\/www.bahianoticias.com.br\/holofote\/noticia\/84176-daniela-mercury-pede-desculpas-a-edson-gomes-apos-polemica-em-premiacao-desejo-de-conversar-pessoalmente\" target=\"_blank\" rel=\"noreferrer noopener\">Bahia Not\u00edcias<\/a>, parceiro do Acorda Cidade<\/em><\/p>\n<p><strong>Leia tamb\u00e9m: <\/strong><\/p>\n<p><a href=\"https:\/\/www.acordacidade.com.br\/entretenimento\/video-daniela-mercury-insinua-acusacao-contra-edson-gomes-e-cantor-nega-em-publico-quero-que-voce-prove\/\">V\u00cdDEO: Daniela Mercury insinua acusa\u00e7\u00e3o contra Edson Gomes e cantor nega em p\u00fablico: \u201cQuero que voc\u00ea prove\u201d<\/a><\/p>\n<p><em>Siga o Acorda Cidade no <\/em><a href=\"https:\/\/news.google.com\/search?q=acorda%20cidade&amp;hl=pt-BR&amp;gl=BR&amp;ceid=BR%3Apt-419\"><strong><em>Google Not\u00edcias<\/em><\/strong><\/a><em>\u00a0e receba os principais destaques do dia. Participe tamb\u00e9m dos nossos canais no\u00a0<\/em><a href=\"https:\/\/www.whatsapp.com\/channel\/0029Va6Rb4v3WHTNnsh8WI3N\"><strong><em>WhatsApp<\/em><\/strong><\/a><em>\u00a0e\u00a0<\/em><a href=\"https:\/\/www.youtube.com\/@acordacidadenoticias\/videos\"><strong>YouTube<\/strong><\/a><em>\u00a0e grupo de\u00a0<\/em><a href=\"https:\/\/t.me\/+sSz0khrgARA0ZmRh\"><strong><em>Telegram<\/em><\/strong><\/a><em>.<\/em><\/p>\n<\/div>\n","protected":false},"excerpt":{"rendered":"<div>\n<div>\n<figure><img decoding=\"async\" src=\"https:\/\/uploads.acordacidade.com.br\/2026\/04\/Daniela-Mercury-e-Edson-Gomes.jpg\" alt=\"Daniela Mercury e Edson Gomes\"><figcaption>Foto: Reprodu\u00e7\u00e3o\/YouTube\/Band Bahia<\/figcaption><\/figure>\n<\/div>\n<p>Segundo a equipe, a inten\u00e7\u00e3o ao pedir para que ele fosse mais carinhoso era uma forma de alertar a toda popula\u00e7\u00e3o, e n\u00e3o acusa-lo de algo.<\/p><\/div>\n","protected":false},"author":1,"featured_media":128959,"comment_status":"closed","ping_status":"closed","sticky":false,"template":"","format":"gallery","meta":{"footnotes":""},"categories":[8,9,6,57,56,10],"tags":[],"class_list":["post-128958","post","type-post","status-publish","format-gallery","has-post-thumbnail","hentry","category-bahia","category-brasil","category-feira-de-santana","category-mundo","category-policia","category-politica","post_format-post-format-gallery"],"featured_image_urls":{"full":["https:\/\/noticiasbahia360.com.br\/wp-content\/uploads\/2026\/04\/Daniela-Mercury-e-Edson-Gomes-1.jpg",1200,885,false],"thumbnail":["https:\/\/noticiasbahia360.com.br\/wp-content\/uploads\/2026\/04\/Daniela-Mercury-e-Edson-Gomes-1-150x150.jpg",150,150,true],"medium":["https:\/\/noticiasbahia360.com.br\/wp-content\/uploads\/2026\/04\/Daniela-Mercury-e-Edson-Gomes-1-300x221.jpg",300,221,true],"medium_large":["https:\/\/noticiasbahia360.com.br\/wp-content\/uploads\/2026\/04\/Daniela-Mercury-e-Edson-Gomes-1-768x566.jpg",640,472,true],"large":["https:\/\/noticiasbahia360.com.br\/wp-content\/uploads\/2026\/04\/Daniela-Mercury-e-Edson-Gomes-1-1024x755.jpg",640,472,true],"1536x1536":["https:\/\/noticiasbahia360.com.br\/wp-content\/uploads\/2026\/04\/Daniela-Mercury-e-Edson-Gomes-1.jpg",1200,885,false],"2048x2048":["https:\/\/noticiasbahia360.com.br\/wp-content\/uploads\/2026\/04\/Daniela-Mercury-e-Edson-Gomes-1.jpg",1200,885,false],"chromenews-featured":["https:\/\/noticiasbahia360.com.br\/wp-content\/uploads\/2026\/04\/Daniela-Mercury-e-Edson-Gomes-1-1024x755.jpg",1024,755,true],"chromenews-large":["https:\/\/noticiasbahia360.com.br\/wp-content\/uploads\/2026\/04\/Daniela-Mercury-e-Edson-Gomes-1-825x575.jpg",825,575,true],"chromenews-medium":["https:\/\/noticiasbahia360.com.br\/wp-content\/uploads\/2026\/04\/Daniela-Mercury-e-Edson-Gomes-1-590x410.jpg",590,410,true]},"author_info":{"display_name":"noticiasbahia360.com.br","author_link":"https:\/\/noticiasbahia360.com.br\/?author=1"},"category_info":"<a href=\"https:\/\/noticiasbahia360.com.br\/?cat=8\" rel=\"category\">Bahia<\/a> <a href=\"https:\/\/noticiasbahia360.com.br\/?cat=9\" rel=\"category\">Brasil<\/a> <a href=\"https:\/\/noticiasbahia360.com.br\/?cat=6\" rel=\"category\">Feira de Santana<\/a> <a href=\"https:\/\/noticiasbahia360.com.br\/?cat=57\" rel=\"category\">Mundo<\/a> <a href=\"https:\/\/noticiasbahia360.com.br\/?cat=56\" rel=\"category\">Pol\u00edcia<\/a> <a href=\"https:\/\/noticiasbahia360.com.br\/?cat=10\" rel=\"category\">Pol\u00edtica<\/a>","tag_info":"Pol\u00edtica","comment_count":"0","_links":{"self":[{"href":"https:\/\/noticiasbahia360.com.br\/index.php?rest_route=\/wp\/v2\/posts\/128958","targetHints":{"allow":["GET"]}}],"collection":[{"href":"https:\/\/noticiasbahia360.com.br\/index.php?rest_route=\/wp\/v2\/posts"}],"about":[{"href":"https:\/\/noticiasbahia360.com.br\/index.php?rest_route=\/wp\/v2\/types\/post"}],"author":[{"embeddable":true,"href":"https:\/\/noticiasbahia360.com.br\/index.php?rest_route=\/wp\/v2\/users\/1"}],"replies":[{"embeddable":true,"href":"https:\/\/noticiasbahia360.com.br\/index.php?rest_route=%2Fwp%2Fv2%2Fcomments&post=128958"}],"version-history":[{"count":0,"href":"https:\/\/noticiasbahia360.com.br\/index.php?rest_route=\/wp\/v2\/posts\/128958\/revisions"}],"wp:featuredmedia":[{"embeddable":true,"href":"https:\/\/noticiasbahia360.com.br\/index.php?rest_route=\/wp\/v2\/media\/128959"}],"wp:attachment":[{"href":"https:\/\/noticiasbahia360.com.br\/index.php?rest_route=%2Fwp%2Fv2%2Fmedia&parent=128958"}],"wp:term":[{"taxonomy":"category","embeddable":true,"href":"https:\/\/noticiasbahia360.com.br\/index.php?rest_route=%2Fwp%2Fv2%2Fcategories&post=128958"},{"taxonomy":"post_tag","embeddable":true,"href":"https:\/\/noticiasbahia360.com.br\/index.php?rest_route=%2Fwp%2Fv2%2Ftags&post=128958"}],"curies":[{"name":"wp","href":"https:\/\/api.w.org\/{rel}","templated":true}]}} 