{"id":128960,"date":"2026-04-29T20:41:03","date_gmt":"2026-04-29T23:41:03","guid":{"rendered":"https:\/\/noticiasbahia360.com.br\/?p=128960"},"modified":"2026-04-29T20:41:03","modified_gmt":"2026-04-29T23:41:03","slug":"homem-ateia-fogo-na-propria-moto-durante-abordagem-e-mae-fica-ferida-ao-tentar-impedir-o-ato","status":"publish","type":"post","link":"https:\/\/noticiasbahia360.com.br\/?p=128960","title":{"rendered":"Homem ateia fogo na pr\u00f3pria moto durante abordagem e m\u00e3e fica ferida ao tentar impedir o ato"},"content":{"rendered":"<div>\n<div>\n<figure><img decoding=\"async\" src=\"http:\/\/noticiasbahia360.com.br\/wp-content\/uploads\/2026\/04\/Homem-ateia-fogo-na-propria-moto-durante-abordagem-e-mae-fica-ferida-ao-tentar-impedir-o-ato-Foto-Reproducao-Redes-Sociais.jpg\" alt=\"Homem ateia fogo na pr\u00f3pria moto durante abordagem e m\u00e3e fica ferida ao tentar impedir o ato\"><figcaption>Foto: Reprodu\u00e7\u00e3o\/ Redes Sociais<\/figcaption><\/figure>\n<\/div>\n<p>Um homem ateou fogo na pr\u00f3pria motocicleta durante uma fiscaliza\u00e7\u00e3o de tr\u00e2nsito realizada pela Pol\u00edcia Militar, na tarde desta ter\u00e7a-feira (28), no munic\u00edpio de Domingos Martins, na Regi\u00e3o Serrana do Esp\u00edrito Santo. A a\u00e7\u00e3o foi registrada por c\u00e2meras de seguran\u00e7a.<\/p>\n<p>Durante o epis\u00f3dio, a m\u00e3e do motociclista tentou impedir o ato e acabou sendo atingida pelas chamas. O condutor tamb\u00e9m sofreu queimaduras nos bra\u00e7os. Ambos foram socorridos, mas n\u00e3o tiveram as identidades nem o estado de sa\u00fade divulgados.<\/p>\n<p>Segundo a Pol\u00edcia Militar, a ocorr\u00eancia foi registrada na rodovia ES-368, em frente ao Destacamento da PM (DPM) da localidade de Melga\u00e7o. O homem foi inicialmente abordado porque a motocicleta estava sem placa de identifica\u00e7\u00e3o.<\/p>\n<p>Ainda conforme a corpora\u00e7\u00e3o, ap\u00f3s ser informado sobre as medidas administrativas e a reten\u00e7\u00e3o do ve\u00edculo, o motociclista deixou o local. Em seguida, retornou com uma placa, que apresentava avarias nos pontos de fixa\u00e7\u00e3o.<\/p>\n<p><em>Fonte: <a href=\"https:\/\/www.bahianoticias.com.br\/noticia\/316283-video-homem-incendeia-propria-moto-durante-abordagem-da-pm-mae-fica-ferida-ao-tentar-impedir-acao\" target=\"_blank\" rel=\"noreferrer noopener\">Bahia Not\u00edcias<\/a>, parceiro do Acorda Cidade<\/em><\/p>\n<p><strong>Leia tamb\u00e9m:<\/strong><\/p>\n<p><a href=\"https:\/\/www.acordacidade.com.br\/policia\/homem-ateia-fogo-na-propria-moto-durante-blitz-em-feira-de-santana\/\">Homem ateia fogo na pr\u00f3pria moto durante blitz em Feira de Santana<\/a><\/p>\n<p><em>Siga o Acorda Cidade no <\/em><a href=\"https:\/\/news.google.com\/search?q=acorda%20cidade&amp;hl=pt-BR&amp;gl=BR&amp;ceid=BR%3Apt-419\"><strong><em>Google Not\u00edcias<\/em><\/strong><\/a><em>\u00a0e receba os principais destaques do dia. Participe tamb\u00e9m dos nossos canais no\u00a0<\/em><a href=\"https:\/\/www.whatsapp.com\/channel\/0029Va6Rb4v3WHTNnsh8WI3N\"><strong><em>WhatsApp<\/em><\/strong><\/a><em>\u00a0e\u00a0<\/em><a href=\"https:\/\/www.youtube.com\/@acordacidadenoticias\/videos\"><strong>YouTube<\/strong><\/a><em>\u00a0e grupo de\u00a0<\/em><a href=\"https:\/\/t.me\/+sSz0khrgARA0ZmRh\"><strong><em>Telegram<\/em><\/strong><\/a><em>.<\/em><\/p>\n<\/div>\n","protected":false},"excerpt":{"rendered":"<div>\n<div>\n<figure><img decoding=\"async\" src=\"https:\/\/uploads.acordacidade.com.br\/2026\/04\/Homem-ateia-fogo-na-propria-moto-durante-abordagem-e-mae-fica-ferida-ao-tentar-impedir-o-ato-Foto-Reproducao-Redes-Sociais.jpg\" alt=\"Homem ateia fogo na pr\u00f3pria moto durante abordagem e m\u00e3e fica ferida ao tentar impedir o ato\"><figcaption>Foto: Reprodu\u00e7\u00e3o\/ Redes Sociais<\/figcaption><\/figure>\n<\/div>\n<p>Condutor tamb\u00e9m sofreu queimaduras nos bra\u00e7os. Ambos foram socorridos, mas n\u00e3o tiveram as identidades nem o estado de sa\u00fade divulgados.<\/p><\/div>\n","protected":false},"author":1,"featured_media":128961,"comment_status":"closed","ping_status":"closed","sticky":false,"template":"","format":"gallery","meta":{"footnotes":""},"categories":[8,9,6,57,56,10],"tags":[],"class_list":["post-128960","post","type-post","status-publish","format-gallery","has-post-thumbnail","hentry","category-bahia","category-brasil","category-feira-de-santana","category-mundo","category-policia","category-politica","post_format-post-format-gallery"],"featured_image_urls":{"full":["https:\/\/noticiasbahia360.com.br\/wp-content\/uploads\/2026\/04\/Homem-ateia-fogo-na-propria-moto-durante-abordagem-e-mae-fica-ferida-ao-tentar-impedir-o-ato-Foto-Reproducao-Redes-Sociais.jpg",1200,630,false],"thumbnail":["https:\/\/noticiasbahia360.com.br\/wp-content\/uploads\/2026\/04\/Homem-ateia-fogo-na-propria-moto-durante-abordagem-e-mae-fica-ferida-ao-tentar-impedir-o-ato-Foto-Reproducao-Redes-Sociais-150x150.jpg",150,150,true],"medium":["https:\/\/noticiasbahia360.com.br\/wp-content\/uploads\/2026\/04\/Homem-ateia-fogo-na-propria-moto-durante-abordagem-e-mae-fica-ferida-ao-tentar-impedir-o-ato-Foto-Reproducao-Redes-Sociais-300x158.jpg",300,158,true],"medium_large":["https:\/\/noticiasbahia360.com.br\/wp-content\/uploads\/2026\/04\/Homem-ateia-fogo-na-propria-moto-durante-abordagem-e-mae-fica-ferida-ao-tentar-impedir-o-ato-Foto-Reproducao-Redes-Sociais-768x403.jpg",640,336,true],"large":["https:\/\/noticiasbahia360.com.br\/wp-content\/uploads\/2026\/04\/Homem-ateia-fogo-na-propria-moto-durante-abordagem-e-mae-fica-ferida-ao-tentar-impedir-o-ato-Foto-Reproducao-Redes-Sociais-1024x538.jpg",640,336,true],"1536x1536":["https:\/\/noticiasbahia360.com.br\/wp-content\/uploads\/2026\/04\/Homem-ateia-fogo-na-propria-moto-durante-abordagem-e-mae-fica-ferida-ao-tentar-impedir-o-ato-Foto-Reproducao-Redes-Sociais.jpg",1200,630,false],"2048x2048":["https:\/\/noticiasbahia360.com.br\/wp-content\/uploads\/2026\/04\/Homem-ateia-fogo-na-propria-moto-durante-abordagem-e-mae-fica-ferida-ao-tentar-impedir-o-ato-Foto-Reproducao-Redes-Sociais.jpg",1200,630,false],"chromenews-featured":["https:\/\/noticiasbahia360.com.br\/wp-content\/uploads\/2026\/04\/Homem-ateia-fogo-na-propria-moto-durante-abordagem-e-mae-fica-ferida-ao-tentar-impedir-o-ato-Foto-Reproducao-Redes-Sociais-1024x538.jpg",1024,538,true],"chromenews-large":["https:\/\/noticiasbahia360.com.br\/wp-content\/uploads\/2026\/04\/Homem-ateia-fogo-na-propria-moto-durante-abordagem-e-mae-fica-ferida-ao-tentar-impedir-o-ato-Foto-Reproducao-Redes-Sociais-825x575.jpg",825,575,true],"chromenews-medium":["https:\/\/noticiasbahia360.com.br\/wp-content\/uploads\/2026\/04\/Homem-ateia-fogo-na-propria-moto-durante-abordagem-e-mae-fica-ferida-ao-tentar-impedir-o-ato-Foto-Reproducao-Redes-Sociais-590x410.jpg",590,410,true]},"author_info":{"display_name":"noticiasbahia360.com.br","author_link":"https:\/\/noticiasbahia360.com.br\/?author=1"},"category_info":"<a href=\"https:\/\/noticiasbahia360.com.br\/?cat=8\" rel=\"category\">Bahia<\/a> <a href=\"https:\/\/noticiasbahia360.com.br\/?cat=9\" rel=\"category\">Brasil<\/a> <a href=\"https:\/\/noticiasbahia360.com.br\/?cat=6\" rel=\"category\">Feira de Santana<\/a> <a href=\"https:\/\/noticiasbahia360.com.br\/?cat=57\" rel=\"category\">Mundo<\/a> <a href=\"https:\/\/noticiasbahia360.com.br\/?cat=56\" rel=\"category\">Pol\u00edcia<\/a> <a href=\"https:\/\/noticiasbahia360.com.br\/?cat=10\" rel=\"category\">Pol\u00edtica<\/a>","tag_info":"Pol\u00edtica","comment_count":"0","_links":{"self":[{"href":"https:\/\/noticiasbahia360.com.br\/index.php?rest_route=\/wp\/v2\/posts\/128960","targetHints":{"allow":["GET"]}}],"collection":[{"href":"https:\/\/noticiasbahia360.com.br\/index.php?rest_route=\/wp\/v2\/posts"}],"about":[{"href":"https:\/\/noticiasbahia360.com.br\/index.php?rest_route=\/wp\/v2\/types\/post"}],"author":[{"embeddable":true,"href":"https:\/\/noticiasbahia360.com.br\/index.php?rest_route=\/wp\/v2\/users\/1"}],"replies":[{"embeddable":true,"href":"https:\/\/noticiasbahia360.com.br\/index.php?rest_route=%2Fwp%2Fv2%2Fcomments&post=128960"}],"version-history":[{"count":0,"href":"https:\/\/noticiasbahia360.com.br\/index.php?rest_route=\/wp\/v2\/posts\/128960\/revisions"}],"wp:featuredmedia":[{"embeddable":true,"href":"https:\/\/noticiasbahia360.com.br\/index.php?rest_route=\/wp\/v2\/media\/128961"}],"wp:attachment":[{"href":"https:\/\/noticiasbahia360.com.br\/index.php?rest_route=%2Fwp%2Fv2%2Fmedia&parent=128960"}],"wp:term":[{"taxonomy":"category","embeddable":true,"href":"https:\/\/noticiasbahia360.com.br\/index.php?rest_route=%2Fwp%2Fv2%2Fcategories&post=128960"},{"taxonomy":"post_tag","embeddable":true,"href":"https:\/\/noticiasbahia360.com.br\/index.php?rest_route=%2Fwp%2Fv2%2Ftags&post=128960"}],"curies":[{"name":"wp","href":"https:\/\/api.w.org\/{rel}","templated":true}]}}