{"id":128962,"date":"2026-04-29T21:01:09","date_gmt":"2026-04-30T00:01:09","guid":{"rendered":"https:\/\/noticiasbahia360.com.br\/?p=128962"},"modified":"2026-04-29T21:01:09","modified_gmt":"2026-04-30T00:01:09","slug":"montanhista-mineiro-morre-apos-cair-de-80-metros-durante-escalada-em-itatim","status":"publish","type":"post","link":"https:\/\/noticiasbahia360.com.br\/?p=128962","title":{"rendered":"Montanhista mineiro morre ap\u00f3s cair de 80 metros durante escalada em Itatim"},"content":{"rendered":"<div>\n<div>\n<figure><img decoding=\"async\" src=\"http:\/\/noticiasbahia360.com.br\/wp-content\/uploads\/2026\/04\/Igor-Andreoni-Barbabella-de-Oliveira-Foto-Reproducao-Redes-Sociais.jpg\" alt=\"Igor Andreoni Barbabella de Oliveira\"><figcaption>Igor Andreoni Barbabella de Oliveira | Foto: Reprodu\u00e7\u00e3o\/ Redes Sociais<\/figcaption><\/figure>\n<\/div>\n<p>Um montanhista, de 40 anos, morreu ap\u00f3s cair de uma altura aproximada de 80 metros enquanto praticava escalada em um morro na zona rural de\u00a0Itatim, no Piemonte do Paragua\u00e7u. O acidente ocorreu na tarde desta ter\u00e7a-feira (28), no Morro de Ponta Aguda.<\/p>\n<p>Segundo a TV Suba\u00e9, a v\u00edtima foi identificada como Igor Andreoni Barbabella de Oliveira, natural de Belo Horizonte (MG). De acordo com a Pol\u00edcia Militar (PM-BA), ele realizava a escalada acompanhado da companheira quando se desequilibrou e caiu.<\/p>\n<p>Uma ambul\u00e2ncia do Servi\u00e7o de Atendimento M\u00f3vel de Urg\u00eancia (Samu) foi acionada, mas o montanhista morreu ainda no local. A principal hip\u00f3tese \u00e9 de que as cordas utilizadas na atividade tenham se desprendido das rochas. As circunst\u00e2ncias do acidente seguem sob investiga\u00e7\u00e3o.<\/p>\n<p>Equipes da PM-BA e do Corpo de Bombeiros realizaram o resgate do corpo. Ainda segundo informa\u00e7\u00f5es, o Morro de Ponta Aguda \u00e9 considerado um dos principais pontos para a pr\u00e1tica de escalada na regi\u00e3o, atraindo praticantes de diversas partes do pa\u00eds.<\/p>\n<p>Nas redes sociais, a v\u00edtima compartilhava registros de viagens e atividades esportivas, incluindo publica\u00e7\u00f5es recentes feitas no local do acidente. O corpo foi encaminhado ao Departamento de Pol\u00edcia T\u00e9cnica (DPT) de Itaberaba, na mesma regi\u00e3o, para necropsia.<\/p>\n<p><em>Fonte: <a href=\"https:\/\/www.bahianoticias.com.br\/municipios\/noticia\/50583-montanhista-morre-apos-queda-de-80-metros-durante-escalada-em-itatim\" target=\"_blank\" rel=\"noreferrer noopener\">Bahia Not\u00edcias<\/a>, parceiro do Acorda Cidade<\/em><\/p>\n<p><em>Siga o Acorda Cidade no <\/em><a href=\"https:\/\/news.google.com\/search?q=acorda%20cidade&amp;hl=pt-BR&amp;gl=BR&amp;ceid=BR%3Apt-419\"><strong><em>Google Not\u00edcias<\/em><\/strong><\/a><em>\u00a0e receba os principais destaques do dia. Participe tamb\u00e9m dos nossos canais no\u00a0<\/em><a href=\"https:\/\/www.whatsapp.com\/channel\/0029Va6Rb4v3WHTNnsh8WI3N\"><strong><em>WhatsApp<\/em><\/strong><\/a><em>\u00a0e\u00a0<\/em><a href=\"https:\/\/www.youtube.com\/@acordacidadenoticias\/videos\"><strong>YouTube<\/strong><\/a><em>\u00a0e grupo de\u00a0<\/em><a href=\"https:\/\/t.me\/+sSz0khrgARA0ZmRh\"><strong><em>Telegram<\/em><\/strong><\/a><em>.<\/em><\/p>\n<\/div>\n","protected":false},"excerpt":{"rendered":"<div>\n<div>\n<figure><img decoding=\"async\" src=\"https:\/\/uploads.acordacidade.com.br\/2026\/04\/Igor-Andreoni-Barbabella-de-Oliveira-Foto-Reproducao-Redes-Sociais.jpg\" alt=\"Igor Andreoni Barbabella de Oliveira\"><figcaption>Igor Andreoni Barbabella de Oliveira | Foto: Reprodu\u00e7\u00e3o\/ Redes Sociais<\/figcaption><\/figure>\n<\/div>\n<p>Uma ambul\u00e2ncia do Servi\u00e7o de Atendimento M\u00f3vel de Urg\u00eancia (Samu) foi acionada, mas o montanhista morreu ainda no local.<\/p><\/div>\n","protected":false},"author":1,"featured_media":128963,"comment_status":"closed","ping_status":"closed","sticky":false,"template":"","format":"gallery","meta":{"footnotes":""},"categories":[8,9,6,57,56,10],"tags":[],"class_list":["post-128962","post","type-post","status-publish","format-gallery","has-post-thumbnail","hentry","category-bahia","category-brasil","category-feira-de-santana","category-mundo","category-policia","category-politica","post_format-post-format-gallery"],"featured_image_urls":{"full":["https:\/\/noticiasbahia360.com.br\/wp-content\/uploads\/2026\/04\/Igor-Andreoni-Barbabella-de-Oliveira-Foto-Reproducao-Redes-Sociais.jpg",1200,630,false],"thumbnail":["https:\/\/noticiasbahia360.com.br\/wp-content\/uploads\/2026\/04\/Igor-Andreoni-Barbabella-de-Oliveira-Foto-Reproducao-Redes-Sociais-150x150.jpg",150,150,true],"medium":["https:\/\/noticiasbahia360.com.br\/wp-content\/uploads\/2026\/04\/Igor-Andreoni-Barbabella-de-Oliveira-Foto-Reproducao-Redes-Sociais-300x158.jpg",300,158,true],"medium_large":["https:\/\/noticiasbahia360.com.br\/wp-content\/uploads\/2026\/04\/Igor-Andreoni-Barbabella-de-Oliveira-Foto-Reproducao-Redes-Sociais-768x403.jpg",640,336,true],"large":["https:\/\/noticiasbahia360.com.br\/wp-content\/uploads\/2026\/04\/Igor-Andreoni-Barbabella-de-Oliveira-Foto-Reproducao-Redes-Sociais-1024x538.jpg",640,336,true],"1536x1536":["https:\/\/noticiasbahia360.com.br\/wp-content\/uploads\/2026\/04\/Igor-Andreoni-Barbabella-de-Oliveira-Foto-Reproducao-Redes-Sociais.jpg",1200,630,false],"2048x2048":["https:\/\/noticiasbahia360.com.br\/wp-content\/uploads\/2026\/04\/Igor-Andreoni-Barbabella-de-Oliveira-Foto-Reproducao-Redes-Sociais.jpg",1200,630,false],"chromenews-featured":["https:\/\/noticiasbahia360.com.br\/wp-content\/uploads\/2026\/04\/Igor-Andreoni-Barbabella-de-Oliveira-Foto-Reproducao-Redes-Sociais-1024x538.jpg",1024,538,true],"chromenews-large":["https:\/\/noticiasbahia360.com.br\/wp-content\/uploads\/2026\/04\/Igor-Andreoni-Barbabella-de-Oliveira-Foto-Reproducao-Redes-Sociais-825x575.jpg",825,575,true],"chromenews-medium":["https:\/\/noticiasbahia360.com.br\/wp-content\/uploads\/2026\/04\/Igor-Andreoni-Barbabella-de-Oliveira-Foto-Reproducao-Redes-Sociais-590x410.jpg",590,410,true]},"author_info":{"display_name":"noticiasbahia360.com.br","author_link":"https:\/\/noticiasbahia360.com.br\/?author=1"},"category_info":"<a href=\"https:\/\/noticiasbahia360.com.br\/?cat=8\" rel=\"category\">Bahia<\/a> <a href=\"https:\/\/noticiasbahia360.com.br\/?cat=9\" rel=\"category\">Brasil<\/a> <a href=\"https:\/\/noticiasbahia360.com.br\/?cat=6\" rel=\"category\">Feira de Santana<\/a> <a href=\"https:\/\/noticiasbahia360.com.br\/?cat=57\" rel=\"category\">Mundo<\/a> <a href=\"https:\/\/noticiasbahia360.com.br\/?cat=56\" rel=\"category\">Pol\u00edcia<\/a> <a href=\"https:\/\/noticiasbahia360.com.br\/?cat=10\" rel=\"category\">Pol\u00edtica<\/a>","tag_info":"Pol\u00edtica","comment_count":"0","_links":{"self":[{"href":"https:\/\/noticiasbahia360.com.br\/index.php?rest_route=\/wp\/v2\/posts\/128962","targetHints":{"allow":["GET"]}}],"collection":[{"href":"https:\/\/noticiasbahia360.com.br\/index.php?rest_route=\/wp\/v2\/posts"}],"about":[{"href":"https:\/\/noticiasbahia360.com.br\/index.php?rest_route=\/wp\/v2\/types\/post"}],"author":[{"embeddable":true,"href":"https:\/\/noticiasbahia360.com.br\/index.php?rest_route=\/wp\/v2\/users\/1"}],"replies":[{"embeddable":true,"href":"https:\/\/noticiasbahia360.com.br\/index.php?rest_route=%2Fwp%2Fv2%2Fcomments&post=128962"}],"version-history":[{"count":0,"href":"https:\/\/noticiasbahia360.com.br\/index.php?rest_route=\/wp\/v2\/posts\/128962\/revisions"}],"wp:featuredmedia":[{"embeddable":true,"href":"https:\/\/noticiasbahia360.com.br\/index.php?rest_route=\/wp\/v2\/media\/128963"}],"wp:attachment":[{"href":"https:\/\/noticiasbahia360.com.br\/index.php?rest_route=%2Fwp%2Fv2%2Fmedia&parent=128962"}],"wp:term":[{"taxonomy":"category","embeddable":true,"href":"https:\/\/noticiasbahia360.com.br\/index.php?rest_route=%2Fwp%2Fv2%2Fcategories&post=128962"},{"taxonomy":"post_tag","embeddable":true,"href":"https:\/\/noticiasbahia360.com.br\/index.php?rest_route=%2Fwp%2Fv2%2Ftags&post=128962"}],"curies":[{"name":"wp","href":"https:\/\/api.w.org\/{rel}","templated":true}]}}