{"id":128966,"date":"2026-04-29T21:30:58","date_gmt":"2026-04-30T00:30:58","guid":{"rendered":"https:\/\/noticiasbahia360.com.br\/?p=128966"},"modified":"2026-04-29T21:30:58","modified_gmt":"2026-04-30T00:30:58","slug":"coite-folia-2026-ssp-reforca-policiamento-com-equipamentos-de-inteligencia","status":"publish","type":"post","link":"https:\/\/noticiasbahia360.com.br\/?p=128966","title":{"rendered":"Coit\u00e9 Folia 2026: SSP refor\u00e7a policiamento com equipamentos de intelig\u00eancia"},"content":{"rendered":"<div>\n<div>\n<figure><img decoding=\"async\" src=\"http:\/\/noticiasbahia360.com.br\/wp-content\/uploads\/2026\/04\/Camera-de-seguranca-Foto-Gabriel-Arouca-SSP.jpeg\" alt=\"C\u00e2mera de seguran\u00e7a na Coit\u00e9 Folia - equipamentos\"><figcaption>Foto: Gabriel Arouca\/ SSP<br \/>\n<\/figcaption><\/figure>\n<\/div>\n<p>A Secretaria da Seguran\u00e7a P\u00fablica (SSP) empregar\u00e1 um esquema especial durante o Coit\u00e9 Folia 2026, tradicional micareta do munic\u00edpio de Concei\u00e7\u00e3o do Coit\u00e9, que acontece a partir desta quinta-feira (30) at\u00e9 o pr\u00f3ximo domingo (3). Cerca de 700 policiais militares e civis atuar\u00e3o com apoio de uma Plataforma de Observa\u00e7\u00e3o Elevada (POE), al\u00e9m do emprego de c\u00e2meras do Sistema de Reconhecimento Facial.<\/p>\n<p>A POE estar\u00e1 estacionada em um ponto estrat\u00e9gico da festa, equipada com c\u00e2meras de Reconhecimento Facial, para refor\u00e7o do monitoramento em tempo real. Outras c\u00e2meras do Sistema estar\u00e3o distribu\u00eddas entre os cinco Portais de Abordagem para acesso ao evento.<\/p>\n<p>As equipes da Pol\u00edcia Militar atuar\u00e3o de forma refor\u00e7ada para um efetivo ostensivo e preventivo, al\u00e9m do trabalho de fiscaliza\u00e7\u00e3o nos Portais. A Pol\u00edcia Civil tamb\u00e9m opera de forma especial, para o atendimento e encaminhamento de ocorr\u00eancias com profissionais durante todo o evento. Ambas as For\u00e7as estar\u00e3o presentes em um posto integrado instalado no circuito, \u00e0 disposi\u00e7\u00e3o da popula\u00e7\u00e3o.<\/p>\n<p><em>As informa\u00e7\u00f5es s\u00e3o da Secretaria de Comunica\u00e7\u00e3o do Estado da Bahia<\/em><\/p>\n<p><strong>Leia tamb\u00e9m:<\/strong><\/p>\n<p><a href=\"https:\/\/www.acordacidade.com.br\/bahia\/psirico-tony-salles-timbalada-e-muito-mais-confira-programacao-da-coite-folia-2026\/\">Psirico, Tony Salles, Timbalada e muito mais; confira programa\u00e7\u00e3o da Coit\u00e9 Folia que come\u00e7a nesta quinta (30)<\/a><\/p>\n<p><em>Siga o Acorda Cidade no <\/em><a href=\"https:\/\/news.google.com\/search?q=acorda%20cidade&amp;hl=pt-BR&amp;gl=BR&amp;ceid=BR%3Apt-419\"><strong><em>Google Not\u00edcias<\/em><\/strong><\/a><em>\u00a0e receba os principais destaques do dia. Participe tamb\u00e9m dos nossos canais no\u00a0<\/em><a href=\"https:\/\/www.whatsapp.com\/channel\/0029Va6Rb4v3WHTNnsh8WI3N\"><strong><em>WhatsApp<\/em><\/strong><\/a><em>\u00a0e\u00a0<\/em><a href=\"https:\/\/www.youtube.com\/@acordacidadenoticias\/videos\"><strong>YouTube<\/strong><\/a><em>\u00a0e grupo de\u00a0<\/em><a href=\"https:\/\/t.me\/+sSz0khrgARA0ZmRh\"><strong><em>Telegram<\/em><\/strong><\/a><em>.<\/em><\/p>\n<\/div>\n","protected":false},"excerpt":{"rendered":"<div>\n<div>\n<figure><img decoding=\"async\" src=\"https:\/\/uploads.acordacidade.com.br\/2026\/04\/Camera-de-seguranca-Foto-Gabriel-Arouca-SSP.jpeg\" alt=\"C\u00e2mera de seguran\u00e7a na Coit\u00e9 Folia - equipamentos\"><figcaption>Foto: Gabriel Arouca\/ SSP<br \/>\n<\/figcaption><\/figure>\n<\/div>\n<p>Plataforma de Observa\u00e7\u00e3o Elevada e c\u00e2meras do Sistema de Reconhecimento Facial ser\u00e3o empregadas para refor\u00e7o do policiamento.<\/p><\/div>\n","protected":false},"author":1,"featured_media":128967,"comment_status":"closed","ping_status":"closed","sticky":false,"template":"","format":"gallery","meta":{"footnotes":""},"categories":[8,9,6,57,56,10],"tags":[],"class_list":["post-128966","post","type-post","status-publish","format-gallery","has-post-thumbnail","hentry","category-bahia","category-brasil","category-feira-de-santana","category-mundo","category-policia","category-politica","post_format-post-format-gallery"],"featured_image_urls":{"full":["https:\/\/noticiasbahia360.com.br\/wp-content\/uploads\/2026\/04\/Camera-de-seguranca-Foto-Gabriel-Arouca-SSP.jpeg",1600,1284,false],"thumbnail":["https:\/\/noticiasbahia360.com.br\/wp-content\/uploads\/2026\/04\/Camera-de-seguranca-Foto-Gabriel-Arouca-SSP-150x150.jpeg",150,150,true],"medium":["https:\/\/noticiasbahia360.com.br\/wp-content\/uploads\/2026\/04\/Camera-de-seguranca-Foto-Gabriel-Arouca-SSP-300x241.jpeg",300,241,true],"medium_large":["https:\/\/noticiasbahia360.com.br\/wp-content\/uploads\/2026\/04\/Camera-de-seguranca-Foto-Gabriel-Arouca-SSP-768x616.jpeg",640,513,true],"large":["https:\/\/noticiasbahia360.com.br\/wp-content\/uploads\/2026\/04\/Camera-de-seguranca-Foto-Gabriel-Arouca-SSP-1024x822.jpeg",640,514,true],"1536x1536":["https:\/\/noticiasbahia360.com.br\/wp-content\/uploads\/2026\/04\/Camera-de-seguranca-Foto-Gabriel-Arouca-SSP-1536x1233.jpeg",1536,1233,true],"2048x2048":["https:\/\/noticiasbahia360.com.br\/wp-content\/uploads\/2026\/04\/Camera-de-seguranca-Foto-Gabriel-Arouca-SSP.jpeg",1600,1284,false],"chromenews-featured":["https:\/\/noticiasbahia360.com.br\/wp-content\/uploads\/2026\/04\/Camera-de-seguranca-Foto-Gabriel-Arouca-SSP-1024x822.jpeg",1024,822,true],"chromenews-large":["https:\/\/noticiasbahia360.com.br\/wp-content\/uploads\/2026\/04\/Camera-de-seguranca-Foto-Gabriel-Arouca-SSP-825x575.jpeg",825,575,true],"chromenews-medium":["https:\/\/noticiasbahia360.com.br\/wp-content\/uploads\/2026\/04\/Camera-de-seguranca-Foto-Gabriel-Arouca-SSP-590x410.jpeg",590,410,true]},"author_info":{"display_name":"noticiasbahia360.com.br","author_link":"https:\/\/noticiasbahia360.com.br\/?author=1"},"category_info":"<a href=\"https:\/\/noticiasbahia360.com.br\/?cat=8\" rel=\"category\">Bahia<\/a> <a href=\"https:\/\/noticiasbahia360.com.br\/?cat=9\" rel=\"category\">Brasil<\/a> <a href=\"https:\/\/noticiasbahia360.com.br\/?cat=6\" rel=\"category\">Feira de Santana<\/a> <a href=\"https:\/\/noticiasbahia360.com.br\/?cat=57\" rel=\"category\">Mundo<\/a> <a href=\"https:\/\/noticiasbahia360.com.br\/?cat=56\" rel=\"category\">Pol\u00edcia<\/a> <a href=\"https:\/\/noticiasbahia360.com.br\/?cat=10\" rel=\"category\">Pol\u00edtica<\/a>","tag_info":"Pol\u00edtica","comment_count":"0","_links":{"self":[{"href":"https:\/\/noticiasbahia360.com.br\/index.php?rest_route=\/wp\/v2\/posts\/128966","targetHints":{"allow":["GET"]}}],"collection":[{"href":"https:\/\/noticiasbahia360.com.br\/index.php?rest_route=\/wp\/v2\/posts"}],"about":[{"href":"https:\/\/noticiasbahia360.com.br\/index.php?rest_route=\/wp\/v2\/types\/post"}],"author":[{"embeddable":true,"href":"https:\/\/noticiasbahia360.com.br\/index.php?rest_route=\/wp\/v2\/users\/1"}],"replies":[{"embeddable":true,"href":"https:\/\/noticiasbahia360.com.br\/index.php?rest_route=%2Fwp%2Fv2%2Fcomments&post=128966"}],"version-history":[{"count":0,"href":"https:\/\/noticiasbahia360.com.br\/index.php?rest_route=\/wp\/v2\/posts\/128966\/revisions"}],"wp:featuredmedia":[{"embeddable":true,"href":"https:\/\/noticiasbahia360.com.br\/index.php?rest_route=\/wp\/v2\/media\/128967"}],"wp:attachment":[{"href":"https:\/\/noticiasbahia360.com.br\/index.php?rest_route=%2Fwp%2Fv2%2Fmedia&parent=128966"}],"wp:term":[{"taxonomy":"category","embeddable":true,"href":"https:\/\/noticiasbahia360.com.br\/index.php?rest_route=%2Fwp%2Fv2%2Fcategories&post=128966"},{"taxonomy":"post_tag","embeddable":true,"href":"https:\/\/noticiasbahia360.com.br\/index.php?rest_route=%2Fwp%2Fv2%2Ftags&post=128966"}],"curies":[{"name":"wp","href":"https:\/\/api.w.org\/{rel}","templated":true}]}}