{"id":128968,"date":"2026-04-29T21:42:07","date_gmt":"2026-04-30T00:42:07","guid":{"rendered":"https:\/\/noticiasbahia360.com.br\/?p=128968"},"modified":"2026-04-29T21:42:07","modified_gmt":"2026-04-30T00:42:07","slug":"bahia-segue-com-saldo-positivo-e-gera-mais-de-14-mil-postos-com-carteira-assinada-em-marco","status":"publish","type":"post","link":"https:\/\/noticiasbahia360.com.br\/?p=128968","title":{"rendered":"Bahia segue com saldo positivo e gera mais de 14 mil postos com carteira assinada em mar\u00e7o"},"content":{"rendered":"<div>\n<div>\n<figure><img decoding=\"async\" src=\"http:\/\/noticiasbahia360.com.br\/wp-content\/uploads\/2026\/04\/Homem-trabalhando-na-construcao-civil-Foto-Arisson-Marinho-GOVBA.jpg\" alt=\"Homem trabalhando na constru\u00e7\u00e3o civil\"><figcaption>Foto: Arisson Marinho\/ GOVBA<\/figcaption><\/figure>\n<\/div>\n<p>Em mar\u00e7o, a Bahia gerou 14.008 postos com carteira assinada (diferen\u00e7a entre 97.206 admiss\u00f5es e 83.198 desligamentos). Trata-se do terceiro m\u00eas seguido com saldo positivo. Os dados s\u00e3o do Cadastro Geral de Empregados e Desempregados (Caged), do Minist\u00e9rio do Trabalho e Emprego, sistematizados pela Superintend\u00eancia de Estudos Econ\u00f4micos e Sociais da Bahia (SEI).<\/p>\n<p>O saldo de mar\u00e7o se revelou superior ao de fevereiro (+7.602 postos) e tamb\u00e9m o maior do ano no estado at\u00e9 agora. No comparativo anual, o resultado tamb\u00e9m se mostrou maior do que o de mar\u00e7o do ano passado (+3.701 postos). A Bahia, assim, passou a contar com 2.260.282 v\u00ednculos celetistas ativos, uma varia\u00e7\u00e3o positiva de 0,62% sobre o quantitativo do m\u00eas anterior.<\/p>\n<p>Na Bahia, em mar\u00e7o, quatro das cinco grandes atividades registraram saldo positivo. O segmento de Servi\u00e7os (+8.872 vagas) foi o que mais gerou postos. Em seguida vieram Constru\u00e7\u00e3o (+2.831 vagas), Ind\u00fastria geral (+2.183 v\u00ednculos) e Agricultura, pecu\u00e1ria, produ\u00e7\u00e3o florestal, pesca e aquicultura (+156 empregos). O setor de Com\u00e9rcio; repara\u00e7\u00e3o de ve\u00edculos automotores e motocicletas (-33 postos), portanto, foi aquele com supress\u00e3o l\u00edquida de postos.<\/p>\n<p>No m\u00eas, o Brasil computou um saldo de 228.208 novas vagas, enquanto o Nordeste registrou uma gera\u00e7\u00e3o l\u00edquida de 25.138 postos \u2013 oscila\u00e7\u00f5es de +0,47% e +0,30% sobre o estoque do m\u00eas anterior, respectivamente. A Bahia (+0,62%), portanto, exibiu um aumento relativo maior que o da regi\u00e3o nordestina e que o do pa\u00eds.<\/p>\n<p>Das 27 unidades federativas, houve crescimento do emprego celetista em 24 delas, em mar\u00e7o. A Bahia exibiu o sexto maior saldo do pa\u00eds. Em termos relativos, a unidade baiana situou-se na d\u00e9cima posi\u00e7\u00e3o.<\/p>\n<p>No Nordeste, apenas dois estados n\u00e3o experimentaram alta do emprego formal. Em termos absolutos, a Bahia ocupou a primeira coloca\u00e7\u00e3o entre as unidades nordestinas. Em termos relativos, por outro lado, o estado baiano situou-se na segunda posi\u00e7\u00e3o.<\/p>\n<h2 class=\"wp-block-heading\" id=\"h-acumulado-do-ano\"><strong>Acumulado do Ano<\/strong><\/h2>\n<p>No agregado do ano, de janeiro a mar\u00e7o, a Bahia preencheu 28.058 novas vagas, aumento de 1,26% em rela\u00e7\u00e3o ao total de v\u00ednculos do come\u00e7o do ano.<\/p>\n<p>Segundo o especialista em produ\u00e7\u00e3o de informa\u00e7\u00f5es econ\u00f4micas, sociais e geoambientais da SEI, Luiz Fernando Lobo, \u201ca gera\u00e7\u00e3o de postos de trabalho com registro em carteira na Bahia continua evidenciando alguma perda de f\u00f4lego em 2026, visto que o saldo acumulado de janeiro a mar\u00e7o deste ano, com pouco mais de 28 mil novos postos, se mostrou inferior ao resultado para o mesmo conjunto de meses do ano passado, quando 33.014 novos v\u00ednculos empregat\u00edcios foram estabelecidos\u201d.<\/p>\n<p>De janeiro a mar\u00e7o, quatro dos grandes grupamentos registraram resultado positivo. O setor de Servi\u00e7os (+17.783 vagas) foi o de maior saldo. Em seguida, Constru\u00e7\u00e3o (+7.632 empregos), Ind\u00fastria geral (+3.763 v\u00ednculos) e Agricultura, pecu\u00e1ria, produ\u00e7\u00e3o florestal, pesca e aquicultura (+2.021 empregos) tamb\u00e9m foram respons\u00e1veis pelo surgimento de vagas. No caso, apenas Com\u00e9rcio; repara\u00e7\u00e3o de ve\u00edculos automotores e motocicletas (-3.140 vagas) registrou perda l\u00edquida de postos no ano.<\/p>\n<p>O crescimento do emprego tamb\u00e9m foi observado no Brasil e no Nordeste no ano, com 613.373 e 49.630 novas vagas, respectivamente \u2013 altas de 1,27% e 0,60% em rela\u00e7\u00e3o ao quantitativo do in\u00edcio de 2026. A Bahia (+1,26%), dessa forma, exibiu um crescimento relativo maior do que o do Nordeste, mas ligeiramente menor do que o do pa\u00eds.<\/p>\n<p>No acumulado do ano, 25 unidades federativas contaram com aumento de empregos celetistas. A Bahia exibiu o s\u00e9timo maior saldo agregado do pa\u00eds e o maior do Nordeste. Em termos relativos, a Bahia se posicionou na 14\u00aa coloca\u00e7\u00e3o no pa\u00eds e na segunda posi\u00e7\u00e3o na regi\u00e3o nordestina.<\/p>\n<p>A s\u00e9rie hist\u00f3rica do Caged est\u00e1 no painel do Mercado de Trabalho na <a href=\"https:\/\/infovis.sei.ba.gov.br\/\" target=\"_blank\" rel=\"noreferrer noopener\">plataforma do InfoVis Bahia<\/a>.<\/p>\n<p><em>As informa\u00e7\u00f5es s\u00e3o da Secretaria de Comunica\u00e7\u00e3o do Estado da Bahia<\/em><\/p>\n<p><em>Siga o Acorda Cidade no <\/em><a href=\"https:\/\/news.google.com\/search?q=acorda%20cidade&amp;hl=pt-BR&amp;gl=BR&amp;ceid=BR%3Apt-419\"><strong><em>Google Not\u00edcias<\/em><\/strong><\/a><em>\u00a0e receba os principais destaques do dia. Participe tamb\u00e9m dos nossos canais no\u00a0<\/em><a href=\"https:\/\/www.whatsapp.com\/channel\/0029Va6Rb4v3WHTNnsh8WI3N\"><strong><em>WhatsApp<\/em><\/strong><\/a><em>\u00a0e\u00a0<\/em><a href=\"https:\/\/www.youtube.com\/@acordacidadenoticias\/videos\"><strong>YouTube<\/strong><\/a><em>\u00a0e grupo de\u00a0<\/em><a href=\"https:\/\/t.me\/+sSz0khrgARA0ZmRh\"><strong><em>Telegram<\/em><\/strong><\/a><em>.<\/em><\/p>\n<\/div>\n","protected":false},"excerpt":{"rendered":"<div>\n<div>\n<figure><img decoding=\"async\" src=\"https:\/\/uploads.acordacidade.com.br\/2026\/04\/Homem-trabalhando-na-construcao-civil-Foto-Arisson-Marinho-GOVBA.jpg\" alt=\"Homem trabalhando na constru\u00e7\u00e3o civil\"><figcaption>Foto: Arisson Marinho\/ GOVBA<\/figcaption><\/figure>\n<\/div>\n<p>O saldo de mar\u00e7o se revelou superior ao de fevereiro (+7.602 postos) e tamb\u00e9m o maior do ano no estado at\u00e9 agora.<\/p><\/div>\n","protected":false},"author":1,"featured_media":128969,"comment_status":"closed","ping_status":"closed","sticky":false,"template":"","format":"gallery","meta":{"footnotes":""},"categories":[8,9,6,57,56,10],"tags":[],"class_list":["post-128968","post","type-post","status-publish","format-gallery","has-post-thumbnail","hentry","category-bahia","category-brasil","category-feira-de-santana","category-mundo","category-policia","category-politica","post_format-post-format-gallery"],"featured_image_urls":{"full":["https:\/\/noticiasbahia360.com.br\/wp-content\/uploads\/2026\/04\/Homem-trabalhando-na-construcao-civil-Foto-Arisson-Marinho-GOVBA.jpg",1200,800,false],"thumbnail":["https:\/\/noticiasbahia360.com.br\/wp-content\/uploads\/2026\/04\/Homem-trabalhando-na-construcao-civil-Foto-Arisson-Marinho-GOVBA-150x150.jpg",150,150,true],"medium":["https:\/\/noticiasbahia360.com.br\/wp-content\/uploads\/2026\/04\/Homem-trabalhando-na-construcao-civil-Foto-Arisson-Marinho-GOVBA-300x200.jpg",300,200,true],"medium_large":["https:\/\/noticiasbahia360.com.br\/wp-content\/uploads\/2026\/04\/Homem-trabalhando-na-construcao-civil-Foto-Arisson-Marinho-GOVBA-768x512.jpg",640,427,true],"large":["https:\/\/noticiasbahia360.com.br\/wp-content\/uploads\/2026\/04\/Homem-trabalhando-na-construcao-civil-Foto-Arisson-Marinho-GOVBA-1024x683.jpg",640,427,true],"1536x1536":["https:\/\/noticiasbahia360.com.br\/wp-content\/uploads\/2026\/04\/Homem-trabalhando-na-construcao-civil-Foto-Arisson-Marinho-GOVBA.jpg",1200,800,false],"2048x2048":["https:\/\/noticiasbahia360.com.br\/wp-content\/uploads\/2026\/04\/Homem-trabalhando-na-construcao-civil-Foto-Arisson-Marinho-GOVBA.jpg",1200,800,false],"chromenews-featured":["https:\/\/noticiasbahia360.com.br\/wp-content\/uploads\/2026\/04\/Homem-trabalhando-na-construcao-civil-Foto-Arisson-Marinho-GOVBA-1024x683.jpg",1024,683,true],"chromenews-large":["https:\/\/noticiasbahia360.com.br\/wp-content\/uploads\/2026\/04\/Homem-trabalhando-na-construcao-civil-Foto-Arisson-Marinho-GOVBA-825x575.jpg",825,575,true],"chromenews-medium":["https:\/\/noticiasbahia360.com.br\/wp-content\/uploads\/2026\/04\/Homem-trabalhando-na-construcao-civil-Foto-Arisson-Marinho-GOVBA-590x410.jpg",590,410,true]},"author_info":{"display_name":"noticiasbahia360.com.br","author_link":"https:\/\/noticiasbahia360.com.br\/?author=1"},"category_info":"<a href=\"https:\/\/noticiasbahia360.com.br\/?cat=8\" rel=\"category\">Bahia<\/a> <a href=\"https:\/\/noticiasbahia360.com.br\/?cat=9\" rel=\"category\">Brasil<\/a> <a href=\"https:\/\/noticiasbahia360.com.br\/?cat=6\" rel=\"category\">Feira de Santana<\/a> <a href=\"https:\/\/noticiasbahia360.com.br\/?cat=57\" rel=\"category\">Mundo<\/a> <a href=\"https:\/\/noticiasbahia360.com.br\/?cat=56\" rel=\"category\">Pol\u00edcia<\/a> <a href=\"https:\/\/noticiasbahia360.com.br\/?cat=10\" rel=\"category\">Pol\u00edtica<\/a>","tag_info":"Pol\u00edtica","comment_count":"0","_links":{"self":[{"href":"https:\/\/noticiasbahia360.com.br\/index.php?rest_route=\/wp\/v2\/posts\/128968","targetHints":{"allow":["GET"]}}],"collection":[{"href":"https:\/\/noticiasbahia360.com.br\/index.php?rest_route=\/wp\/v2\/posts"}],"about":[{"href":"https:\/\/noticiasbahia360.com.br\/index.php?rest_route=\/wp\/v2\/types\/post"}],"author":[{"embeddable":true,"href":"https:\/\/noticiasbahia360.com.br\/index.php?rest_route=\/wp\/v2\/users\/1"}],"replies":[{"embeddable":true,"href":"https:\/\/noticiasbahia360.com.br\/index.php?rest_route=%2Fwp%2Fv2%2Fcomments&post=128968"}],"version-history":[{"count":0,"href":"https:\/\/noticiasbahia360.com.br\/index.php?rest_route=\/wp\/v2\/posts\/128968\/revisions"}],"wp:featuredmedia":[{"embeddable":true,"href":"https:\/\/noticiasbahia360.com.br\/index.php?rest_route=\/wp\/v2\/media\/128969"}],"wp:attachment":[{"href":"https:\/\/noticiasbahia360.com.br\/index.php?rest_route=%2Fwp%2Fv2%2Fmedia&parent=128968"}],"wp:term":[{"taxonomy":"category","embeddable":true,"href":"https:\/\/noticiasbahia360.com.br\/index.php?rest_route=%2Fwp%2Fv2%2Fcategories&post=128968"},{"taxonomy":"post_tag","embeddable":true,"href":"https:\/\/noticiasbahia360.com.br\/index.php?rest_route=%2Fwp%2Fv2%2Ftags&post=128968"}],"curies":[{"name":"wp","href":"https:\/\/api.w.org\/{rel}","templated":true}]}} 