{"id":128970,"date":"2026-04-29T22:06:11","date_gmt":"2026-04-30T01:06:11","guid":{"rendered":"https:\/\/noticiasbahia360.com.br\/?p=128970"},"modified":"2026-04-29T22:06:11","modified_gmt":"2026-04-30T01:06:11","slug":"rede-de-monitoramento-do-trafico-e-desarticulada-em-salvador-9-cameras-foram-desinstaladas","status":"publish","type":"post","link":"https:\/\/noticiasbahia360.com.br\/?p=128970","title":{"rendered":"Rede de monitoramento do tr\u00e1fico \u00e9 desarticulada em Salvador; 9 c\u00e2meras foram desinstaladas"},"content":{"rendered":"<div>\n<div>\n<figure><img decoding=\"async\" src=\"http:\/\/noticiasbahia360.com.br\/wp-content\/uploads\/2026\/04\/Rede-de-monitoramento-do-trafico-e-desarticulada-em-Salvador-9-cameras-foram-desinstaladas-Foto-Divulgacao-Ascom-PCBA-2.jpg\" alt=\"Rede de monitoramento do tr\u00e1fico \u00e9 desarticulada em Salvador; 9 c\u00e2meras foram desinstaladas\"><figcaption>Foto: Divulga\u00e7\u00e3o\/ Ascom-PCBA <\/figcaption><\/figure>\n<\/div>\n<p>Uma rede de videomonitoramento usada por uma organiza\u00e7\u00e3o criminosa foi desarticulada no bairro de Cosme de Farias, em Salvador, nesta quarta-feira (29). Nove c\u00e2meras foram localizadas e desinstaladas, e um simulacro foi apreendido durante uma a\u00e7\u00e3o integrada realizada pelas pol\u00edcias Civil e Militar da Bahia.<\/p>\n<p>Segundo o diretor do Denarc, delegado Ernandes J\u00fanior, as dilig\u00eancias foram realizadas ap\u00f3s reuni\u00e3o de levantamento entre equipes do Departamento Especializado de Investiga\u00e7\u00e3o e Repress\u00e3o ao Narcotr\u00e1fico (Denarc) e das Rondas Especiais (Rondesp\/Atl\u00e2ntico), que apurou den\u00fancias an\u00f4nimas sobre a atua\u00e7\u00e3o de criminosos que realizavam o monitoramento das a\u00e7\u00f5es policiais no bairro. Aproximadamente 40 policiais participaram da a\u00e7\u00e3o.<\/p>\n<div id=\"gallery_69f2aaf4716db\" class=\"seox-gallery-block template-gallery-slide my-5\" data-aspect-ratio=\"16\/9\" data-fit=\"cover\" style=\"--custom-aspect-height: auto;\">\n<div class=\"grid seox-gallery-swiper user-select-none overflow-hidden position-relative\" style=\"background: #F5F5F5\" data-swiper='{\n\t\"slidesPerView\": 1,\n\t\"spaceBetween\": 4,\n\t\"navigation\": { \"nextEl\": \"#gallery_69f2aaf4716db .section-control-right\", \"prevEl\": \"#gallery_69f2aaf4716db .section-control-left\" },\n\t\"pagination\": { \"el\": \"#gallery_69f2aaf4716db .swiper-pagination\", \"type\": \"fraction\" }\n\t}'><\/p>\n<div class=\"g-col-12 d-flex swiper-wrapper\">\n<div class=\"swiper-slide\">\n\t\t\t\t\t<a data-fancybox=\"gallery_69f2aaf4716db\" data-caption=\"Foto: Divulga\u00e7\u00e3o\/ Ascom-PCBA \" class=\"d-flex w-100 h-auto no-styled position-relative seox-gallery-item gallery-image-651203\" href=\"https:\/\/uploads.acordacidade.com.br\/2026\/04\/Simulacro-apreendido-durante-operacao-de-desarticulacao-de-rede-de-monitoramento-do-trafico-em-Salvador-Foto-Divulgacao-Ascom-PCBA.jpg\"><\/p>\n<figure class=\"wp-caption alignnone img-fluid\"><img fetchpriority=\"high\" fetchpriority=\"high\" decoding=\"async\" width=\"680\" height=\"720\" src=\"http:\/\/noticiasbahia360.com.br\/wp-content\/uploads\/2026\/04\/Simulacro-apreendido-durante-operacao-de-desarticulacao-de-rede-de-monitoramento-do-trafico-em-Salvador-Foto-Divulgacao-Ascom-PCBA-1000x1059-1.jpg\" class=\"w-100 h-auto fit-cover\" alt=\"Simulacro apreendido durante opera\u00e7\u00e3o de desarticula\u00e7\u00e3o de rede de monitoramento do tr\u00e1fico em Salvador\" title=\"Simulacro apreendido durante opera\u00e7\u00e3o de desarticula\u00e7\u00e3o de rede de monitoramento do tr\u00e1fico em Salvador\" srcset=\"http:\/\/noticiasbahia360.com.br\/wp-content\/uploads\/2026\/04\/Simulacro-apreendido-durante-operacao-de-desarticulacao-de-rede-de-monitoramento-do-trafico-em-Salvador-Foto-Divulgacao-Ascom-PCBA-1000x1059-1.jpg 1200w\" sizes=\"100vw\"><figcaption class=\"wp-caption-text\">Foto: Divulga\u00e7\u00e3o\/ Ascom-PCBA <\/figcaption><\/figure>\n<p>\t\t\t\t\t<\/a>\n\t\t\t\t<\/div>\n<div class=\"swiper-slide\">\n\t\t\t\t\t<a data-fancybox=\"gallery_69f2aaf4716db\" data-caption=\"Foto: Divulga\u00e7\u00e3o\/ Ascom-PCBA \" class=\"d-flex w-100 h-auto no-styled position-relative seox-gallery-item gallery-image-651204\" href=\"https:\/\/uploads.acordacidade.com.br\/2026\/04\/Rede-de-monitoramento-do-trafico-e-desarticulada-em-Salvador-9-cameras-foram-desinstaladas-Foto-Divulgacao-Ascom-PCBA.jpg\"><\/p>\n<figure class=\"wp-caption alignnone img-fluid\"><img decoding=\"async\" width=\"991\" height=\"720\" src=\"http:\/\/noticiasbahia360.com.br\/wp-content\/uploads\/2026\/04\/Rede-de-monitoramento-do-trafico-e-desarticulada-em-Salvador-9-cameras-foram-desinstaladas-Foto-Divulgacao-Ascom-PCBA-1000x727-1.jpg\" class=\"w-100 h-auto fit-cover\" alt=\"Rede de monitoramento do tr\u00e1fico \u00e9 desarticulada em Salvador; 9 c\u00e2meras foram desinstaladas\" title=\"Rede de monitoramento do tr\u00e1fico \u00e9 desarticulada em Salvador; 9 c\u00e2meras foram desinstaladas\" srcset=\"http:\/\/noticiasbahia360.com.br\/wp-content\/uploads\/2026\/04\/Rede-de-monitoramento-do-trafico-e-desarticulada-em-Salvador-9-cameras-foram-desinstaladas-Foto-Divulgacao-Ascom-PCBA-1000x727-1.jpg 1200w\" sizes=\"100vw\"><figcaption class=\"wp-caption-text\">Foto: Divulga\u00e7\u00e3o\/ Ascom-PCBA <\/figcaption><\/figure>\n<p>\t\t\t\t\t<\/a>\n\t\t\t\t<\/div>\n<\/p><\/div>\n<div class=\"swiper-controls position-absolute inset d-flex justify-content-between align-items-center \">\n\t\t\t<button class=\"section-control-left z-index-1 d-flex justify-content-center align-items-center text-white shadow-2 w-24 h-24 rounded-circle m-2\" title=\"Voltar\"><br \/>\n\t\t\t\t<svg width=\"8\" height=\"14\" viewbox=\"0 0 8 14\" fill=\"none\" xmlns=\"http:\/\/www.w3.org\/2000\/svg\">\n\t\t\t\t\t<path fill-rule=\"evenodd\" clip-rule=\"evenodd\" d=\"M5.94597 1.06939C6.32185 0.693506 6.93127 0.693506 7.30715 1.06939C7.68303 1.44526 7.68303 2.05469 7.30715 2.43057L2.73774 6.99997L7.30715 11.5694C7.68303 11.9453 7.68303 12.5547 7.30715 12.9306C6.93127 13.3064 6.32185 13.3064 5.94597 12.9306L0.695972 7.68057C0.320093 7.30469 0.320093 6.69526 0.695972 6.31938L5.94597 1.06939Z\" fill=\"currentColor\"><\/path>\n\t\t\t\t<\/svg><br \/>\n\t\t\t<\/button><br \/>\n\t\t\t<button class=\"section-control-right z-index-1 d-flex justify-content-center align-items-center text-white shadow-2 w-24 h-24 rounded-circle m-2\" title=\"Avan\u00e7ar\"><br \/>\n\t\t\t\t<svg width=\"8\" height=\"14\" viewbox=\"0 0 8 14\" fill=\"none\" xmlns=\"http:\/\/www.w3.org\/2000\/svg\">\n\t\t\t\t\t<path fill-rule=\"evenodd\" clip-rule=\"evenodd\" d=\"M0.695972 1.06939C1.07185 0.693506 1.68127 0.693506 2.05715 1.06939L7.30715 6.31938C7.68303 6.69526 7.68303 7.30469 7.30715 7.68057L2.05715 12.9306C1.68127 13.3064 1.07185 13.3064 0.695972 12.9306C0.320094 12.5547 0.320093 11.9453 0.695972 11.5694L5.26538 6.99997L0.695972 2.43057C0.320093 2.05469 0.320093 1.44526 0.695972 1.06939Z\" fill=\"currentColor\"><\/path>\n\t\t\t\t<\/svg><br \/>\n\t\t\t<\/button>\n\t\t<\/div>\n<div class=\"swiper-pagination empty:d-none\"><\/div>\n<div class=\"swiper-skeleton g-col-12 grid lg:d-flex gap-3 justify-content-between\">\n<div class=\"d-flex flex-column gap-2 g-col-12 lg:w-100\">\n<div class=\"skeleton-element lg:w-100 h-auto\" style=\"aspect-ratio: 16\/9\"><\/div>\n<\/p><\/div>\n<\/p><\/div>\n<\/p><\/div>\n<\/div>\n<p>\u201cCom base nessas reuni\u00f5es, conseguimos levantar a poss\u00edvel localiza\u00e7\u00e3o desses equipamentos e, na data de hoje, realizamos incurs\u00f5es e logramos \u00eaxito na identifica\u00e7\u00e3o desses equipamentos de videomonitoramento. Esses criminosos, que integram uma organiza\u00e7\u00e3o criminosa, costumam esconder esses objetos com o objetivo, principalmente, de se anteciparem a qualquer tipo de a\u00e7\u00e3o das for\u00e7as de seguran\u00e7a\u201d, declarou o diretor do Denarc.<\/p>\n<p><strong>Leia tamb\u00e9m:<\/strong><\/p>\n<p><a href=\"https:\/\/www.acordacidade.com.br\/policia\/pm-remove-cameras-de-videomonitoramento-clandestinas-em-feira-de-santana\/\">PM remove c\u00e2meras de videomonitoramento clandestinas em Feira de Santana<\/a><\/p>\n<p><em>Siga o Acorda Cidade no\u00a0<\/em><a href=\"https:\/\/news.google.com\/search?q=acorda%20cidade&amp;hl=pt-BR&amp;gl=BR&amp;ceid=BR%3Apt-419\"><strong><em>Google Not\u00edcias<\/em><\/strong><\/a><em>\u00a0e receba os principais destaques do dia. Participe tamb\u00e9m dos nossos canais no\u00a0<\/em><a href=\"https:\/\/www.whatsapp.com\/channel\/0029Va6Rb4v3WHTNnsh8WI3N\"><strong><em>WhatsApp<\/em><\/strong><\/a><em>\u00a0e\u00a0<\/em><a href=\"https:\/\/www.youtube.com\/@acordacidadenoticias\/videos\"><strong>YouTube<\/strong><\/a><em>\u00a0e grupo de\u00a0<\/em><a href=\"https:\/\/t.me\/+sSz0khrgARA0ZmRh\"><strong><em>Telegram<\/em><\/strong><\/a><em>.<\/em><\/p>\n<\/div>\n","protected":false},"excerpt":{"rendered":"<div>\n<div>\n<figure><img decoding=\"async\" src=\"https:\/\/uploads.acordacidade.com.br\/2026\/04\/Rede-de-monitoramento-do-trafico-e-desarticulada-em-Salvador-9-cameras-foram-desinstaladas-Foto-Divulgacao-Ascom-PCBA-2.jpg\" alt=\"Rede de monitoramento do tr\u00e1fico \u00e9 desarticulada em Salvador; 9 c\u00e2meras foram desinstaladas\"><figcaption>Foto: Divulga\u00e7\u00e3o\/ Ascom-PCBA <\/figcaption><\/figure>\n<\/div>\n<p>Um simulacro tamb\u00e9m foi apreendido durante uma a\u00e7\u00e3o integrada realizada pelas pol\u00edcias Civil e Militar da Bahia.<\/p><\/div>\n","protected":false},"author":1,"featured_media":128971,"comment_status":"closed","ping_status":"closed","sticky":false,"template":"","format":"gallery","meta":{"footnotes":""},"categories":[8,9,6,57,56,10],"tags":[],"class_list":["post-128970","post","type-post","status-publish","format-gallery","has-post-thumbnail","hentry","category-bahia","category-brasil","category-feira-de-santana","category-mundo","category-policia","category-politica","post_format-post-format-gallery"],"featured_image_urls":{"full":["https:\/\/noticiasbahia360.com.br\/wp-content\/uploads\/2026\/04\/Rede-de-monitoramento-do-trafico-e-desarticulada-em-Salvador-9-cameras-foram-desinstaladas-Foto-Divulgacao-Ascom-PCBA-2.jpg",1200,867,false],"thumbnail":["https:\/\/noticiasbahia360.com.br\/wp-content\/uploads\/2026\/04\/Rede-de-monitoramento-do-trafico-e-desarticulada-em-Salvador-9-cameras-foram-desinstaladas-Foto-Divulgacao-Ascom-PCBA-2-150x150.jpg",150,150,true],"medium":["https:\/\/noticiasbahia360.com.br\/wp-content\/uploads\/2026\/04\/Rede-de-monitoramento-do-trafico-e-desarticulada-em-Salvador-9-cameras-foram-desinstaladas-Foto-Divulgacao-Ascom-PCBA-2-300x217.jpg",300,217,true],"medium_large":["https:\/\/noticiasbahia360.com.br\/wp-content\/uploads\/2026\/04\/Rede-de-monitoramento-do-trafico-e-desarticulada-em-Salvador-9-cameras-foram-desinstaladas-Foto-Divulgacao-Ascom-PCBA-2-768x555.jpg",640,463,true],"large":["https:\/\/noticiasbahia360.com.br\/wp-content\/uploads\/2026\/04\/Rede-de-monitoramento-do-trafico-e-desarticulada-em-Salvador-9-cameras-foram-desinstaladas-Foto-Divulgacao-Ascom-PCBA-2-1024x740.jpg",640,463,true],"1536x1536":["https:\/\/noticiasbahia360.com.br\/wp-content\/uploads\/2026\/04\/Rede-de-monitoramento-do-trafico-e-desarticulada-em-Salvador-9-cameras-foram-desinstaladas-Foto-Divulgacao-Ascom-PCBA-2.jpg",1200,867,false],"2048x2048":["https:\/\/noticiasbahia360.com.br\/wp-content\/uploads\/2026\/04\/Rede-de-monitoramento-do-trafico-e-desarticulada-em-Salvador-9-cameras-foram-desinstaladas-Foto-Divulgacao-Ascom-PCBA-2.jpg",1200,867,false],"chromenews-featured":["https:\/\/noticiasbahia360.com.br\/wp-content\/uploads\/2026\/04\/Rede-de-monitoramento-do-trafico-e-desarticulada-em-Salvador-9-cameras-foram-desinstaladas-Foto-Divulgacao-Ascom-PCBA-2-1024x740.jpg",1024,740,true],"chromenews-large":["https:\/\/noticiasbahia360.com.br\/wp-content\/uploads\/2026\/04\/Rede-de-monitoramento-do-trafico-e-desarticulada-em-Salvador-9-cameras-foram-desinstaladas-Foto-Divulgacao-Ascom-PCBA-2-825x575.jpg",825,575,true],"chromenews-medium":["https:\/\/noticiasbahia360.com.br\/wp-content\/uploads\/2026\/04\/Rede-de-monitoramento-do-trafico-e-desarticulada-em-Salvador-9-cameras-foram-desinstaladas-Foto-Divulgacao-Ascom-PCBA-2-590x410.jpg",590,410,true]},"author_info":{"display_name":"noticiasbahia360.com.br","author_link":"https:\/\/noticiasbahia360.com.br\/?author=1"},"category_info":"<a href=\"https:\/\/noticiasbahia360.com.br\/?cat=8\" rel=\"category\">Bahia<\/a> <a href=\"https:\/\/noticiasbahia360.com.br\/?cat=9\" rel=\"category\">Brasil<\/a> <a href=\"https:\/\/noticiasbahia360.com.br\/?cat=6\" rel=\"category\">Feira de Santana<\/a> <a href=\"https:\/\/noticiasbahia360.com.br\/?cat=57\" rel=\"category\">Mundo<\/a> <a href=\"https:\/\/noticiasbahia360.com.br\/?cat=56\" rel=\"category\">Pol\u00edcia<\/a> <a href=\"https:\/\/noticiasbahia360.com.br\/?cat=10\" rel=\"category\">Pol\u00edtica<\/a>","tag_info":"Pol\u00edtica","comment_count":"0","_links":{"self":[{"href":"https:\/\/noticiasbahia360.com.br\/index.php?rest_route=\/wp\/v2\/posts\/128970","targetHints":{"allow":["GET"]}}],"collection":[{"href":"https:\/\/noticiasbahia360.com.br\/index.php?rest_route=\/wp\/v2\/posts"}],"about":[{"href":"https:\/\/noticiasbahia360.com.br\/index.php?rest_route=\/wp\/v2\/types\/post"}],"author":[{"embeddable":true,"href":"https:\/\/noticiasbahia360.com.br\/index.php?rest_route=\/wp\/v2\/users\/1"}],"replies":[{"embeddable":true,"href":"https:\/\/noticiasbahia360.com.br\/index.php?rest_route=%2Fwp%2Fv2%2Fcomments&post=128970"}],"version-history":[{"count":0,"href":"https:\/\/noticiasbahia360.com.br\/index.php?rest_route=\/wp\/v2\/posts\/128970\/revisions"}],"wp:featuredmedia":[{"embeddable":true,"href":"https:\/\/noticiasbahia360.com.br\/index.php?rest_route=\/wp\/v2\/media\/128971"}],"wp:attachment":[{"href":"https:\/\/noticiasbahia360.com.br\/index.php?rest_route=%2Fwp%2Fv2%2Fmedia&parent=128970"}],"wp:term":[{"taxonomy":"category","embeddable":true,"href":"https:\/\/noticiasbahia360.com.br\/index.php?rest_route=%2Fwp%2Fv2%2Fcategories&post=128970"},{"taxonomy":"post_tag","embeddable":true,"href":"https:\/\/noticiasbahia360.com.br\/index.php?rest_route=%2Fwp%2Fv2%2Ftags&post=128970"}],"curies":[{"name":"wp","href":"https:\/\/api.w.org\/{rel}","templated":true}]}} 