{"id":128974,"date":"2026-04-29T22:21:32","date_gmt":"2026-04-30T01:21:32","guid":{"rendered":"https:\/\/noticiasbahia360.com.br\/?p=128974"},"modified":"2026-04-29T22:21:32","modified_gmt":"2026-04-30T01:21:32","slug":"empresas-do-simples-nacional-devem-usar-sistema-unico-para-emissao-de-notas-fiscais-a-partir-de-setembro","status":"publish","type":"post","link":"https:\/\/noticiasbahia360.com.br\/?p=128974","title":{"rendered":"Empresas do Simples Nacional devem usar sistema \u00fanico para emiss\u00e3o de notas fiscais a partir de setembro"},"content":{"rendered":"<div>\n<div>\n<figure><img decoding=\"async\" src=\"http:\/\/noticiasbahia360.com.br\/wp-content\/uploads\/2026\/04\/comercio-de-feira-de-santana-ft-paulo-jose-acorda-cidade-1-1.webp\" alt=\"com\u00e9rcio de Feira de Santana registra movimenta\u00e7\u00e3o na v\u00e9spera do feriado de Tiradentes\"><figcaption>Foto: Paulo Jos\u00e9\/Acorda Cidade<\/figcaption><\/figure>\n<\/div>\n<p>Ag\u00eancia Brasil \u2014\u00a0As micro e pequenas empresas enquadradas no Simples Nacional ter\u00e3o que emitir notas fiscais de servi\u00e7o por um sistema \u00fanico em todo o pa\u00eds a partir de 1\u00ba de setembro.\u00a0<strong>A mudan\u00e7a obriga o uso exclusivo do Emissor Nacional da Nota Fiscal de Servi\u00e7o eletr\u00f4nica (NFS-e), substituindo os sistemas pr\u00f3prios de cada munic\u00edpio.<\/strong><img decoding=\"async\" src=\"https:\/\/agenciabrasil.ebc.com.br\/ebc.png?id=1687717&amp;o=node\"><img decoding=\"async\" src=\"https:\/\/agenciabrasil.ebc.com.br\/ebc.gif?id=1687717&amp;o=node\"><\/p>\n<p>Definida por resolu\u00e7\u00e3o do\u00a0<a href=\"https:\/\/www.in.gov.br\/web\/dou\/-\/resolucao-cgsn-n-189-de-23-de-abril-de-2026-702052637\" target=\"_blank\" rel=\"noreferrer noopener\">Comit\u00ea Gestor do Simples Nacional (CGSN)<\/a>, a regra tem como objetivo padronizar a emiss\u00e3o de notas fiscais, reduzir burocracia e integrar dados tribut\u00e1rios entre Uni\u00e3o, estados e munic\u00edpios.<\/p>\n<p>Atualmente, cada cidade pode ter um modelo diferente de emiss\u00e3o de nota fiscal de servi\u00e7o.\u00a0<strong>Com a nova norma, todas as empresas do Simples passar\u00e3o a usar o mesmo sistema, independentemente de onde atuam.<\/strong><\/p>\n<p><strong>O que muda na pr\u00e1tica?<\/strong><\/p>\n<p>A principal altera\u00e7\u00e3o \u00e9 a obrigatoriedade de usar apenas o sistema nacional para emitir notas fiscais de servi\u00e7os.<\/p>\n<p><strong>Quem ser\u00e1 afetado:<\/strong><\/p>\n<ul class=\"wp-block-list\">\n<li>\u00a0\u00a0\u00a0\u00a0Microempresas (ME);<\/li>\n<li>\u00a0\u00a0\u00a0\u00a0Empresas de Pequeno Porte (EPP);<\/li>\n<li>\u00a0\u00a0\u00a0\u00a0Empresas com pedido de ades\u00e3o ao Simples ainda em an\u00e1lise;<\/li>\n<li>\u00a0\u00a0\u00a0\u00a0Neg\u00f3cios em disputa administrativa ou com pend\u00eancias, se houver possibilidade de enquadramento.<\/li>\n<\/ul>\n<p>Mesmo quem ainda n\u00e3o est\u00e1 formalmente no Simples pode ter que seguir a regra.<\/p>\n<p><strong>A mudan\u00e7a vale apenas para:<\/strong><\/p>\n<ul class=\"wp-block-list\">\n<li>\u00a0\u00a0\u00a0\u00a0Opera\u00e7\u00f5es com mercadorias (tributadas pelo ICMS) n\u00e3o entram na regra;<\/li>\n<li>\u00a0\u00a0\u00a0\u00a0Esses casos continuam seguindo sistemas estaduais ou pr\u00f3prios.<\/li>\n<\/ul>\n<p><strong>Por que o governo fez isso?<\/strong><\/p>\n<p>A ideia \u00e9 tornar o sistema mais simples e integrado.<\/p>\n<p><strong>Hoje:<\/strong><\/p>\n<ul class=\"wp-block-list\">\n<li>\u00a0\u00a0\u00a0\u00a0Cada munic\u00edpio tem seu pr\u00f3prio modelo;<\/li>\n<li>\u00a0\u00a0\u00a0\u00a0Empresas que atuam em v\u00e1rias cidades precisam usar sistemas diferentes.<\/li>\n<\/ul>\n<p><strong>Com a padroniza\u00e7\u00e3o:<\/strong><\/p>\n<ul class=\"wp-block-list\">\n<li>\u00a0\u00a0\u00a0\u00a0A emiss\u00e3o ser\u00e1 feita em um \u00fanico ambiente nacional;<\/li>\n<li>\u00a0\u00a0\u00a0\u00a0Os dados ser\u00e3o automaticamente compartilhados com os fiscos.<\/li>\n<\/ul>\n<p><strong>Principais benef\u00edcios:<\/strong><\/p>\n<ul class=\"wp-block-list\">\n<li>\u00a0 \u00a0 Padroniza\u00e7\u00e3o nacional: a mesma nota ser\u00e1 v\u00e1lida em qualquer cidade do pa\u00eds;<\/li>\n<li>\u00a0\u00a0\u00a0\u00a0Menos burocracia: empresas deixam de lidar com v\u00e1rios sistemas diferentes;<\/li>\n<li>\u00a0\u00a0\u00a0\u00a0Integra\u00e7\u00e3o de dados: informa\u00e7\u00f5es fiscais ser\u00e3o compartilhadas entre Uni\u00e3o, estados e munic\u00edpios.<\/li>\n<\/ul>\n<p><strong>Facilidade tecnol\u00f3gica:<\/strong><\/p>\n<ul class=\"wp-block-list\">\n<li>\u00a0\u00a0\u00a0\u00a0Emiss\u00e3o via portal online;<\/li>\n<li>\u00a0\u00a0\u00a0\u00a0Integra\u00e7\u00e3o com API das empresas. As API s\u00e3o interfaces tecnol\u00f3gicas que conectam diferentes sistemas financeiros.<\/li>\n<\/ul>\n<h2 class=\"wp-block-heading\" id=\"h-o-que-esperar\">O que esperar<\/h2>\n<p>Segundo o governo, a medida deve facilitar o cumprimento de obriga\u00e7\u00f5es fiscais, principalmente para empresas que prestam servi\u00e7os em mais de um munic\u00edpio.<\/p>\n<p>Ao mesmo tempo, amplia o controle do Fisco sobre as opera\u00e7\u00f5es e melhora a organiza\u00e7\u00e3o das informa\u00e7\u00f5es tribut\u00e1rias no pa\u00eds.<\/p>\n<p><strong>A mudan\u00e7a faz parte de um movimento maior de digitaliza\u00e7\u00e3o e padroniza\u00e7\u00e3o do sistema tribut\u00e1rio brasileiro.<\/strong><\/p>\n<p><em>Siga o Acorda Cidade no\u00a0<\/em><a href=\"https:\/\/news.google.com\/search?q=acorda%20cidade&amp;hl=pt-BR&amp;gl=BR&amp;ceid=BR%3Apt-419\"><strong><em>Google Not\u00edcias<\/em><\/strong><\/a><em>\u00a0e receba os principais destaques do dia. Participe tamb\u00e9m dos nossos canais no\u00a0<\/em><a href=\"https:\/\/www.whatsapp.com\/channel\/0029Va6Rb4v3WHTNnsh8WI3N\"><strong><em>WhatsApp<\/em><\/strong><\/a><em>\u00a0e\u00a0<\/em><a href=\"https:\/\/www.youtube.com\/@acordacidadenoticias\/videos\"><strong>YouTube<\/strong><\/a><em>\u00a0e grupo de\u00a0<\/em><a href=\"https:\/\/t.me\/+sSz0khrgARA0ZmRh\"><strong><em>Telegram<\/em><\/strong><\/a><em>.<\/em><\/p>\n<\/div>\n","protected":false},"excerpt":{"rendered":"<div>\n<div>\n<figure><img decoding=\"async\" src=\"https:\/\/uploads.acordacidade.com.br\/2026\/04\/comercio-de-feira-de-santana-ft-paulo-jose-acorda-cidade-1.webp\" alt=\"com\u00e9rcio de Feira de Santana registra movimenta\u00e7\u00e3o na v\u00e9spera do feriado de Tiradentes\"><figcaption>Foto: Paulo Jos\u00e9\/Acorda Cidade<\/figcaption><\/figure>\n<\/div>\n<p>O objetivo \u00e9 padronizar a emiss\u00e3o de notas fiscais, reduzir burocracia e integrar dados tribut\u00e1rios entre Uni\u00e3o, estados e munic\u00edpios.<\/p><\/div>\n","protected":false},"author":1,"featured_media":128975,"comment_status":"closed","ping_status":"closed","sticky":false,"template":"","format":"gallery","meta":{"footnotes":""},"categories":[8,9,6,57,56,10],"tags":[],"class_list":["post-128974","post","type-post","status-publish","format-gallery","has-post-thumbnail","hentry","category-bahia","category-brasil","category-feira-de-santana","category-mundo","category-policia","category-politica","post_format-post-format-gallery"],"featured_image_urls":{"full":["https:\/\/noticiasbahia360.com.br\/wp-content\/uploads\/2026\/04\/comercio-de-feira-de-santana-ft-paulo-jose-acorda-cidade-1-1.webp",1200,900,false],"thumbnail":["https:\/\/noticiasbahia360.com.br\/wp-content\/uploads\/2026\/04\/comercio-de-feira-de-santana-ft-paulo-jose-acorda-cidade-1-1-150x150.webp",150,150,true],"medium":["https:\/\/noticiasbahia360.com.br\/wp-content\/uploads\/2026\/04\/comercio-de-feira-de-santana-ft-paulo-jose-acorda-cidade-1-1-300x225.webp",300,225,true],"medium_large":["https:\/\/noticiasbahia360.com.br\/wp-content\/uploads\/2026\/04\/comercio-de-feira-de-santana-ft-paulo-jose-acorda-cidade-1-1-768x576.webp",640,480,true],"large":["https:\/\/noticiasbahia360.com.br\/wp-content\/uploads\/2026\/04\/comercio-de-feira-de-santana-ft-paulo-jose-acorda-cidade-1-1-1024x768.webp",640,480,true],"1536x1536":["https:\/\/noticiasbahia360.com.br\/wp-content\/uploads\/2026\/04\/comercio-de-feira-de-santana-ft-paulo-jose-acorda-cidade-1-1.webp",1200,900,false],"2048x2048":["https:\/\/noticiasbahia360.com.br\/wp-content\/uploads\/2026\/04\/comercio-de-feira-de-santana-ft-paulo-jose-acorda-cidade-1-1.webp",1200,900,false],"chromenews-featured":["https:\/\/noticiasbahia360.com.br\/wp-content\/uploads\/2026\/04\/comercio-de-feira-de-santana-ft-paulo-jose-acorda-cidade-1-1-1024x768.webp",1024,768,true],"chromenews-large":["https:\/\/noticiasbahia360.com.br\/wp-content\/uploads\/2026\/04\/comercio-de-feira-de-santana-ft-paulo-jose-acorda-cidade-1-1-825x575.webp",825,575,true],"chromenews-medium":["https:\/\/noticiasbahia360.com.br\/wp-content\/uploads\/2026\/04\/comercio-de-feira-de-santana-ft-paulo-jose-acorda-cidade-1-1-590x410.webp",590,410,true]},"author_info":{"display_name":"noticiasbahia360.com.br","author_link":"https:\/\/noticiasbahia360.com.br\/?author=1"},"category_info":"<a href=\"https:\/\/noticiasbahia360.com.br\/?cat=8\" rel=\"category\">Bahia<\/a> <a href=\"https:\/\/noticiasbahia360.com.br\/?cat=9\" rel=\"category\">Brasil<\/a> <a href=\"https:\/\/noticiasbahia360.com.br\/?cat=6\" rel=\"category\">Feira de Santana<\/a> <a href=\"https:\/\/noticiasbahia360.com.br\/?cat=57\" rel=\"category\">Mundo<\/a> <a href=\"https:\/\/noticiasbahia360.com.br\/?cat=56\" rel=\"category\">Pol\u00edcia<\/a> <a href=\"https:\/\/noticiasbahia360.com.br\/?cat=10\" rel=\"category\">Pol\u00edtica<\/a>","tag_info":"Pol\u00edtica","comment_count":"0","_links":{"self":[{"href":"https:\/\/noticiasbahia360.com.br\/index.php?rest_route=\/wp\/v2\/posts\/128974","targetHints":{"allow":["GET"]}}],"collection":[{"href":"https:\/\/noticiasbahia360.com.br\/index.php?rest_route=\/wp\/v2\/posts"}],"about":[{"href":"https:\/\/noticiasbahia360.com.br\/index.php?rest_route=\/wp\/v2\/types\/post"}],"author":[{"embeddable":true,"href":"https:\/\/noticiasbahia360.com.br\/index.php?rest_route=\/wp\/v2\/users\/1"}],"replies":[{"embeddable":true,"href":"https:\/\/noticiasbahia360.com.br\/index.php?rest_route=%2Fwp%2Fv2%2Fcomments&post=128974"}],"version-history":[{"count":0,"href":"https:\/\/noticiasbahia360.com.br\/index.php?rest_route=\/wp\/v2\/posts\/128974\/revisions"}],"wp:featuredmedia":[{"embeddable":true,"href":"https:\/\/noticiasbahia360.com.br\/index.php?rest_route=\/wp\/v2\/media\/128975"}],"wp:attachment":[{"href":"https:\/\/noticiasbahia360.com.br\/index.php?rest_route=%2Fwp%2Fv2%2Fmedia&parent=128974"}],"wp:term":[{"taxonomy":"category","embeddable":true,"href":"https:\/\/noticiasbahia360.com.br\/index.php?rest_route=%2Fwp%2Fv2%2Fcategories&post=128974"},{"taxonomy":"post_tag","embeddable":true,"href":"https:\/\/noticiasbahia360.com.br\/index.php?rest_route=%2Fwp%2Fv2%2Ftags&post=128974"}],"curies":[{"name":"wp","href":"https:\/\/api.w.org\/{rel}","templated":true}]}} 