{"id":128982,"date":"2026-04-29T22:46:04","date_gmt":"2026-04-30T01:46:04","guid":{"rendered":"https:\/\/noticiasbahia360.com.br\/?p=128982"},"modified":"2026-04-29T22:46:04","modified_gmt":"2026-04-30T01:46:04","slug":"apos-relatos-de-assaltos-pm-intensifica-policiamento-no-distrito-de-ipuacu-em-feira-de-santana","status":"publish","type":"post","link":"https:\/\/noticiasbahia360.com.br\/?p=128982","title":{"rendered":"Ap\u00f3s relatos de assaltos, PM intensifica policiamento no distrito de Ipua\u00e7u, em Feira de Santana"},"content":{"rendered":"<div>\n<div>\n<figure><img decoding=\"async\" src=\"http:\/\/noticiasbahia360.com.br\/wp-content\/uploads\/2026\/04\/Apos-relatos-de-assaltos-PM-intensifica-policiamento-no-distrito-de-Ipuacu-em-Feira-de-Santana-Foto-Reprucao-PMBA-.jpg\" alt=\"Ap\u00f3s relatos de assaltos, PM intensifica policiamento no distrito de Ipua\u00e7u, em Feira de Santana\"><figcaption>Foto: Reprodu\u00e7\u00e3o\/ PMBA<\/figcaption><\/figure>\n<\/div>\n<p>A Pol\u00edcia Militar da Bahia informa que, nesta quarta-feira (29), a 67\u00aa CIPM realizar\u00e1 intensifica\u00e7\u00e3o do policiamento ostensivo no distrito de Ipua\u00e7u, em Feira de Santana, com atua\u00e7\u00e3o em pontos sens\u00edveis da localidade, ap\u00f3s os relatos de moradores que tiveram suas casas arrombadas e assaltadas.<\/p>\n<p>A a\u00e7\u00e3o conta com o emprego estrat\u00e9gico de viaturas, refor\u00e7ando as a\u00e7\u00f5es da 67\u00aa CIPM no policiamento preventivo e na preserva\u00e7\u00e3o da ordem p\u00fablica, ampliando a presen\u00e7a policial na regi\u00e3o.<\/p>\n<div id=\"gallery_69f2b390ae0bc\" class=\"seox-gallery-block template-gallery-slide my-5\" data-aspect-ratio=\"16\/9\" data-fit=\"cover\" style=\"--custom-aspect-height: auto;\">\n<div class=\"grid seox-gallery-swiper user-select-none overflow-hidden position-relative\" style=\"background: #F5F5F5\" data-swiper='{\n\t\"slidesPerView\": 1,\n\t\"spaceBetween\": 4,\n\t\"navigation\": { \"nextEl\": \"#gallery_69f2b390ae0bc .section-control-right\", \"prevEl\": \"#gallery_69f2b390ae0bc .section-control-left\" },\n\t\"pagination\": { \"el\": \"#gallery_69f2b390ae0bc .swiper-pagination\", \"type\": \"fraction\" }\n\t}'><\/p>\n<div class=\"g-col-12 d-flex swiper-wrapper\">\n<div class=\"swiper-slide\">\n\t\t\t\t\t<a data-fancybox=\"gallery_69f2b390ae0bc\" data-caption=\"Foto: Reprodu\u00e7\u00e3o\/ PMBA\" class=\"d-flex w-100 h-auto no-styled position-relative seox-gallery-item gallery-image-651221\" href=\"https:\/\/uploads.acordacidade.com.br\/2026\/04\/Apos-relatos-de-assaltos-PM-intensifica-policiamento-no-distrito-de-Ipuacu-em-Feira-de-Santana-Foto-Reprucao-PMBA-2.jpg\"><\/p>\n<figure class=\"wp-caption alignnone img-fluid\"><img fetchpriority=\"high\" fetchpriority=\"high\" decoding=\"async\" width=\"927\" height=\"720\" src=\"http:\/\/noticiasbahia360.com.br\/wp-content\/uploads\/2026\/04\/Apos-relatos-de-assaltos-PM-intensifica-policiamento-no-distrito-de-Ipuacu-em-Feira-de-Santana-Foto-Reprucao-PMBA-2-1000x777-1.jpg\" class=\"w-100 h-auto fit-cover\" alt=\"Ap\u00f3s relatos de assaltos, PM intensifica policiamento no distrito de Ipua\u00e7u, em Feira de Santana\" title=\"Ap\u00f3s relatos de assaltos, PM intensifica policiamento no distrito de Ipua\u00e7u, em Feira de Santana\" srcset=\"http:\/\/noticiasbahia360.com.br\/wp-content\/uploads\/2026\/04\/Apos-relatos-de-assaltos-PM-intensifica-policiamento-no-distrito-de-Ipuacu-em-Feira-de-Santana-Foto-Reprucao-PMBA-2-1000x777-1.jpg 1200w\" sizes=\"100vw\"><figcaption class=\"wp-caption-text\">Foto: Reprodu\u00e7\u00e3o\/ PMBA<\/figcaption><\/figure>\n<p>\t\t\t\t\t<\/a>\n\t\t\t\t<\/div>\n<div class=\"swiper-slide\">\n\t\t\t\t\t<a data-fancybox=\"gallery_69f2b390ae0bc\" data-caption=\"Foto: Reprodu\u00e7\u00e3o\/ PMBA\" class=\"d-flex w-100 h-auto no-styled position-relative seox-gallery-item gallery-image-651220\" href=\"https:\/\/uploads.acordacidade.com.br\/2026\/04\/Apos-relatos-de-assaltos-PM-intensifica-policiamento-no-distrito-de-Ipuacu-em-Feira-de-Santana-Foto-Reprucao-PMBA-3.jpg\"><\/p>\n<figure class=\"wp-caption alignnone img-fluid\"><img decoding=\"async\" width=\"812\" height=\"720\" src=\"http:\/\/noticiasbahia360.com.br\/wp-content\/uploads\/2026\/04\/Apos-relatos-de-assaltos-PM-intensifica-policiamento-no-distrito-de-Ipuacu-em-Feira-de-Santana-Foto-Reprucao-PMBA-3-1000x887-1.jpg\" class=\"w-100 h-auto fit-cover\" alt=\"Ap\u00f3s relatos de assaltos, PM intensifica policiamento no distrito de Ipua\u00e7u, em Feira de Santana\" title=\"Ap\u00f3s relatos de assaltos, PM intensifica policiamento no distrito de Ipua\u00e7u, em Feira de Santana\" srcset=\"http:\/\/noticiasbahia360.com.br\/wp-content\/uploads\/2026\/04\/Apos-relatos-de-assaltos-PM-intensifica-policiamento-no-distrito-de-Ipuacu-em-Feira-de-Santana-Foto-Reprucao-PMBA-3-1000x887-1.jpg 1200w\" sizes=\"100vw\"><figcaption class=\"wp-caption-text\">Foto: Reprodu\u00e7\u00e3o\/ PMBA<\/figcaption><\/figure>\n<p>\t\t\t\t\t<\/a>\n\t\t\t\t<\/div>\n<\/p><\/div>\n<div class=\"swiper-controls position-absolute inset d-flex justify-content-between align-items-center \">\n\t\t\t<button class=\"section-control-left z-index-1 d-flex justify-content-center align-items-center text-white shadow-2 w-24 h-24 rounded-circle m-2\" title=\"Voltar\"><br \/>\n\t\t\t\t<svg width=\"8\" height=\"14\" viewbox=\"0 0 8 14\" fill=\"none\" xmlns=\"http:\/\/www.w3.org\/2000\/svg\">\n\t\t\t\t\t<path fill-rule=\"evenodd\" clip-rule=\"evenodd\" d=\"M5.94597 1.06939C6.32185 0.693506 6.93127 0.693506 7.30715 1.06939C7.68303 1.44526 7.68303 2.05469 7.30715 2.43057L2.73774 6.99997L7.30715 11.5694C7.68303 11.9453 7.68303 12.5547 7.30715 12.9306C6.93127 13.3064 6.32185 13.3064 5.94597 12.9306L0.695972 7.68057C0.320093 7.30469 0.320093 6.69526 0.695972 6.31938L5.94597 1.06939Z\" fill=\"currentColor\"><\/path>\n\t\t\t\t<\/svg><br \/>\n\t\t\t<\/button><br \/>\n\t\t\t<button class=\"section-control-right z-index-1 d-flex justify-content-center align-items-center text-white shadow-2 w-24 h-24 rounded-circle m-2\" title=\"Avan\u00e7ar\"><br \/>\n\t\t\t\t<svg width=\"8\" height=\"14\" viewbox=\"0 0 8 14\" fill=\"none\" xmlns=\"http:\/\/www.w3.org\/2000\/svg\">\n\t\t\t\t\t<path fill-rule=\"evenodd\" clip-rule=\"evenodd\" d=\"M0.695972 1.06939C1.07185 0.693506 1.68127 0.693506 2.05715 1.06939L7.30715 6.31938C7.68303 6.69526 7.68303 7.30469 7.30715 7.68057L2.05715 12.9306C1.68127 13.3064 1.07185 13.3064 0.695972 12.9306C0.320094 12.5547 0.320093 11.9453 0.695972 11.5694L5.26538 6.99997L0.695972 2.43057C0.320093 2.05469 0.320093 1.44526 0.695972 1.06939Z\" fill=\"currentColor\"><\/path>\n\t\t\t\t<\/svg><br \/>\n\t\t\t<\/button>\n\t\t<\/div>\n<div class=\"swiper-pagination empty:d-none\"><\/div>\n<div class=\"swiper-skeleton g-col-12 grid lg:d-flex gap-3 justify-content-between\">\n<div class=\"d-flex flex-column gap-2 g-col-12 lg:w-100\">\n<div class=\"skeleton-element lg:w-100 h-auto\" style=\"aspect-ratio: 16\/9\"><\/div>\n<\/p><\/div>\n<\/p><\/div>\n<\/p><\/div>\n<\/div>\n<p>O policiamento aconteceu ap\u00f3s uma reuni\u00e3o com comunidade e representantes de associa\u00e7\u00f5es civis organizadas no distrito de Ipua\u00e7u, e contou com a presen\u00e7a do comandante da 67\u00aa CIPM, Major PM Fernando, acompanhado do subcomandante, Capit\u00e3o PM Quintela.<\/p>\n<p>O objetivo da reuni\u00e3o foi fortalecer a rela\u00e7\u00e3o entre o policiamento e a comunidade local, por meio do di\u00e1logo direto, da escuta das demandas e do entendimento das necessidades relacionadas \u00e0 seguran\u00e7a p\u00fablica na localidade.<\/p>\n<div id=\"gallery_69f2b390af3cf\" class=\"seox-gallery-block template-gallery-slide my-5\" data-aspect-ratio=\"16\/9\" data-fit=\"cover\" style=\"--custom-aspect-height: auto;\">\n<div class=\"grid seox-gallery-swiper user-select-none overflow-hidden position-relative\" style=\"background: #F5F5F5\" data-swiper='{\n\t\"slidesPerView\": 1,\n\t\"spaceBetween\": 4,\n\t\"navigation\": { \"nextEl\": \"#gallery_69f2b390af3cf .section-control-right\", \"prevEl\": \"#gallery_69f2b390af3cf .section-control-left\" },\n\t\"pagination\": { \"el\": \"#gallery_69f2b390af3cf .swiper-pagination\", \"type\": \"fraction\" }\n\t}'><\/p>\n<div class=\"g-col-12 d-flex swiper-wrapper\">\n<div class=\"swiper-slide\">\n\t\t\t\t\t<a data-fancybox=\"gallery_69f2b390af3cf\" data-caption=\"Foto: Reprodu\u00e7\u00e3o\/ PMBA\" class=\"d-flex w-100 h-auto no-styled position-relative seox-gallery-item gallery-image-651219\" href=\"https:\/\/uploads.acordacidade.com.br\/2026\/04\/Apos-relatos-de-assaltos-PM-intensifica-policiamento-no-distrito-de-Ipuacu-em-Feira-de-Santana-Foto-Reprucao-PMBA-4.jpg\"><\/p>\n<figure class=\"wp-caption alignnone img-fluid\"><img decoding=\"async\" width=\"1080\" height=\"720\" src=\"http:\/\/noticiasbahia360.com.br\/wp-content\/uploads\/2026\/04\/Apos-relatos-de-assaltos-PM-intensifica-policiamento-no-distrito-de-Ipuacu-em-Feira-de-Santana-Foto-Reprucao-PMBA-4-1000x667-1.jpg\" class=\"w-100 h-auto fit-cover\" alt=\"Ap\u00f3s relatos de assaltos, PM intensifica policiamento no distrito de Ipua\u00e7u, em Feira de Santana\" title=\"Ap\u00f3s relatos de assaltos, PM intensifica policiamento no distrito de Ipua\u00e7u, em Feira de Santana\" srcset=\"http:\/\/noticiasbahia360.com.br\/wp-content\/uploads\/2026\/04\/Apos-relatos-de-assaltos-PM-intensifica-policiamento-no-distrito-de-Ipuacu-em-Feira-de-Santana-Foto-Reprucao-PMBA-4-1000x667-1.jpg 1200w\" sizes=\"100vw\"><figcaption class=\"wp-caption-text\">Foto: Reprodu\u00e7\u00e3o\/ PMBA<\/figcaption><\/figure>\n<p>\t\t\t\t\t<\/a>\n\t\t\t\t<\/div>\n<div class=\"swiper-slide\">\n\t\t\t\t\t<a data-fancybox=\"gallery_69f2b390af3cf\" data-caption=\"Foto: Reprodu\u00e7\u00e3o\/ PMBA\" class=\"d-flex w-100 h-auto no-styled position-relative seox-gallery-item gallery-image-651218\" href=\"https:\/\/uploads.acordacidade.com.br\/2026\/04\/Apos-relatos-de-assaltos-PM-intensifica-policiamento-no-distrito-de-Ipuacu-em-Feira-de-Santana-Foto-Reprucao-PMBA-5.jpg\"><\/p>\n<figure class=\"wp-caption alignnone img-fluid\"><img decoding=\"async\" width=\"1200\" height=\"694\" src=\"http:\/\/noticiasbahia360.com.br\/wp-content\/uploads\/2026\/04\/Apos-relatos-de-assaltos-PM-intensifica-policiamento-no-distrito-de-Ipuacu-em-Feira-de-Santana-Foto-Reprucao-PMBA-5-1000x578-1.jpg\" class=\"w-100 h-auto fit-cover\" alt=\"Ap\u00f3s relatos de assaltos, PM intensifica policiamento no distrito de Ipua\u00e7u, em Feira de Santana\" title=\"Ap\u00f3s relatos de assaltos, PM intensifica policiamento no distrito de Ipua\u00e7u, em Feira de Santana\" srcset=\"http:\/\/noticiasbahia360.com.br\/wp-content\/uploads\/2026\/04\/Apos-relatos-de-assaltos-PM-intensifica-policiamento-no-distrito-de-Ipuacu-em-Feira-de-Santana-Foto-Reprucao-PMBA-5-1000x578-1.jpg 1200w\" sizes=\"100vw\"><figcaption class=\"wp-caption-text\">Foto: Reprodu\u00e7\u00e3o\/ PMBA<\/figcaption><\/figure>\n<p>\t\t\t\t\t<\/a>\n\t\t\t\t<\/div>\n<\/p><\/div>\n<div class=\"swiper-controls position-absolute inset d-flex justify-content-between align-items-center \">\n\t\t\t<button class=\"section-control-left z-index-1 d-flex justify-content-center align-items-center text-white shadow-2 w-24 h-24 rounded-circle m-2\" title=\"Voltar\"><br \/>\n\t\t\t\t<svg width=\"8\" height=\"14\" viewbox=\"0 0 8 14\" fill=\"none\" xmlns=\"http:\/\/www.w3.org\/2000\/svg\">\n\t\t\t\t\t<path fill-rule=\"evenodd\" clip-rule=\"evenodd\" d=\"M5.94597 1.06939C6.32185 0.693506 6.93127 0.693506 7.30715 1.06939C7.68303 1.44526 7.68303 2.05469 7.30715 2.43057L2.73774 6.99997L7.30715 11.5694C7.68303 11.9453 7.68303 12.5547 7.30715 12.9306C6.93127 13.3064 6.32185 13.3064 5.94597 12.9306L0.695972 7.68057C0.320093 7.30469 0.320093 6.69526 0.695972 6.31938L5.94597 1.06939Z\" fill=\"currentColor\"><\/path>\n\t\t\t\t<\/svg><br \/>\n\t\t\t<\/button><br \/>\n\t\t\t<button class=\"section-control-right z-index-1 d-flex justify-content-center align-items-center text-white shadow-2 w-24 h-24 rounded-circle m-2\" title=\"Avan\u00e7ar\"><br \/>\n\t\t\t\t<svg width=\"8\" height=\"14\" viewbox=\"0 0 8 14\" fill=\"none\" xmlns=\"http:\/\/www.w3.org\/2000\/svg\">\n\t\t\t\t\t<path fill-rule=\"evenodd\" clip-rule=\"evenodd\" d=\"M0.695972 1.06939C1.07185 0.693506 1.68127 0.693506 2.05715 1.06939L7.30715 6.31938C7.68303 6.69526 7.68303 7.30469 7.30715 7.68057L2.05715 12.9306C1.68127 13.3064 1.07185 13.3064 0.695972 12.9306C0.320094 12.5547 0.320093 11.9453 0.695972 11.5694L5.26538 6.99997L0.695972 2.43057C0.320093 2.05469 0.320093 1.44526 0.695972 1.06939Z\" fill=\"currentColor\"><\/path>\n\t\t\t\t<\/svg><br \/>\n\t\t\t<\/button>\n\t\t<\/div>\n<div class=\"swiper-pagination empty:d-none\"><\/div>\n<div class=\"swiper-skeleton g-col-12 grid lg:d-flex gap-3 justify-content-between\">\n<div class=\"d-flex flex-column gap-2 g-col-12 lg:w-100\">\n<div class=\"skeleton-element lg:w-100 h-auto\" style=\"aspect-ratio: 16\/9\"><\/div>\n<\/p><\/div>\n<\/p><\/div>\n<\/p><\/div>\n<\/div>\n<p><strong>Leia tamb\u00e9m: <\/strong><\/p>\n<p><a href=\"https:\/\/www.acordacidade.com.br\/policia\/moradores-relatam-madrugada-de-arrombamentos-e-assaltos-no-distrito-de-ipuacu\/\">Moradores relatam madrugada de arrombamentos e assaltos no distrito de Ipua\u00e7u<\/a><\/p>\n<p><em>Siga o Acorda Cidade no\u00a0<\/em><a href=\"https:\/\/news.google.com\/search?q=acorda%20cidade&amp;hl=pt-BR&amp;gl=BR&amp;ceid=BR%3Apt-419\"><strong><em>Google Not\u00edcias<\/em><\/strong><\/a><em>\u00a0e receba os principais destaques do dia. Participe tamb\u00e9m dos nossos canais no\u00a0<\/em><a href=\"https:\/\/www.whatsapp.com\/channel\/0029Va6Rb4v3WHTNnsh8WI3N\"><strong><em>WhatsApp<\/em><\/strong><\/a><em>\u00a0e\u00a0<\/em><a href=\"https:\/\/www.youtube.com\/@acordacidadenoticias\/videos\"><strong>YouTube<\/strong><\/a><em>\u00a0e grupo de\u00a0<\/em><a href=\"https:\/\/t.me\/+sSz0khrgARA0ZmRh\"><strong><em>Telegram<\/em><\/strong><\/a><em>.<\/em><\/p>\n<\/div>\n","protected":false},"excerpt":{"rendered":"<div>\n<div>\n<figure><img decoding=\"async\" src=\"https:\/\/uploads.acordacidade.com.br\/2026\/04\/Apos-relatos-de-assaltos-PM-intensifica-policiamento-no-distrito-de-Ipuacu-em-Feira-de-Santana-Foto-Reprucao-PMBA-.jpg\" alt=\"Ap\u00f3s relatos de assaltos, PM intensifica policiamento no distrito de Ipua\u00e7u, em Feira de Santana\"><figcaption>Foto: Reprodu\u00e7\u00e3o\/ PMBA<\/figcaption><\/figure>\n<\/div>\n<p>A\u00e7\u00e3o conta com o emprego estrat\u00e9gico de viaturas, refor\u00e7ando as a\u00e7\u00f5es da PM no policiamento preventivo e na preserva\u00e7\u00e3o da ordem p\u00fablica.<\/p><\/div>\n","protected":false},"author":1,"featured_media":128983,"comment_status":"closed","ping_status":"closed","sticky":false,"template":"","format":"gallery","meta":{"footnotes":""},"categories":[8,9,6,57,56,10],"tags":[],"class_list":["post-128982","post","type-post","status-publish","format-gallery","has-post-thumbnail","hentry","category-bahia","category-brasil","category-feira-de-santana","category-mundo","category-policia","category-politica","post_format-post-format-gallery"],"featured_image_urls":{"full":["https:\/\/noticiasbahia360.com.br\/wp-content\/uploads\/2026\/04\/Apos-relatos-de-assaltos-PM-intensifica-policiamento-no-distrito-de-Ipuacu-em-Feira-de-Santana-Foto-Reprucao-PMBA-.jpg",1200,946,false],"thumbnail":["https:\/\/noticiasbahia360.com.br\/wp-content\/uploads\/2026\/04\/Apos-relatos-de-assaltos-PM-intensifica-policiamento-no-distrito-de-Ipuacu-em-Feira-de-Santana-Foto-Reprucao-PMBA--150x150.jpg",150,150,true],"medium":["https:\/\/noticiasbahia360.com.br\/wp-content\/uploads\/2026\/04\/Apos-relatos-de-assaltos-PM-intensifica-policiamento-no-distrito-de-Ipuacu-em-Feira-de-Santana-Foto-Reprucao-PMBA--300x237.jpg",300,237,true],"medium_large":["https:\/\/noticiasbahia360.com.br\/wp-content\/uploads\/2026\/04\/Apos-relatos-de-assaltos-PM-intensifica-policiamento-no-distrito-de-Ipuacu-em-Feira-de-Santana-Foto-Reprucao-PMBA--768x605.jpg",640,504,true],"large":["https:\/\/noticiasbahia360.com.br\/wp-content\/uploads\/2026\/04\/Apos-relatos-de-assaltos-PM-intensifica-policiamento-no-distrito-de-Ipuacu-em-Feira-de-Santana-Foto-Reprucao-PMBA--1024x807.jpg",640,504,true],"1536x1536":["https:\/\/noticiasbahia360.com.br\/wp-content\/uploads\/2026\/04\/Apos-relatos-de-assaltos-PM-intensifica-policiamento-no-distrito-de-Ipuacu-em-Feira-de-Santana-Foto-Reprucao-PMBA-.jpg",1200,946,false],"2048x2048":["https:\/\/noticiasbahia360.com.br\/wp-content\/uploads\/2026\/04\/Apos-relatos-de-assaltos-PM-intensifica-policiamento-no-distrito-de-Ipuacu-em-Feira-de-Santana-Foto-Reprucao-PMBA-.jpg",1200,946,false],"chromenews-featured":["https:\/\/noticiasbahia360.com.br\/wp-content\/uploads\/2026\/04\/Apos-relatos-de-assaltos-PM-intensifica-policiamento-no-distrito-de-Ipuacu-em-Feira-de-Santana-Foto-Reprucao-PMBA--1024x807.jpg",1024,807,true],"chromenews-large":["https:\/\/noticiasbahia360.com.br\/wp-content\/uploads\/2026\/04\/Apos-relatos-de-assaltos-PM-intensifica-policiamento-no-distrito-de-Ipuacu-em-Feira-de-Santana-Foto-Reprucao-PMBA--825x575.jpg",825,575,true],"chromenews-medium":["https:\/\/noticiasbahia360.com.br\/wp-content\/uploads\/2026\/04\/Apos-relatos-de-assaltos-PM-intensifica-policiamento-no-distrito-de-Ipuacu-em-Feira-de-Santana-Foto-Reprucao-PMBA--590x410.jpg",590,410,true]},"author_info":{"display_name":"noticiasbahia360.com.br","author_link":"https:\/\/noticiasbahia360.com.br\/?author=1"},"category_info":"<a href=\"https:\/\/noticiasbahia360.com.br\/?cat=8\" rel=\"category\">Bahia<\/a> <a href=\"https:\/\/noticiasbahia360.com.br\/?cat=9\" rel=\"category\">Brasil<\/a> <a href=\"https:\/\/noticiasbahia360.com.br\/?cat=6\" rel=\"category\">Feira de Santana<\/a> <a href=\"https:\/\/noticiasbahia360.com.br\/?cat=57\" rel=\"category\">Mundo<\/a> <a href=\"https:\/\/noticiasbahia360.com.br\/?cat=56\" rel=\"category\">Pol\u00edcia<\/a> <a href=\"https:\/\/noticiasbahia360.com.br\/?cat=10\" rel=\"category\">Pol\u00edtica<\/a>","tag_info":"Pol\u00edtica","comment_count":"0","_links":{"self":[{"href":"https:\/\/noticiasbahia360.com.br\/index.php?rest_route=\/wp\/v2\/posts\/128982","targetHints":{"allow":["GET"]}}],"collection":[{"href":"https:\/\/noticiasbahia360.com.br\/index.php?rest_route=\/wp\/v2\/posts"}],"about":[{"href":"https:\/\/noticiasbahia360.com.br\/index.php?rest_route=\/wp\/v2\/types\/post"}],"author":[{"embeddable":true,"href":"https:\/\/noticiasbahia360.com.br\/index.php?rest_route=\/wp\/v2\/users\/1"}],"replies":[{"embeddable":true,"href":"https:\/\/noticiasbahia360.com.br\/index.php?rest_route=%2Fwp%2Fv2%2Fcomments&post=128982"}],"version-history":[{"count":0,"href":"https:\/\/noticiasbahia360.com.br\/index.php?rest_route=\/wp\/v2\/posts\/128982\/revisions"}],"wp:featuredmedia":[{"embeddable":true,"href":"https:\/\/noticiasbahia360.com.br\/index.php?rest_route=\/wp\/v2\/media\/128983"}],"wp:attachment":[{"href":"https:\/\/noticiasbahia360.com.br\/index.php?rest_route=%2Fwp%2Fv2%2Fmedia&parent=128982"}],"wp:term":[{"taxonomy":"category","embeddable":true,"href":"https:\/\/noticiasbahia360.com.br\/index.php?rest_route=%2Fwp%2Fv2%2Fcategories&post=128982"},{"taxonomy":"post_tag","embeddable":true,"href":"https:\/\/noticiasbahia360.com.br\/index.php?rest_route=%2Fwp%2Fv2%2Ftags&post=128982"}],"curies":[{"name":"wp","href":"https:\/\/api.w.org\/{rel}","templated":true}]}} 