{"id":128988,"date":"2026-04-29T22:52:21","date_gmt":"2026-04-30T01:52:21","guid":{"rendered":"https:\/\/noticiasbahia360.com.br\/?p=128988"},"modified":"2026-04-29T22:52:21","modified_gmt":"2026-04-30T01:52:21","slug":"situacao-da-br-324-e-tratada-em-audiencia-entre-governo-da-bahia-e-ministerio-dos-transportes","status":"publish","type":"post","link":"https:\/\/noticiasbahia360.com.br\/?p=128988","title":{"rendered":"Situa\u00e7\u00e3o da BR-324 \u00e9 tratada em audi\u00eancia entre governo da Bahia e Minist\u00e9rio dos Transportes"},"content":{"rendered":"<div>\n<div>\n<figure><img decoding=\"async\" src=\"http:\/\/noticiasbahia360.com.br\/wp-content\/uploads\/2026\/04\/Engarrafamento-na-BR-324-ft-jefferson-araujo-acorda-cidade.webp\" alt=\"Engarrafamento na BR-324\"><figcaption>Foto: Jefferson Ara\u00fajo\/Acorda Cidade<\/figcaption><\/figure>\n<\/div>\n<p>Cumprindo agenda em Bras\u00edlia, nesta quarta-feira (29), o governador da Bahia,<a href=\"https:\/\/www.acordacidade.com.br\/tag\/jeronimo-rodrigues\/\" type=\"post_tag\" id=\"40146\"> Jer\u00f4nimo Rodrigues<\/a> participou de uma s\u00e9rie de reuni\u00f5es com representantes do Governo Federal e do Judici\u00e1rio, tratando de temas de interesse do estado. O primeiro compromisso foi no Minist\u00e9rio dos Transportes, em audi\u00eancia com o secret\u00e1rio-executivo Bruno Praxedes, onde foram discutidas pautas relacionadas \u00e0 infraestrutura rodovi\u00e1ria. <strong>Entre os principais temas discutidos, estiveram a manuten\u00e7\u00e3o de importantes rodovias federais que cortam a Bahia, como as BR-324, BR-242 e BR-030.<\/strong><\/p>\n<p>Al\u00e9m disso, foram tratados de projetos estruturantes como o Contorno Norte de Ilh\u00e9us, interven\u00e7\u00f5es em trechos estrat\u00e9gicos de liga\u00e7\u00e3o com outros estados e obras voltadas \u00e0 melhoria da mobilidade urbana, incluindo viadutos, passarelas e passagens em pontos cr\u00edticos de diversos munic\u00edpios baianos. Tamb\u00e9m foram abordados projetos de pavimenta\u00e7\u00e3o, restaura\u00e7\u00e3o de rodovias no Extremo Sul e a <a href=\"https:\/\/www.acordacidade.com.br\/tag\/ponte-salvador-itaparica\/\" type=\"post_tag\" id=\"36438\">Ponte Salvador-Itaparica<\/a>.<\/p>\n<figure class=\"wp-block-image size-full\"><img fetchpriority=\"high\" fetchpriority=\"high\" decoding=\"async\" width=\"1200\" height=\"799\" src=\"http:\/\/noticiasbahia360.com.br\/wp-content\/uploads\/2026\/04\/jeronimo-lula-e-wagner-.jpg\" alt=\"jer\u00f4nimo, lula e wagner\" class=\"wp-image-651199\" srcset=\"http:\/\/noticiasbahia360.com.br\/wp-content\/uploads\/2026\/04\/jeronimo-lula-e-wagner-.jpg 1200w, https:\/\/uploads.acordacidade.com.br\/2026\/04\/jeronimo-lula-e-wagner--750x499.jpg 750w, https:\/\/uploads.acordacidade.com.br\/2026\/04\/jeronimo-lula-e-wagner--1000x666.jpg 1000w, https:\/\/uploads.acordacidade.com.br\/2026\/04\/jeronimo-lula-e-wagner--450x300.jpg 450w, https:\/\/uploads.acordacidade.com.br\/2026\/04\/jeronimo-lula-e-wagner--150x100.jpg 150w\" sizes=\"(max-width: 1200px) 100vw, 1200px\"><figcaption class=\"wp-element-caption\">Foto: Ricardo Stuckert\/PR<\/figcaption><\/figure>\n<p>Ao longo do dia, o governador tamb\u00e9m esteve no Pal\u00e1cio da Alvorada, onde participou de reuni\u00e3o com o presidente Luiz In\u00e1cio Lula da Silva e o senador Jaques Wagner. Entre os temas discutidos, estiveram projetos de infraestrutura e outras iniciativas de interesse do estado.<\/p>\n<p>Encerrando a agenda institucional, o governador participou de audi\u00eancias no Supremo Tribunal Federal com os ministros Gilmar Mendes e Dias Toffoli, quando foi tratada a Lei n\u00ba 12.734\/2012, que disp\u00f5e sobre a redistribui\u00e7\u00e3o dos royalties do petr\u00f3leo. Na sequ\u00eancia, esteve reunido com a ministra da Casa Civil, Miriam Belchior, para tratar de pautas estrat\u00e9gicas relacionadas ao planejamento e a investimentos para a Bahia.<\/p>\n<p>No Supremo Tribunal Federal, a discuss\u00e3o sobre a Lei n\u00ba 12.734\/2012 foi destacada como um dos principais temas de interesse federativo do pa\u00eds. Durante as audi\u00eancias, foi ressaltado que a proposta trata da redistribui\u00e7\u00e3o dos royalties do petr\u00f3leo, com impacto direto na capacidade de investimento dos estados. A Bahia, assim como outros entes federativos, defendeu a medida, argumentando que os recursos naturais pertencem \u00e0 Uni\u00e3o e devem ser compartilhados de forma mais justa. A expectativa \u00e9 que a decis\u00e3o da Corte contribua para reduzir desigualdades regionais e dar maior equil\u00edbrio \u00e0 distribui\u00e7\u00e3o dessas receitas.<\/p>\n<p>Ao final dos compromissos, o governador avaliou a agenda do dia. \u201cFoi um dia muito produtivo em Bras\u00edlia. Estivemos com o presidente Lula, dialogando sobre pautas importantes para a Bahia, al\u00e9m de reuni\u00f5es com ministros e \u00f3rg\u00e3os do Governo Federal para avan\u00e7ar em projetos de infraestrutura e investimentos. Tamb\u00e9m tratamos no Supremo Tribunal Federal da redistribui\u00e7\u00e3o dos royalties do petr\u00f3leo, defendendo uma divis\u00e3o mais justa desses recursos. Seguimos trabalhando para garantir mais desenvolvimento para o nosso estado\u201d, afirmou.<\/p>\n<p><em>Siga o Acorda Cidade no<\/em><a href=\"https:\/\/news.google.com\/search?q=acorda%20cidade&amp;hl=pt-BR&amp;gl=BR&amp;ceid=BR%3Apt-419\"><strong><em>\u00a0Google Not\u00edcias<\/em><\/strong><\/a><em>\u00a0e receba os principais destaques do dia. Participe tamb\u00e9m dos nossos canais no\u00a0<\/em><a href=\"https:\/\/www.whatsapp.com\/channel\/0029Va6Rb4v3WHTNnsh8WI3N\"><strong><em>WhatsApp<\/em><\/strong><\/a><em>\u00a0e\u00a0<\/em><a href=\"https:\/\/www.youtube.com\/@acordacidadenoticias\/videos\"><strong>YouTube<\/strong><\/a><em>\u00a0e grupo de\u00a0<\/em><a href=\"https:\/\/t.me\/+sSz0khrgARA0ZmRh\"><strong><em>Telegram<\/em><\/strong><\/a><em>.<\/em><\/p>\n<\/div>\n","protected":false},"excerpt":{"rendered":"<div>\n<div>\n<figure><img decoding=\"async\" src=\"https:\/\/www.acordacidade.com.br\/wp-content\/uploads\/2025\/08\/Engarrafamento-na-BR-324-ft-jefferson-araujo-acorda-cidade.webp\" alt=\"Engarrafamento na BR-324\"><figcaption>Foto: Jefferson Ara\u00fajo\/Acorda Cidade<\/figcaption><\/figure>\n<\/div>\n<p>Al\u00e9m da BR-324, tamb\u00e9m foram debatidas a manuten\u00e7\u00e3o de importantes rodovias federais que cortam a Bahia, como as BR-242 e BR-030.<\/p><\/div>\n","protected":false},"author":1,"featured_media":128989,"comment_status":"closed","ping_status":"closed","sticky":false,"template":"","format":"gallery","meta":{"footnotes":""},"categories":[8,9,6,57,56,10],"tags":[],"class_list":["post-128988","post","type-post","status-publish","format-gallery","has-post-thumbnail","hentry","category-bahia","category-brasil","category-feira-de-santana","category-mundo","category-policia","category-politica","post_format-post-format-gallery"],"featured_image_urls":{"full":["https:\/\/noticiasbahia360.com.br\/wp-content\/uploads\/2026\/04\/Engarrafamento-na-BR-324-ft-jefferson-araujo-acorda-cidade.webp",1200,802,false],"thumbnail":["https:\/\/noticiasbahia360.com.br\/wp-content\/uploads\/2026\/04\/Engarrafamento-na-BR-324-ft-jefferson-araujo-acorda-cidade-150x150.webp",150,150,true],"medium":["https:\/\/noticiasbahia360.com.br\/wp-content\/uploads\/2026\/04\/Engarrafamento-na-BR-324-ft-jefferson-araujo-acorda-cidade-300x201.webp",300,201,true],"medium_large":["https:\/\/noticiasbahia360.com.br\/wp-content\/uploads\/2026\/04\/Engarrafamento-na-BR-324-ft-jefferson-araujo-acorda-cidade-768x513.webp",640,428,true],"large":["https:\/\/noticiasbahia360.com.br\/wp-content\/uploads\/2026\/04\/Engarrafamento-na-BR-324-ft-jefferson-araujo-acorda-cidade-1024x684.webp",640,428,true],"1536x1536":["https:\/\/noticiasbahia360.com.br\/wp-content\/uploads\/2026\/04\/Engarrafamento-na-BR-324-ft-jefferson-araujo-acorda-cidade.webp",1200,802,false],"2048x2048":["https:\/\/noticiasbahia360.com.br\/wp-content\/uploads\/2026\/04\/Engarrafamento-na-BR-324-ft-jefferson-araujo-acorda-cidade.webp",1200,802,false],"chromenews-featured":["https:\/\/noticiasbahia360.com.br\/wp-content\/uploads\/2026\/04\/Engarrafamento-na-BR-324-ft-jefferson-araujo-acorda-cidade-1024x684.webp",1024,684,true],"chromenews-large":["https:\/\/noticiasbahia360.com.br\/wp-content\/uploads\/2026\/04\/Engarrafamento-na-BR-324-ft-jefferson-araujo-acorda-cidade-825x575.webp",825,575,true],"chromenews-medium":["https:\/\/noticiasbahia360.com.br\/wp-content\/uploads\/2026\/04\/Engarrafamento-na-BR-324-ft-jefferson-araujo-acorda-cidade-590x410.webp",590,410,true]},"author_info":{"display_name":"noticiasbahia360.com.br","author_link":"https:\/\/noticiasbahia360.com.br\/?author=1"},"category_info":"<a href=\"https:\/\/noticiasbahia360.com.br\/?cat=8\" rel=\"category\">Bahia<\/a> <a href=\"https:\/\/noticiasbahia360.com.br\/?cat=9\" rel=\"category\">Brasil<\/a> <a href=\"https:\/\/noticiasbahia360.com.br\/?cat=6\" rel=\"category\">Feira de Santana<\/a> <a href=\"https:\/\/noticiasbahia360.com.br\/?cat=57\" rel=\"category\">Mundo<\/a> <a href=\"https:\/\/noticiasbahia360.com.br\/?cat=56\" rel=\"category\">Pol\u00edcia<\/a> <a href=\"https:\/\/noticiasbahia360.com.br\/?cat=10\" rel=\"category\">Pol\u00edtica<\/a>","tag_info":"Pol\u00edtica","comment_count":"0","_links":{"self":[{"href":"https:\/\/noticiasbahia360.com.br\/index.php?rest_route=\/wp\/v2\/posts\/128988","targetHints":{"allow":["GET"]}}],"collection":[{"href":"https:\/\/noticiasbahia360.com.br\/index.php?rest_route=\/wp\/v2\/posts"}],"about":[{"href":"https:\/\/noticiasbahia360.com.br\/index.php?rest_route=\/wp\/v2\/types\/post"}],"author":[{"embeddable":true,"href":"https:\/\/noticiasbahia360.com.br\/index.php?rest_route=\/wp\/v2\/users\/1"}],"replies":[{"embeddable":true,"href":"https:\/\/noticiasbahia360.com.br\/index.php?rest_route=%2Fwp%2Fv2%2Fcomments&post=128988"}],"version-history":[{"count":0,"href":"https:\/\/noticiasbahia360.com.br\/index.php?rest_route=\/wp\/v2\/posts\/128988\/revisions"}],"wp:featuredmedia":[{"embeddable":true,"href":"https:\/\/noticiasbahia360.com.br\/index.php?rest_route=\/wp\/v2\/media\/128989"}],"wp:attachment":[{"href":"https:\/\/noticiasbahia360.com.br\/index.php?rest_route=%2Fwp%2Fv2%2Fmedia&parent=128988"}],"wp:term":[{"taxonomy":"category","embeddable":true,"href":"https:\/\/noticiasbahia360.com.br\/index.php?rest_route=%2Fwp%2Fv2%2Fcategories&post=128988"},{"taxonomy":"post_tag","embeddable":true,"href":"https:\/\/noticiasbahia360.com.br\/index.php?rest_route=%2Fwp%2Fv2%2Ftags&post=128988"}],"curies":[{"name":"wp","href":"https:\/\/api.w.org\/{rel}","templated":true}]}} 