{"id":128991,"date":"2026-04-29T23:06:16","date_gmt":"2026-04-30T02:06:16","guid":{"rendered":"https:\/\/noticiasbahia360.com.br\/?p=128991"},"modified":"2026-04-29T23:06:16","modified_gmt":"2026-04-30T02:06:16","slug":"militar-a-paisana-e-baleado-durante-festa-em-camacari","status":"publish","type":"post","link":"https:\/\/noticiasbahia360.com.br\/?p=128991","title":{"rendered":"Militar \u00e0 paisana \u00e9 baleado durante festa em Cama\u00e7ari"},"content":{"rendered":"<div>\n<div>\n<figure><img decoding=\"async\" src=\"http:\/\/noticiasbahia360.com.br\/wp-content\/uploads\/2026\/04\/26a-Delegacia-Territorial-de-Vila-de-Abrantes-em-Camacari-Foto-Divulgacao.jpg\" alt=\"26\u00aa Delegacia Territorial de Vila de Abrantes, em Cama\u00e7ari\"><figcaption>Foto; Divulga\u00e7\u00e3o<\/figcaption><\/figure>\n<\/div>\n<p>Um policial militar foi baleado enquanto estava de folga e \u00e0 paisana durante uma festa de anivers\u00e1rio na noite de ter\u00e7a-feira (28), no bairro Catu de Abrantes, que fica em Cama\u00e7ari, na Regi\u00e3o Metropolitana de Salvador. <\/p>\n<p>Segundo informa\u00e7\u00f5es do g1, a Pol\u00edcia Militar afirmou que o caso aconteceu quando homens armados atiraram em dire\u00e7\u00e3o a um grupo de pessoas que participava da comemora\u00e7\u00e3o. O militar foi uma das pessoas atingidas. <\/p>\n<p>Equipes da 59\u00aa Companhia Independente da Pol\u00edcia Militar (CIPM) foram acionadas, por meio do Centro Integrado de Comunica\u00e7\u00f5es (Cicom), para atender a ocorr\u00eancia. Ao chegaram no local, confirmaram que duas pessoas haviam sido baleadas e socorridas por populares.<\/p>\n<p>O policial foi atingido em um dos bra\u00e7os. Os primeiros atendimentos foram feitos no Hospital Menandro de Farias, em Lauro de Freitas. No entanto, ele foi transferido para o Hospital Geral do Estado (HGE), em Salvador, para realizar um procedimento cir\u00fargico de reconstru\u00e7\u00e3o arterial. <\/p>\n<p>Ainda de acordo com a PM, o quadro de sa\u00fade dele \u00e9 est\u00e1vel, n\u00e3o havendo risco de morte. Al\u00e9m disso, a corpora\u00e7\u00e3o disse que o militar continua sendo assistido e acompanhado pela institui\u00e7\u00e3o. A outra v\u00edtima n\u00e3o identidade nem estado de sa\u00fade divulgados.<\/p>\n<p>A PM tamb\u00e9m disse que equipes ordin\u00e1ria e especializadas refor\u00e7aram o policiamento no local com a\u00e7\u00f5es intensivas e abordagens preventivas, na tentativa de localizar os autores dos disparos e reestabelecer a tranquilidade na regi\u00e3o.<\/p>\n<p>Em nota, a Pol\u00edcia Civil divulgou que a 26\u00aa Delegacia Territorial (DT\/Vila de Abrantes) investigar\u00e1 o caso. Dilig\u00eancias est\u00e3o sendo realizadas para identificar a autoria e motiva\u00e7\u00e3o do crime.<\/p>\n<p><em>Siga o Acorda Cidade no\u00a0<\/em><a href=\"https:\/\/news.google.com\/search?q=acorda%20cidade&amp;hl=pt-BR&amp;gl=BR&amp;ceid=BR%3Apt-419\"><strong><em>Google Not\u00edcias<\/em><\/strong><\/a><em>\u00a0e receba os principais destaques do dia. Participe tamb\u00e9m dos nossos canais no\u00a0<\/em><a href=\"https:\/\/www.whatsapp.com\/channel\/0029Va6Rb4v3WHTNnsh8WI3N\"><strong><em>WhatsApp<\/em><\/strong><\/a><em>\u00a0e\u00a0<\/em><a href=\"https:\/\/www.youtube.com\/@acordacidadenoticias\/videos\"><strong>YouTube<\/strong><\/a><em>\u00a0e grupo de\u00a0<\/em><a href=\"https:\/\/t.me\/+sSz0khrgARA0ZmRh\"><strong><em>Telegram<\/em><\/strong><\/a><em>.<\/em><\/p>\n<\/div>\n","protected":false},"excerpt":{"rendered":"<div>\n<div>\n<figure><img decoding=\"async\" src=\"https:\/\/uploads.acordacidade.com.br\/2026\/04\/26a-Delegacia-Territorial-de-Vila-de-Abrantes-em-Camacari-Foto-Divulgacao.jpg\" alt=\"26\u00aa Delegacia Territorial de Vila de Abrantes, em Cama\u00e7ari\"><figcaption>Foto; Divulga\u00e7\u00e3o<\/figcaption><\/figure>\n<\/div>\n<p>Caso aconteceu quando homens armados atiraram em dire\u00e7\u00e3o a um grupo de pessoas que participava da comemora\u00e7\u00e3o.<\/p><\/div>\n","protected":false},"author":1,"featured_media":128992,"comment_status":"closed","ping_status":"closed","sticky":false,"template":"","format":"gallery","meta":{"footnotes":""},"categories":[8,9,6,57,56,10],"tags":[],"class_list":["post-128991","post","type-post","status-publish","format-gallery","has-post-thumbnail","hentry","category-bahia","category-brasil","category-feira-de-santana","category-mundo","category-policia","category-politica","post_format-post-format-gallery"],"featured_image_urls":{"full":["https:\/\/noticiasbahia360.com.br\/wp-content\/uploads\/2026\/04\/26a-Delegacia-Territorial-de-Vila-de-Abrantes-em-Camacari-Foto-Divulgacao.jpg",1200,738,false],"thumbnail":["https:\/\/noticiasbahia360.com.br\/wp-content\/uploads\/2026\/04\/26a-Delegacia-Territorial-de-Vila-de-Abrantes-em-Camacari-Foto-Divulgacao-150x150.jpg",150,150,true],"medium":["https:\/\/noticiasbahia360.com.br\/wp-content\/uploads\/2026\/04\/26a-Delegacia-Territorial-de-Vila-de-Abrantes-em-Camacari-Foto-Divulgacao-300x185.jpg",300,185,true],"medium_large":["https:\/\/noticiasbahia360.com.br\/wp-content\/uploads\/2026\/04\/26a-Delegacia-Territorial-de-Vila-de-Abrantes-em-Camacari-Foto-Divulgacao-768x472.jpg",640,393,true],"large":["https:\/\/noticiasbahia360.com.br\/wp-content\/uploads\/2026\/04\/26a-Delegacia-Territorial-de-Vila-de-Abrantes-em-Camacari-Foto-Divulgacao-1024x630.jpg",640,394,true],"1536x1536":["https:\/\/noticiasbahia360.com.br\/wp-content\/uploads\/2026\/04\/26a-Delegacia-Territorial-de-Vila-de-Abrantes-em-Camacari-Foto-Divulgacao.jpg",1200,738,false],"2048x2048":["https:\/\/noticiasbahia360.com.br\/wp-content\/uploads\/2026\/04\/26a-Delegacia-Territorial-de-Vila-de-Abrantes-em-Camacari-Foto-Divulgacao.jpg",1200,738,false],"chromenews-featured":["https:\/\/noticiasbahia360.com.br\/wp-content\/uploads\/2026\/04\/26a-Delegacia-Territorial-de-Vila-de-Abrantes-em-Camacari-Foto-Divulgacao-1024x630.jpg",1024,630,true],"chromenews-large":["https:\/\/noticiasbahia360.com.br\/wp-content\/uploads\/2026\/04\/26a-Delegacia-Territorial-de-Vila-de-Abrantes-em-Camacari-Foto-Divulgacao-825x575.jpg",825,575,true],"chromenews-medium":["https:\/\/noticiasbahia360.com.br\/wp-content\/uploads\/2026\/04\/26a-Delegacia-Territorial-de-Vila-de-Abrantes-em-Camacari-Foto-Divulgacao-590x410.jpg",590,410,true]},"author_info":{"display_name":"noticiasbahia360.com.br","author_link":"https:\/\/noticiasbahia360.com.br\/?author=1"},"category_info":"<a href=\"https:\/\/noticiasbahia360.com.br\/?cat=8\" rel=\"category\">Bahia<\/a> <a href=\"https:\/\/noticiasbahia360.com.br\/?cat=9\" rel=\"category\">Brasil<\/a> <a href=\"https:\/\/noticiasbahia360.com.br\/?cat=6\" rel=\"category\">Feira de Santana<\/a> <a href=\"https:\/\/noticiasbahia360.com.br\/?cat=57\" rel=\"category\">Mundo<\/a> <a href=\"https:\/\/noticiasbahia360.com.br\/?cat=56\" rel=\"category\">Pol\u00edcia<\/a> <a href=\"https:\/\/noticiasbahia360.com.br\/?cat=10\" rel=\"category\">Pol\u00edtica<\/a>","tag_info":"Pol\u00edtica","comment_count":"0","_links":{"self":[{"href":"https:\/\/noticiasbahia360.com.br\/index.php?rest_route=\/wp\/v2\/posts\/128991","targetHints":{"allow":["GET"]}}],"collection":[{"href":"https:\/\/noticiasbahia360.com.br\/index.php?rest_route=\/wp\/v2\/posts"}],"about":[{"href":"https:\/\/noticiasbahia360.com.br\/index.php?rest_route=\/wp\/v2\/types\/post"}],"author":[{"embeddable":true,"href":"https:\/\/noticiasbahia360.com.br\/index.php?rest_route=\/wp\/v2\/users\/1"}],"replies":[{"embeddable":true,"href":"https:\/\/noticiasbahia360.com.br\/index.php?rest_route=%2Fwp%2Fv2%2Fcomments&post=128991"}],"version-history":[{"count":0,"href":"https:\/\/noticiasbahia360.com.br\/index.php?rest_route=\/wp\/v2\/posts\/128991\/revisions"}],"wp:featuredmedia":[{"embeddable":true,"href":"https:\/\/noticiasbahia360.com.br\/index.php?rest_route=\/wp\/v2\/media\/128992"}],"wp:attachment":[{"href":"https:\/\/noticiasbahia360.com.br\/index.php?rest_route=%2Fwp%2Fv2%2Fmedia&parent=128991"}],"wp:term":[{"taxonomy":"category","embeddable":true,"href":"https:\/\/noticiasbahia360.com.br\/index.php?rest_route=%2Fwp%2Fv2%2Fcategories&post=128991"},{"taxonomy":"post_tag","embeddable":true,"href":"https:\/\/noticiasbahia360.com.br\/index.php?rest_route=%2Fwp%2Fv2%2Ftags&post=128991"}],"curies":[{"name":"wp","href":"https:\/\/api.w.org\/{rel}","templated":true}]}}