{"id":128995,"date":"2026-04-30T06:21:02","date_gmt":"2026-04-30T09:21:02","guid":{"rendered":"https:\/\/noticiasbahia360.com.br\/?p=128995"},"modified":"2026-04-30T06:21:02","modified_gmt":"2026-04-30T09:21:02","slug":"flamengo-fica-no-empate-com-estudiantes-pela-copa-libertadores","status":"publish","type":"post","link":"https:\/\/noticiasbahia360.com.br\/?p=128995","title":{"rendered":"Flamengo fica no empate com Estudiantes pela Copa Libertadores"},"content":{"rendered":"<div>\n<div>\n<figure><img decoding=\"async\" src=\"http:\/\/noticiasbahia360.com.br\/wp-content\/uploads\/2026\/04\/Flamengo-2.webp\" alt=\"Flamengo\"><figcaption>Foto: Reprodu\u00e7\u00e3o\/Redes Sociais\/Flamengo <\/figcaption><\/figure>\n<\/div>\n<p>Ag\u00eancia Brasil \u2013 O Flamengo conseguiu segurar um empate de 1 a 1 com o Estudiantes (Argentina), na noite desta quarta-feira (29) no est\u00e1dio Jorge Luis Hirschi, em La Plata, em partida v\u00e1lida pelo Grupo A da Copa Libertadores. O confronto contou com transmiss\u00e3o ao vivo da\u00a0<strong>R\u00e1dio Nacional<\/strong>.<img decoding=\"async\" src=\"https:\/\/agenciabrasil.ebc.com.br\/ebc.png?id=1687767&amp;o=node\"><img decoding=\"async\" src=\"https:\/\/agenciabrasil.ebc.com.br\/ebc.gif?id=1687767&amp;o=node\"><\/p>\n<p>Com o resultado o Rubro-Negro da G\u00e1vea fica em situa\u00e7\u00e3o muito confort\u00e1vel em sua chave na competi\u00e7\u00e3o continental, no papel de l\u00edder com sete pontos conquistados. Os argentinos s\u00e3o os vice-l\u00edderes, com cinco pontos.<\/p>\n<p>Diante de uma das melhores equipes do futebol argentino, o time\u00a0comandado\u00a0pelo t\u00e9cnico portugu\u00eas Leonardo Jardim n\u00e3o teve vida f\u00e1cil. Apesar de abrir o placar ainda no primeiro tempo, com Luiz Ara\u00fajo aos 32 minutos, o Flamengo encontrou muitas dificuldades para articular as jogadas de ataque, em especial ap\u00f3s a sa\u00edda de campo de Arrascaeta aos 20 minutos (o uruguaio sofreu uma queda que o deixou com muitas dores no ombro direito).<\/p>\n<p>Ap\u00f3s o intervalo o Estudiantes abusou das bolas lan\u00e7adas na dire\u00e7\u00e3o da \u00e1rea do Flamengo para buscar o empate. E a estrat\u00e9gia deu\u00a0resultado logo aos nove minutos. Meza cruzou para\u00a0Far\u00edas, que cabeceou para defesa parcial de Rossi. Com a bola viva na frente do gol, Carrillo empurrou para o fundo das redes.<\/p>\n<p>A partir da\u00ed os argentinos aumentaram muito a press\u00e3o, mas o Rubro-Negro mostrou maturidade para segurar o empate at\u00e9 o apito final.<\/p>\n<h2 class=\"wp-block-heading\" id=\"h-verdao-empata\">Verd\u00e3o empata<\/h2>\n<p>Quem tamb\u00e9m ficou no 1 a 1 na noite desta quarta foi o Palmeiras. Jogando no est\u00e1dio Nueva Olla, em Assun\u00e7\u00e3o, o Verd\u00e3o empatou com o Cerro Porte\u00f1o (Paraguai) pelo Grupo F.<\/p>\n<p>Com o resultado, o time de Abel Ferreira caiu para a vice-lideran\u00e7a da sua chave com cinco pontos. A lideran\u00e7a \u00e9 ocupada pelo Sporting Cristal (Peru), que nesta rodada superou o Junior Barranquilla (Col\u00f4mbia) pelo placar de 2 a 0.<\/p>\n<h2 class=\"wp-block-heading\" id=\"h-mirassol-vence\">Mirassol vence<\/h2>\n<p>A \u00fanica equipe brasileira a triunfar na noite desta quarta na Copa Libertadores foi o estreante Mirassol. Atuando no est\u00e1dio Municipal Jos\u00e9 Maria de Campos Maia, a equipe do interior paulista derrotou o Always Ready (Bol\u00edvia).<\/p>\n<p>A vit\u00f3ria deixou o Mirassol na terceira posi\u00e7\u00e3o do Grupo G com seis pontos conquistados, com possibilidades reais de avan\u00e7ar para o mata-mata da Libertadores.<\/p>\n<p><em>Siga o Acorda Cidade no\u00a0<\/em><a href=\"https:\/\/news.google.com\/search?q=acorda%20cidade&amp;hl=pt-BR&amp;gl=BR&amp;ceid=BR%3Apt-419\"><strong><em>Google Not\u00edcias<\/em><\/strong><\/a><em>\u00a0e receba os principais destaques do dia. Participe tamb\u00e9m dos nossos canais no\u00a0<\/em><a href=\"https:\/\/www.whatsapp.com\/channel\/0029Va6Rb4v3WHTNnsh8WI3N\"><strong><em>WhatsApp<\/em><\/strong><\/a><em>\u00a0e\u00a0<\/em><a href=\"https:\/\/www.youtube.com\/@acordacidadenoticias\/videos\"><strong>YouTube<\/strong><\/a><em>\u00a0e grupo de\u00a0<\/em><a href=\"https:\/\/t.me\/+sSz0khrgARA0ZmRh\"><strong><em>Telegram<\/em><\/strong><\/a><em>.<\/em><\/p>\n<\/div>\n","protected":false},"excerpt":{"rendered":"<div>\n<div>\n<figure><img decoding=\"async\" src=\"https:\/\/uploads.acordacidade.com.br\/2026\/04\/Flamengo-2.webp\" alt=\"Flamengo\"><figcaption>Foto: Reprodu\u00e7\u00e3o\/Redes Sociais\/Flamengo <\/figcaption><\/figure>\n<\/div>\n<p>Com o resultado o Rubro-Negro da G\u00e1vea fica em situa\u00e7\u00e3o muito confort\u00e1vel em sua chave na competi\u00e7\u00e3o continental.<\/p><\/div>\n","protected":false},"author":1,"featured_media":128996,"comment_status":"closed","ping_status":"closed","sticky":false,"template":"","format":"gallery","meta":{"footnotes":""},"categories":[8,9,6,57,56,10],"tags":[],"class_list":["post-128995","post","type-post","status-publish","format-gallery","has-post-thumbnail","hentry","category-bahia","category-brasil","category-feira-de-santana","category-mundo","category-policia","category-politica","post_format-post-format-gallery"],"featured_image_urls":{"full":["https:\/\/noticiasbahia360.com.br\/wp-content\/uploads\/2026\/04\/Flamengo-2.webp",1200,854,false],"thumbnail":["https:\/\/noticiasbahia360.com.br\/wp-content\/uploads\/2026\/04\/Flamengo-2-150x150.webp",150,150,true],"medium":["https:\/\/noticiasbahia360.com.br\/wp-content\/uploads\/2026\/04\/Flamengo-2-300x214.webp",300,214,true],"medium_large":["https:\/\/noticiasbahia360.com.br\/wp-content\/uploads\/2026\/04\/Flamengo-2-768x547.webp",640,456,true],"large":["https:\/\/noticiasbahia360.com.br\/wp-content\/uploads\/2026\/04\/Flamengo-2-1024x729.webp",640,456,true],"1536x1536":["https:\/\/noticiasbahia360.com.br\/wp-content\/uploads\/2026\/04\/Flamengo-2.webp",1200,854,false],"2048x2048":["https:\/\/noticiasbahia360.com.br\/wp-content\/uploads\/2026\/04\/Flamengo-2.webp",1200,854,false],"chromenews-featured":["https:\/\/noticiasbahia360.com.br\/wp-content\/uploads\/2026\/04\/Flamengo-2-1024x729.webp",1024,729,true],"chromenews-large":["https:\/\/noticiasbahia360.com.br\/wp-content\/uploads\/2026\/04\/Flamengo-2-825x575.webp",825,575,true],"chromenews-medium":["https:\/\/noticiasbahia360.com.br\/wp-content\/uploads\/2026\/04\/Flamengo-2-590x410.webp",590,410,true]},"author_info":{"display_name":"noticiasbahia360.com.br","author_link":"https:\/\/noticiasbahia360.com.br\/?author=1"},"category_info":"<a href=\"https:\/\/noticiasbahia360.com.br\/?cat=8\" rel=\"category\">Bahia<\/a> <a href=\"https:\/\/noticiasbahia360.com.br\/?cat=9\" rel=\"category\">Brasil<\/a> <a href=\"https:\/\/noticiasbahia360.com.br\/?cat=6\" rel=\"category\">Feira de Santana<\/a> <a href=\"https:\/\/noticiasbahia360.com.br\/?cat=57\" rel=\"category\">Mundo<\/a> <a href=\"https:\/\/noticiasbahia360.com.br\/?cat=56\" rel=\"category\">Pol\u00edcia<\/a> <a href=\"https:\/\/noticiasbahia360.com.br\/?cat=10\" rel=\"category\">Pol\u00edtica<\/a>","tag_info":"Pol\u00edtica","comment_count":"0","_links":{"self":[{"href":"https:\/\/noticiasbahia360.com.br\/index.php?rest_route=\/wp\/v2\/posts\/128995","targetHints":{"allow":["GET"]}}],"collection":[{"href":"https:\/\/noticiasbahia360.com.br\/index.php?rest_route=\/wp\/v2\/posts"}],"about":[{"href":"https:\/\/noticiasbahia360.com.br\/index.php?rest_route=\/wp\/v2\/types\/post"}],"author":[{"embeddable":true,"href":"https:\/\/noticiasbahia360.com.br\/index.php?rest_route=\/wp\/v2\/users\/1"}],"replies":[{"embeddable":true,"href":"https:\/\/noticiasbahia360.com.br\/index.php?rest_route=%2Fwp%2Fv2%2Fcomments&post=128995"}],"version-history":[{"count":0,"href":"https:\/\/noticiasbahia360.com.br\/index.php?rest_route=\/wp\/v2\/posts\/128995\/revisions"}],"wp:featuredmedia":[{"embeddable":true,"href":"https:\/\/noticiasbahia360.com.br\/index.php?rest_route=\/wp\/v2\/media\/128996"}],"wp:attachment":[{"href":"https:\/\/noticiasbahia360.com.br\/index.php?rest_route=%2Fwp%2Fv2%2Fmedia&parent=128995"}],"wp:term":[{"taxonomy":"category","embeddable":true,"href":"https:\/\/noticiasbahia360.com.br\/index.php?rest_route=%2Fwp%2Fv2%2Fcategories&post=128995"},{"taxonomy":"post_tag","embeddable":true,"href":"https:\/\/noticiasbahia360.com.br\/index.php?rest_route=%2Fwp%2Fv2%2Ftags&post=128995"}],"curies":[{"name":"wp","href":"https:\/\/api.w.org\/{rel}","templated":true}]}}