{"id":129001,"date":"2026-04-30T07:02:01","date_gmt":"2026-04-30T10:02:01","guid":{"rendered":"https:\/\/noticiasbahia360.com.br\/?p=129001"},"modified":"2026-04-30T07:02:01","modified_gmt":"2026-04-30T10:02:01","slug":"feira-fc-lanca-camisa-1-inspirada-no-pertencimento-a-feira-de-santana-e-na-identidade-da-cidade","status":"publish","type":"post","link":"https:\/\/noticiasbahia360.com.br\/?p=129001","title":{"rendered":"Feira FC lan\u00e7a camisa 1 inspirada no pertencimento \u00e0 Feira de Santana e na identidade da cidade"},"content":{"rendered":"<div>\n<div>\n<figure><img decoding=\"async\" src=\"http:\/\/noticiasbahia360.com.br\/wp-content\/uploads\/2026\/04\/Camisa-1-do-Feira-FC.webp\" alt=\"Feira FC lan\u00e7a camisa 1 inspirada no pertencimento \u00e0 Feira de Santana e na identidade da cidade\"><figcaption>Foto: Divulga\u00e7\u00e3o\/Feira FC<\/figcaption><\/figure>\n<\/div>\n<p>O Feira FC lan\u00e7a sua camisa n\u00famero 1 com uma proposta de transformar o manto em s\u00edmbolo da cidade. Inspirado na narrativa <strong>\u201cn\u00e3o somos de Feira, somos Feira\u201d<\/strong>, o clube apresenta uma pe\u00e7a que carrega elementos como o mapa de Feira de Santana, simbolizado pelo Anel de Contorno e refor\u00e7ando a conex\u00e3o com o territ\u00f3rio e com as hist\u00f3rias que atravessam a cidade.<\/p>\n<p>Em um projeto que cresce rapidamente, o Feira FC j\u00e1 se destaca como o 33\u00ba time mais seguido do Brasil e o 10\u00ba do Nordeste, consolidando sua presen\u00e7a e engajamento.<\/p>\n<p>O lan\u00e7amento marca mais um passo na constru\u00e7\u00e3o de identidade do clube, um manto que n\u00e3o veste apenas jogadores, mas carrega a ess\u00eancia de Feira de Santana para dentro de campo.<\/p>\n<p><em>Siga o Acorda Cidade no<\/em><a href=\"https:\/\/news.google.com\/search?q=acorda%20cidade&amp;hl=pt-BR&amp;gl=BR&amp;ceid=BR%3Apt-419\"><strong><em>\u00a0Google Not\u00edcias<\/em><\/strong><\/a><em>\u00a0e receba os principais destaques do dia. Participe tamb\u00e9m dos nossos canais no\u00a0<\/em><a href=\"https:\/\/www.whatsapp.com\/channel\/0029Va6Rb4v3WHTNnsh8WI3N\"><strong><em>WhatsApp<\/em><\/strong><\/a><em>\u00a0e\u00a0<\/em><a href=\"https:\/\/www.youtube.com\/@acordacidadenoticias\/videos\"><strong>YouTube<\/strong><\/a><em>\u00a0e grupo de\u00a0<\/em><a href=\"https:\/\/t.me\/+sSz0khrgARA0ZmRh\"><strong><em>Telegram<\/em><\/strong><\/a><em>.<\/em><\/p>\n<\/div>\n","protected":false},"excerpt":{"rendered":"<div>\n<div>\n<figure><img decoding=\"async\" src=\"https:\/\/uploads.acordacidade.com.br\/2026\/04\/Camisa-1-do-Feira-FC.webp\" alt=\"Feira FC lan\u00e7a camisa 1 inspirada no pertencimento \u00e0 Feira de Santana e na identidade da cidade\"><figcaption>Foto: Divulga\u00e7\u00e3o\/Feira FC<\/figcaption><\/figure>\n<\/div>\n<p>Em um projeto que cresce rapidamente, o Feira FC j\u00e1 se destaca como o 33\u00ba time mais seguido do Brasil e o 10\u00ba do Nordeste.<\/p><\/div>\n","protected":false},"author":1,"featured_media":129002,"comment_status":"closed","ping_status":"closed","sticky":false,"template":"","format":"gallery","meta":{"footnotes":""},"categories":[8,9,6,57,56,10],"tags":[],"class_list":["post-129001","post","type-post","status-publish","format-gallery","has-post-thumbnail","hentry","category-bahia","category-brasil","category-feira-de-santana","category-mundo","category-policia","category-politica","post_format-post-format-gallery"],"featured_image_urls":{"full":["https:\/\/noticiasbahia360.com.br\/wp-content\/uploads\/2026\/04\/Camisa-1-do-Feira-FC.webp",1200,881,false],"thumbnail":["https:\/\/noticiasbahia360.com.br\/wp-content\/uploads\/2026\/04\/Camisa-1-do-Feira-FC-150x150.webp",150,150,true],"medium":["https:\/\/noticiasbahia360.com.br\/wp-content\/uploads\/2026\/04\/Camisa-1-do-Feira-FC-300x220.webp",300,220,true],"medium_large":["https:\/\/noticiasbahia360.com.br\/wp-content\/uploads\/2026\/04\/Camisa-1-do-Feira-FC-768x564.webp",640,470,true],"large":["https:\/\/noticiasbahia360.com.br\/wp-content\/uploads\/2026\/04\/Camisa-1-do-Feira-FC-1024x752.webp",640,470,true],"1536x1536":["https:\/\/noticiasbahia360.com.br\/wp-content\/uploads\/2026\/04\/Camisa-1-do-Feira-FC.webp",1200,881,false],"2048x2048":["https:\/\/noticiasbahia360.com.br\/wp-content\/uploads\/2026\/04\/Camisa-1-do-Feira-FC.webp",1200,881,false],"chromenews-featured":["https:\/\/noticiasbahia360.com.br\/wp-content\/uploads\/2026\/04\/Camisa-1-do-Feira-FC-1024x752.webp",1024,752,true],"chromenews-large":["https:\/\/noticiasbahia360.com.br\/wp-content\/uploads\/2026\/04\/Camisa-1-do-Feira-FC-825x575.webp",825,575,true],"chromenews-medium":["https:\/\/noticiasbahia360.com.br\/wp-content\/uploads\/2026\/04\/Camisa-1-do-Feira-FC-590x410.webp",590,410,true]},"author_info":{"display_name":"noticiasbahia360.com.br","author_link":"https:\/\/noticiasbahia360.com.br\/?author=1"},"category_info":"<a href=\"https:\/\/noticiasbahia360.com.br\/?cat=8\" rel=\"category\">Bahia<\/a> <a href=\"https:\/\/noticiasbahia360.com.br\/?cat=9\" rel=\"category\">Brasil<\/a> <a href=\"https:\/\/noticiasbahia360.com.br\/?cat=6\" rel=\"category\">Feira de Santana<\/a> <a href=\"https:\/\/noticiasbahia360.com.br\/?cat=57\" rel=\"category\">Mundo<\/a> <a href=\"https:\/\/noticiasbahia360.com.br\/?cat=56\" rel=\"category\">Pol\u00edcia<\/a> <a href=\"https:\/\/noticiasbahia360.com.br\/?cat=10\" rel=\"category\">Pol\u00edtica<\/a>","tag_info":"Pol\u00edtica","comment_count":"0","_links":{"self":[{"href":"https:\/\/noticiasbahia360.com.br\/index.php?rest_route=\/wp\/v2\/posts\/129001","targetHints":{"allow":["GET"]}}],"collection":[{"href":"https:\/\/noticiasbahia360.com.br\/index.php?rest_route=\/wp\/v2\/posts"}],"about":[{"href":"https:\/\/noticiasbahia360.com.br\/index.php?rest_route=\/wp\/v2\/types\/post"}],"author":[{"embeddable":true,"href":"https:\/\/noticiasbahia360.com.br\/index.php?rest_route=\/wp\/v2\/users\/1"}],"replies":[{"embeddable":true,"href":"https:\/\/noticiasbahia360.com.br\/index.php?rest_route=%2Fwp%2Fv2%2Fcomments&post=129001"}],"version-history":[{"count":0,"href":"https:\/\/noticiasbahia360.com.br\/index.php?rest_route=\/wp\/v2\/posts\/129001\/revisions"}],"wp:featuredmedia":[{"embeddable":true,"href":"https:\/\/noticiasbahia360.com.br\/index.php?rest_route=\/wp\/v2\/media\/129002"}],"wp:attachment":[{"href":"https:\/\/noticiasbahia360.com.br\/index.php?rest_route=%2Fwp%2Fv2%2Fmedia&parent=129001"}],"wp:term":[{"taxonomy":"category","embeddable":true,"href":"https:\/\/noticiasbahia360.com.br\/index.php?rest_route=%2Fwp%2Fv2%2Fcategories&post=129001"},{"taxonomy":"post_tag","embeddable":true,"href":"https:\/\/noticiasbahia360.com.br\/index.php?rest_route=%2Fwp%2Fv2%2Ftags&post=129001"}],"curies":[{"name":"wp","href":"https:\/\/api.w.org\/{rel}","templated":true}]}}