{"id":129003,"date":"2026-04-30T07:16:52","date_gmt":"2026-04-30T10:16:52","guid":{"rendered":"https:\/\/noticiasbahia360.com.br\/?p=129003"},"modified":"2026-04-30T07:16:52","modified_gmt":"2026-04-30T10:16:52","slug":"senar-leva-curso-de-capacitacao-para-trabalhadores-rurais-de-antonio-cardoso","status":"publish","type":"post","link":"https:\/\/noticiasbahia360.com.br\/?p=129003","title":{"rendered":"Senar leva curso de capacita\u00e7\u00e3o para trabalhadores rurais de Ant\u00f4nio Cardoso"},"content":{"rendered":"<div>\n<div>\n<figure><img decoding=\"async\" src=\"http:\/\/noticiasbahia360.com.br\/wp-content\/uploads\/2026\/04\/Curso-do-Senar.webp\" alt=\"Senar leva curso de capacita\u00e7\u00e3o para trabalhadores rurais de Ant\u00f4nio Cardoso\"><figcaption>Foto: Divulga\u00e7\u00e3o\/Senar<\/figcaption><\/figure>\n<\/div>\n<p>Trabalhadores rurais, produtores e pessoas que desejam crescer no campo est\u00e3o participando de uma importante oportunidade de aprendizado com a realiza\u00e7\u00e3o do curso Neg\u00f3cio Certo Rural, promovido pelo Senar Bahia. A forma\u00e7\u00e3o \u00e9 voltada para quem busca organizar melhor seus neg\u00f3cios, aumentar a renda e enxergar novas possibilidades de desenvolvimento em Ant\u00f4nio Cardoso.<\/p>\n<figure class=\"wp-block-image size-full\"><img fetchpriority=\"high\" fetchpriority=\"high\" decoding=\"async\" width=\"1200\" height=\"738\" src=\"http:\/\/noticiasbahia360.com.br\/wp-content\/uploads\/2026\/04\/Curso-do-Senar-3.webp\" alt=\"Senar leva curso de capacita\u00e7\u00e3o para trabalhadores rurais de Ant\u00f4nio Cardoso\" class=\"wp-image-651245\" srcset=\"http:\/\/noticiasbahia360.com.br\/wp-content\/uploads\/2026\/04\/Curso-do-Senar-3.webp 1200w, https:\/\/uploads.acordacidade.com.br\/2026\/04\/Curso-do-Senar-3-750x461.webp 750w, https:\/\/uploads.acordacidade.com.br\/2026\/04\/Curso-do-Senar-3-1000x615.webp 1000w, https:\/\/uploads.acordacidade.com.br\/2026\/04\/Curso-do-Senar-3-450x277.webp 450w, https:\/\/uploads.acordacidade.com.br\/2026\/04\/Curso-do-Senar-3-150x92.webp 150w\" sizes=\"(max-width: 1200px) 100vw, 1200px\"><figcaption class=\"wp-element-caption\">Foto: Divulga\u00e7\u00e3o\/Senar<\/figcaption><\/figure>\n<p>O munic\u00edpio est\u00e1 entre os primeiros da regi\u00e3o a receber o curso, que come\u00e7ou nesta ter\u00e7a-feira, 29 de abril, com a primeira turma, e segue nesta quinta-feira (30), com a segunda. S\u00e3o 15 vagas em cada turma, reunindo participantes interessados em crescer por meio do conhecimento. A iniciativa \u00e9 da Secretaria de Desenvolvimento Rural, Agricultura e Meio Ambiente do munic\u00edpio em parceria com o Senar.<\/p>\n<p>Ao todo, ser\u00e3o sete encontros, com atividades at\u00e9 o m\u00eas de junho. Durante as aulas, os participantes ter\u00e3o acesso a orienta\u00e7\u00f5es pr\u00e1ticas sobre planejamento, gest\u00e3o, vendas e desenvolvimento de pequenos empreendimentos rurais.<\/p>\n<figure class=\"wp-block-image size-full\"><img decoding=\"async\" width=\"1200\" height=\"789\" src=\"http:\/\/noticiasbahia360.com.br\/wp-content\/uploads\/2026\/04\/Curso-do-Senar-2.webp\" alt=\"Senar leva curso de capacita\u00e7\u00e3o para trabalhadores rurais de Ant\u00f4nio Cardoso\" class=\"wp-image-651241\" srcset=\"http:\/\/noticiasbahia360.com.br\/wp-content\/uploads\/2026\/04\/Curso-do-Senar-2.webp 1200w, https:\/\/uploads.acordacidade.com.br\/2026\/04\/Curso-do-Senar-2-750x493.webp 750w, https:\/\/uploads.acordacidade.com.br\/2026\/04\/Curso-do-Senar-2-1000x658.webp 1000w, https:\/\/uploads.acordacidade.com.br\/2026\/04\/Curso-do-Senar-2-450x296.webp 450w, https:\/\/uploads.acordacidade.com.br\/2026\/04\/Curso-do-Senar-2-150x99.webp 150w\" sizes=\"(max-width: 1200px) 100vw, 1200px\"><figcaption class=\"wp-element-caption\">Foto: Divulga\u00e7\u00e3o\/Senar<\/figcaption><\/figure>\n<p>Al\u00e9m da forma\u00e7\u00e3o, os alunos receberam kit com camisa e bon\u00e9, al\u00e9m de material did\u00e1tico completo, garantindo mais conforto e apoio durante o curso. Para a diretora de Desenvolvimento Econ\u00f4mico, Thayn\u00e1 Almeida, a iniciativa chega em boa hora. \u201cEsse curso abre portas para muita gente. Quando a pessoa aprende a organizar seu neg\u00f3cio e planejar melhor o futuro, ela ganha mais confian\u00e7a para crescer. \u00c9 uma oportunidade importante para nossa popula\u00e7\u00e3o rural.\u201d<\/p>\n<figure class=\"wp-block-image size-full\"><img decoding=\"async\" width=\"1200\" height=\"766\" src=\"http:\/\/noticiasbahia360.com.br\/wp-content\/uploads\/2026\/04\/Curso-do-Senar-1.webp\" alt=\"Senar leva curso de capacita\u00e7\u00e3o para trabalhadores rurais de Ant\u00f4nio Cardoso\" class=\"wp-image-651242\" srcset=\"http:\/\/noticiasbahia360.com.br\/wp-content\/uploads\/2026\/04\/Curso-do-Senar-1.webp 1200w, https:\/\/uploads.acordacidade.com.br\/2026\/04\/Curso-do-Senar-1-750x479.webp 750w, https:\/\/uploads.acordacidade.com.br\/2026\/04\/Curso-do-Senar-1-1000x638.webp 1000w, https:\/\/uploads.acordacidade.com.br\/2026\/04\/Curso-do-Senar-1-450x287.webp 450w, https:\/\/uploads.acordacidade.com.br\/2026\/04\/Curso-do-Senar-1-150x96.webp 150w\" sizes=\"(max-width: 1200px) 100vw, 1200px\"><figcaption class=\"wp-element-caption\">Foto: Divulga\u00e7\u00e3o\/Senar<\/figcaption><\/figure>\n<p>A chegada do Neg\u00f3cio Certo Rural fortalece quem vive e produz no campo, incentivando novos caminhos para gera\u00e7\u00e3o de renda e desenvolvimento em Ant\u00f4nio Cardoso.<\/p>\n<figure class=\"wp-block-image size-full\"><img decoding=\"async\" width=\"1200\" height=\"711\" src=\"http:\/\/noticiasbahia360.com.br\/wp-content\/uploads\/2026\/04\/Curso-do-Senar-.webp\" alt=\"Senar leva curso de capacita\u00e7\u00e3o para trabalhadores rurais de Ant\u00f4nio Cardoso\" class=\"wp-image-651243\" srcset=\"http:\/\/noticiasbahia360.com.br\/wp-content\/uploads\/2026\/04\/Curso-do-Senar-.webp 1200w, https:\/\/uploads.acordacidade.com.br\/2026\/04\/Curso-do-Senar--750x444.webp 750w, https:\/\/uploads.acordacidade.com.br\/2026\/04\/Curso-do-Senar--1000x593.webp 1000w, https:\/\/uploads.acordacidade.com.br\/2026\/04\/Curso-do-Senar--450x267.webp 450w, https:\/\/uploads.acordacidade.com.br\/2026\/04\/Curso-do-Senar--150x89.webp 150w\" sizes=\"(max-width: 1200px) 100vw, 1200px\"><figcaption class=\"wp-element-caption\">Foto: Divulga\u00e7\u00e3o\/Senar<\/figcaption><\/figure>\n<p><em>Siga o Acorda Cidade no<\/em><a href=\"https:\/\/news.google.com\/search?q=acorda%20cidade&amp;hl=pt-BR&amp;gl=BR&amp;ceid=BR%3Apt-419\"><strong><em>\u00a0Google Not\u00edcias<\/em><\/strong><\/a><em>\u00a0e receba os principais destaques do dia. Participe tamb\u00e9m dos nossos canais no\u00a0<\/em><a href=\"https:\/\/www.whatsapp.com\/channel\/0029Va6Rb4v3WHTNnsh8WI3N\"><strong><em>WhatsApp<\/em><\/strong><\/a><em>\u00a0e\u00a0<\/em><a href=\"https:\/\/www.youtube.com\/@acordacidadenoticias\/videos\"><strong>YouTube<\/strong><\/a><em>\u00a0e grupo de\u00a0<\/em><a href=\"https:\/\/t.me\/+sSz0khrgARA0ZmRh\"><strong><em>Telegram<\/em><\/strong><\/a><em>.<\/em><\/p>\n<\/div>\n","protected":false},"excerpt":{"rendered":"<div>\n<div>\n<figure><img decoding=\"async\" src=\"https:\/\/uploads.acordacidade.com.br\/2026\/04\/Curso-do-Senar.webp\" alt=\"Senar leva curso de capacita\u00e7\u00e3o para trabalhadores rurais de Ant\u00f4nio Cardoso\"><figcaption>Foto: Divulga\u00e7\u00e3o\/Senar<\/figcaption><\/figure>\n<\/div>\n<p>A iniciativa \u00e9 da Secretaria de Desenvolvimento Rural, Agricultura e Meio Ambiente do munic\u00edpio em parceria com o Senar.<\/p><\/div>\n","protected":false},"author":1,"featured_media":129004,"comment_status":"closed","ping_status":"closed","sticky":false,"template":"","format":"gallery","meta":{"footnotes":""},"categories":[8,9,6,57,56,10],"tags":[],"class_list":["post-129003","post","type-post","status-publish","format-gallery","has-post-thumbnail","hentry","category-bahia","category-brasil","category-feira-de-santana","category-mundo","category-policia","category-politica","post_format-post-format-gallery"],"featured_image_urls":{"full":["https:\/\/noticiasbahia360.com.br\/wp-content\/uploads\/2026\/04\/Curso-do-Senar.webp",1200,773,false],"thumbnail":["https:\/\/noticiasbahia360.com.br\/wp-content\/uploads\/2026\/04\/Curso-do-Senar-150x150.webp",150,150,true],"medium":["https:\/\/noticiasbahia360.com.br\/wp-content\/uploads\/2026\/04\/Curso-do-Senar-300x193.webp",300,193,true],"medium_large":["https:\/\/noticiasbahia360.com.br\/wp-content\/uploads\/2026\/04\/Curso-do-Senar-768x495.webp",640,413,true],"large":["https:\/\/noticiasbahia360.com.br\/wp-content\/uploads\/2026\/04\/Curso-do-Senar-1024x660.webp",640,413,true],"1536x1536":["https:\/\/noticiasbahia360.com.br\/wp-content\/uploads\/2026\/04\/Curso-do-Senar.webp",1200,773,false],"2048x2048":["https:\/\/noticiasbahia360.com.br\/wp-content\/uploads\/2026\/04\/Curso-do-Senar.webp",1200,773,false],"chromenews-featured":["https:\/\/noticiasbahia360.com.br\/wp-content\/uploads\/2026\/04\/Curso-do-Senar-1024x660.webp",1024,660,true],"chromenews-large":["https:\/\/noticiasbahia360.com.br\/wp-content\/uploads\/2026\/04\/Curso-do-Senar-825x575.webp",825,575,true],"chromenews-medium":["https:\/\/noticiasbahia360.com.br\/wp-content\/uploads\/2026\/04\/Curso-do-Senar-590x410.webp",590,410,true]},"author_info":{"display_name":"noticiasbahia360.com.br","author_link":"https:\/\/noticiasbahia360.com.br\/?author=1"},"category_info":"<a href=\"https:\/\/noticiasbahia360.com.br\/?cat=8\" rel=\"category\">Bahia<\/a> <a href=\"https:\/\/noticiasbahia360.com.br\/?cat=9\" rel=\"category\">Brasil<\/a> <a href=\"https:\/\/noticiasbahia360.com.br\/?cat=6\" rel=\"category\">Feira de Santana<\/a> <a href=\"https:\/\/noticiasbahia360.com.br\/?cat=57\" rel=\"category\">Mundo<\/a> <a href=\"https:\/\/noticiasbahia360.com.br\/?cat=56\" rel=\"category\">Pol\u00edcia<\/a> <a href=\"https:\/\/noticiasbahia360.com.br\/?cat=10\" rel=\"category\">Pol\u00edtica<\/a>","tag_info":"Pol\u00edtica","comment_count":"0","_links":{"self":[{"href":"https:\/\/noticiasbahia360.com.br\/index.php?rest_route=\/wp\/v2\/posts\/129003","targetHints":{"allow":["GET"]}}],"collection":[{"href":"https:\/\/noticiasbahia360.com.br\/index.php?rest_route=\/wp\/v2\/posts"}],"about":[{"href":"https:\/\/noticiasbahia360.com.br\/index.php?rest_route=\/wp\/v2\/types\/post"}],"author":[{"embeddable":true,"href":"https:\/\/noticiasbahia360.com.br\/index.php?rest_route=\/wp\/v2\/users\/1"}],"replies":[{"embeddable":true,"href":"https:\/\/noticiasbahia360.com.br\/index.php?rest_route=%2Fwp%2Fv2%2Fcomments&post=129003"}],"version-history":[{"count":0,"href":"https:\/\/noticiasbahia360.com.br\/index.php?rest_route=\/wp\/v2\/posts\/129003\/revisions"}],"wp:featuredmedia":[{"embeddable":true,"href":"https:\/\/noticiasbahia360.com.br\/index.php?rest_route=\/wp\/v2\/media\/129004"}],"wp:attachment":[{"href":"https:\/\/noticiasbahia360.com.br\/index.php?rest_route=%2Fwp%2Fv2%2Fmedia&parent=129003"}],"wp:term":[{"taxonomy":"category","embeddable":true,"href":"https:\/\/noticiasbahia360.com.br\/index.php?rest_route=%2Fwp%2Fv2%2Fcategories&post=129003"},{"taxonomy":"post_tag","embeddable":true,"href":"https:\/\/noticiasbahia360.com.br\/index.php?rest_route=%2Fwp%2Fv2%2Ftags&post=129003"}],"curies":[{"name":"wp","href":"https:\/\/api.w.org\/{rel}","templated":true}]}}